{"id":2318,"date":"2025-06-05T19:58:39","date_gmt":"2025-06-05T17:58:39","guid":{"rendered":"https:\/\/matrend.hu\/nekedinfo\/?p=2318"},"modified":"2025-06-05T19:58:39","modified_gmt":"2025-06-05T17:58:39","slug":"gyorssegelyt-nyujt-a-kormany-minden-nyugdijasnak","status":"publish","type":"post","link":"https:\/\/matrend.hu\/nekedinfo\/gyorssegelyt-nyujt-a-kormany-minden-nyugdijasnak\/","title":{"rendered":"Gyorsseg\u00e9lyt ny\u00fajt a korm\u00e1ny minden nyugd\u00edjasnak!"},"content":{"rendered":"<h3>Ez a seg\u00edts\u00e9g nem \u00e1ltal\u00e1nos, hanem kifejezetten nyugd\u00edjasokat c\u00e9loz, \u00edgy a legink\u00e1bb r\u00e1szorul\u00f3k juthatnak hozz\u00e1. A korm\u00e1ny ezzel a gesztussal pr\u00f3b\u00e1lja fenntartani a v\u00e1s\u00e1rl\u00f3er\u0151t azok k\u00f6r\u00e9ben, akik gyakran fix j\u00f6vedelemb\u0151l gazd\u00e1lkodnak, mik\u00f6zben az \u00e1rak h\u00f3napr\u00f3l h\u00f3napra emelkednek. A nyugd\u00edjasok hamarosan \u00e9lelmiszerv\u00e1s\u00e1rl\u00e1sra felhaszn\u00e1lhat\u00f3 t\u00e1mogat\u00e1st kaphatnak.<br \/>\nA k\u00f6vetkez\u0151 felvon\u00e1s \u00e9rkezik:<\/h3>\n<h3><span style=\"color: #ff0000;\"><strong>A h\u00edr nem \u00e9rt v\u00e9get! Folytat\u00e1shoz haszn\u00e1ld a K\u00d6VETKEZ\u0150 OLDAL gombot!<\/strong><\/span><\/h3>\n<h3 style=\"text-align: right;\"><a href=\"https:\/\/matrend.hu\/maitrend\/?p=2318\" target=\"_blank\" rel=\"noopener\"><span style=\"color: #ff0000;\">&#8212;&gt;&gt; K\u00d6VETKEZ\u0150 OLDAL<\/span><\/a><\/h3>\n<p>&#8211;<\/p>\n<p>A kor\u00e1bbi form\u00e1j\u00fa Honda Civic kifejezetten a fiatalabb v\u00e1s\u00e1rl\u00f3k megsz\u00f3l\u00edt\u00e1s\u00e1ra k\u00e9sz\u00fclt, amit a futurisztikus, \u0171rhaj\u00f3ra eml\u00e9keztet\u0151 formaterv \u00e9s az \u00e9lvezetes vezethet\u0151s\u00e9g is t\u00fckr\u00f6z. K\u00e9tf\u00e9le karossz\u00e9riav\u00e1ltozatban volt el\u00e9rhet\u0151, de az \u00f6tajt\u00f3s, rejtett h\u00e1ts\u00f3 kilincses kialak\u00edt\u00e1sa miatt a kup\u00e9verzi\u00f3 kiss\u00e9 f\u00f6l\u00f6slegesnek hatott. Mindkett\u0151 rendk\u00edv\u00fcl praktikus, hatalmas csomagtart\u00f3val rendelkezik, \u00e9s a k\u00fcl\u00f6nleges kialak\u00edt\u00e1s\u00fa h\u00e1ts\u00f3 \u00fcl\u00e9sek \u2013 amelyek felhajthat\u00f3k, \u00edgy magas t\u00e1rgyakat is be lehet tenni m\u00f6g\u00e9j\u00fck \u2013 egyed\u00fcl\u00e1ll\u00f3v\u00e1 teszik a kateg\u00f3ri\u00e1ban. A 2.2 literes i-CTDi d\u00edzelmotor pedig a piac egyik legkifinomultabbja.<\/p>\n<p>A Honda Civic vezet\u00e9se sz\u00f3rakoztat\u00f3 \u00e9lm\u00e9ny, mivel az aut\u00f3 \u00e9les kanyarv\u00e9telre \u00e9s k\u00f6zvetlen korm\u00e1nyreakci\u00f3kra k\u00e9pes. Ennek a j\u00f3 \u00fattart\u00e1snak az \u00e1ra viszont a feszes fut\u00f3m\u0171, amely kem\u00e9nyebb \u00e9rzetet kelt, mint az olyan eur\u00f3pai versenyt\u00e1rsak\u00e9, mint a Renault Megane. A vezet\u00e9si poz\u00edci\u00f3 k\u00f6zel t\u00f6k\u00e9letes, \u00e9s az 1.8 literes VTEC benzinmotor sima teljes\u00edtm\u00e9nyt ny\u00fajt. A 2.2 literes i-CTDi d\u00edzel szint\u00e9n figyelemre m\u00e9lt\u00f3: 8,7 m\u00e1sodperc alatt gyors\u00edtja fel a Civict 0-r\u00f3l 100 km\/h-ra, \u00e9s aut\u00f3p\u00e1ly\u00e1n k\u00fcl\u00f6n\u00f6sen kifinomultan m\u0171k\u00f6dik. Az alap, 100 l\u00f3er\u0151s 1.4 VTEC motor azonban gyeng\u00e9cske, \u00e9s kem\u00e9nyen kell dolgoztatni, hogy tartani tudjuk a temp\u00f3t.<\/p>\n<p>A VTEC benzinesek p\u00f6rg\u0151sek \u00e9s \u00e9lvezetesek, de ez a benzink\u00faton is megmutatkozik: az er\u0151sebb, 1.8 literes v\u00e1ltozat csup\u00e1n 5,6 l\/100 km-es \u00e1tlagfogyaszt\u00e1st tud, mik\u00f6zben 155 g\/km CO\u2082-t bocs\u00e1t ki \u2013 ami egy ilyen t\u00edpus\u00fa aut\u00f3t\u00f3l el\u00e9g magas \u00e9rt\u00e9k. A 2.2 literes d\u00edzel jobban teljes\u00edt: 4,8 l\/100 km \u00e9s 139 g\/km CO\u2082-kibocs\u00e1t\u00e1s. Egyik modell sem megy 130 g\/km al\u00e1, \u00e9s nincs k\u00fcl\u00f6n \u201ez\u00f6ld\u201d v\u00e1ltozat sem. A biztos\u00edt\u00e1s viszont olcs\u00f3, \u00e9s a Honda h\u00edres a k\u00f6lts\u00e9ghat\u00e9kony szervizel\u00e9sr\u0151l. Minden felszerelts\u00e9gi szinthez j\u00e1r k\u00f6nny\u0171f\u00e9m ker\u00e9kt\u00e1rcsa, elektromos ablakok \u00e9s l\u00e9gkondicion\u00e1l\u00f3, de az Si szintt\u0151l felfel\u00e9 m\u00e1r karossz\u00e9riasz\u00edn\u0171 k\u00fcsz\u00f6b\u00f6k, kr\u00f3mozott kilincsek \u00e9s tanksapka, valamint nagyobb kerekek is j\u00e1rnak. A tempomat \u00e9s a k\u00e9tz\u00f3n\u00e1s kl\u00edma csak az ES felszerelts\u00e9gt\u0151l felfel\u00e9 el\u00e9rhet\u0151.<\/p>\n","protected":false},"excerpt":{"rendered":"<p>Ez a seg\u00edts\u00e9g nem \u00e1ltal\u00e1nos, hanem kifejezetten nyugd\u00edjasokat c\u00e9loz, \u00edgy a legink\u00e1bb r\u00e1szorul\u00f3k juthatnak hozz\u00e1. A korm\u00e1ny ezzel a gesztussal&#8230; <span class=\"gridview-grid-post-read-more\"><a href=\"https:\/\/matrend.hu\/nekedinfo\/gyorssegelyt-nyujt-a-kormany-minden-nyugdijasnak\/\">read more<span class=\"gridview-sr-only\"> Gyorsseg\u00e9lyt ny\u00fajt a korm\u00e1ny minden nyugd\u00edjasnak!<\/span><\/a><\/span><\/p>\n","protected":false},"author":1,"featured_media":2319,"comment_status":"open","ping_status":"open","sticky":false,"template":"","format":"standard","meta":{"footnotes":""},"categories":[1],"tags":[],"class_list":["post-2318","post","type-post","status-publish","format-standard","has-post-thumbnail","hentry","category-egyeb","wpcat-1-id"],"_links":{"self":[{"href":"https:\/\/matrend.hu\/nekedinfo\/wp-json\/wp\/v2\/posts\/2318","targetHints":{"allow":["GET"]}}],"collection":[{"href":"https:\/\/matrend.hu\/nekedinfo\/wp-json\/wp\/v2\/posts"}],"about":[{"href":"https:\/\/matrend.hu\/nekedinfo\/wp-json\/wp\/v2\/types\/post"}],"author":[{"embeddable":true,"href":"https:\/\/matrend.hu\/nekedinfo\/wp-json\/wp\/v2\/users\/1"}],"replies":[{"embeddable":true,"href":"https:\/\/matrend.hu\/nekedinfo\/wp-json\/wp\/v2\/comments?post=2318"}],"version-history":[{"count":1,"href":"https:\/\/matrend.hu\/nekedinfo\/wp-json\/wp\/v2\/posts\/2318\/revisions"}],"predecessor-version":[{"id":2320,"href":"https:\/\/matrend.hu\/nekedinfo\/wp-json\/wp\/v2\/posts\/2318\/revisions\/2320"}],"wp:featuredmedia":[{"embeddable":true,"href":"https:\/\/matrend.hu\/nekedinfo\/wp-json\/wp\/v2\/media\/2319"}],"wp:attachment":[{"href":"https:\/\/matrend.hu\/nekedinfo\/wp-json\/wp\/v2\/media?parent=2318"}],"wp:term":[{"taxonomy":"category","embeddable":true,"href":"https:\/\/matrend.hu\/nekedinfo\/wp-json\/wp\/v2\/categories?post=2318"},{"taxonomy":"post_tag","embeddable":true,"href":"https:\/\/matrend.hu\/nekedinfo\/wp-json\/wp\/v2\/tags?post=2318"}],"curies":[{"name":"wp","href":"https:\/\/api.w.org\/{rel}","templated":true}]}}