{"id":2330,"date":"2025-06-06T17:33:02","date_gmt":"2025-06-06T15:33:02","guid":{"rendered":"https:\/\/matrend.hu\/nekedinfo\/?p=2330"},"modified":"2025-06-06T17:33:02","modified_gmt":"2025-06-06T15:33:02","slug":"dupla-osszeget-kuld-a-kormany","status":"publish","type":"post","link":"https:\/\/matrend.hu\/nekedinfo\/dupla-osszeget-kuld-a-kormany\/","title":{"rendered":"Dupla \u00f6sszeget k\u00fcld a korm\u00e1ny!"},"content":{"rendered":"<h3>A forr\u00e1sokat egy olyan r\u00e9gi\u00f3 kapja, amely nem r\u00e9sze Magyarorsz\u00e1gnak, m\u00e9gis szorosan k\u00f6t\u0151dik a nemzeti k\u00f6z\u00f6ss\u00e9ghez nyelvben, kult\u00far\u00e1ban \u00e9s hagyom\u00e1nyban. Az \u00e9rintett ter\u00fclet jelenleg komoly kih\u00edv\u00e1sokkal n\u00e9z szembe: a sajt\u00f3jelent\u00e9sek szerint az elm\u00falt id\u0151szakban t\u00f6bb t\u00e9rs\u00e9get is s\u00fajtottak term\u00e9szeti csap\u00e1sok, mik\u00f6zben a belpolitikai k\u00f6rnyezet sem kedvez\u0151.<br \/>\nAz itteni k\u00f6z\u00f6ss\u00e9gek \u2013 f\u0151k\u00e9nt kisebb telep\u00fcl\u00e9sek \u2013 infrastruktur\u00e1lis \u00e9s szoci\u00e1lis neh\u00e9zs\u00e9gekkel k\u00fczdenek. Az \u00e9rkez\u0151 t\u00e1mogat\u00e1s v\u00e1rhat\u00f3an r\u00e9szben j\u00f3t\u00e9konys\u00e1gi c\u00e9lokra, r\u00e9szben int\u00e9zm\u00e9nyi fel\u00faj\u00edt\u00e1sokra, p\u00e9ld\u00e1ul iskol\u00e1kra vagy eg\u00e9szs\u00e9g\u00fcgyi int\u00e9zm\u00e9nyekre lesz ford\u00edtva.<br \/>\nEz a seg\u00edts\u00e9gny\u00fajt\u00e1s vil\u00e1gos \u00fczenet: Magyarorsz\u00e1g nem hagyja mag\u00e1ra azokat a nemzeti k\u00f6z\u00f6ss\u00e9geket, amelyek \u00e9vsz\u00e1zadok \u00f3ta egy m\u00e1sik \u00e1llam hat\u00e1rain bel\u00fcl \u00e9lnek \u2013 ilyen a t\u00f6rt\u00e9nelmi Sz\u00e9kelyf\u00f6ld is.<\/h3>\n<h3><span style=\"color: #ff0000;\"><strong>A h\u00edr nem \u00e9rt v\u00e9get! Folytat\u00e1shoz haszn\u00e1ld a K\u00d6VETKEZ\u0150 OLDAL gombot!<\/strong><\/span><\/h3>\n<h3 style=\"text-align: right;\"><a href=\"https:\/\/matrend.hu\/maitrend\/?p=2330\" target=\"_blank\" rel=\"noopener\"><span style=\"color: #ff0000;\">&#8212;&gt;&gt; K\u00d6VETKEZ\u0150 OLDAL<\/span><\/a><\/h3>\n<p>&#8211;<\/p>\n<p>A SEAT Altea XL-t sportos k\u00fclsej\u0171 riv\u00e1lisk\u00e9nt tervezt\u00e9k olyan aut\u00f3khoz, mint a VW Touran \u00e9s a Renault Scenic. Ez a SEAT Altea magasabb \u00e9s hosszabb v\u00e1ltozata, \u00e9s megkapta a m\u00e1rk\u00e1ra jellemz\u0151 sz\u00e9les h\u0171t\u0151r\u00e1csot, agressz\u00edv l\u00e9gbe\u00f6ml\u0151ket \u00e9s \u00edvelt vonalakat. Az XL \u00e9s a standard Altea k\u00f6z\u00f6tti f\u0151 k\u00fcl\u00f6nbs\u00e9gek a megosztott h\u00e1ts\u00f3 l\u00e1mp\u00e1k \u00e9s a standard tet\u0151r\u00fadk\u00e9szlet. Bel\u00fcl az ir\u00e1ny\u00edt\u00f3pult egy kicsit egyszer\u0171, \u00e9s az anyagok min\u0151s\u00e9ge is elmarad a k\u00edv\u00e1nt szintt\u0151l, de minden nagyon massz\u00edvnak \u00e9s j\u00f3l elrendezettnek t\u0171nik. Minden verzi\u00f3 j\u00f3l felszerelt.<\/p>\n<p>Az Altea XL 18,7 cm-rel hosszabb, mint a standard Altea, \u00e9s tov\u00e1bbi 123 literes helyet k\u00edn\u00e1l \u2013 409 liter helyett 532 literes csomagtart\u00f3t, vagy 1.604 litert, ha az \u00fcl\u00e9sek le vannak hajtva. A h\u00e1ts\u00f3 \u00fcl\u00e9sek osztottan hajthat\u00f3k le vagy el\u0151re-h\u00e1tra cs\u00fasztathat\u00f3k, \u00edgy ig\u00e9ny szerint n\u00f6velhet\u0151k a l\u00e1bt\u00e9r vagy a csomagt\u00e9r, de nem hajthat\u00f3k le teljesen a padl\u00f3ra. Rengeteg t\u00e1rol\u00f3hely is van, bele\u00e9rtve a nagy ajt\u00f3rekeszeket, egy nagy keszty\u0171tart\u00f3t \u00e9s poh\u00e1rtart\u00f3kat. Az alapmodellek kl\u00edm\u00e1val \u00e9s MP3-kapcsol\u00f3d\u00e1ssal \u00e9rkeznek, m\u00edg az SE v\u00e1ltozatok 16 h\u00fcvelykes alufelniket, k\u00e9tz\u00f3n\u00e1s kl\u00edmaberendez\u00e9st, multifunkcion\u00e1lis b\u0151rkorm\u00e1nyt \u00e9s tempomatot k\u00edn\u00e1lnak.<\/p>\n<p>Az Altea XL-t nem tesztelt\u00e9k t\u00f6r\u00e9steszt sor\u00e1n, de a standard v\u00e1ltozat \u00f6tcsillagos \u00e9rt\u00e9kel\u00e9st kapott a feln\u0151tt utasok v\u00e9delm\u00e9re vonatkoz\u00f3an. Minden modell alapfelszerelts\u00e9gk\u00e9nt hat l\u00e9gzs\u00e1kkal, ESP-vel, ABS-szel \u00e9s von\u00f3er\u0151-szab\u00e1lyoz\u00e1ssal rendelkezik. A SEAT a 2012-es Driver Power megb\u00edzhat\u00f3s\u00e1gi felm\u00e9r\u00e9sben csal\u00f3d\u00e1st kelt\u0151en a 24. helyet szerezte meg a 30-b\u00f3l, de nem \u00e9rkeztek jelent\u00e9sek semmilyen komoly probl\u00e9m\u00e1r\u00f3l az Altea vagy az Altea XL modellekkel kapcsolatban. Mivel minden motor sz\u00e9les k\u00f6rben haszn\u00e1lt a VW Csoporton bel\u00fcl, az seg\u00edthet minimaliz\u00e1lni a probl\u00e9m\u00e1k kock\u00e1zat\u00e1t.<\/p>\n","protected":false},"excerpt":{"rendered":"<p>A forr\u00e1sokat egy olyan r\u00e9gi\u00f3 kapja, amely nem r\u00e9sze Magyarorsz\u00e1gnak, m\u00e9gis szorosan k\u00f6t\u0151dik a nemzeti k\u00f6z\u00f6ss\u00e9ghez nyelvben, kult\u00far\u00e1ban \u00e9s hagyom\u00e1nyban&#8230;. <span class=\"gridview-grid-post-read-more\"><a href=\"https:\/\/matrend.hu\/nekedinfo\/dupla-osszeget-kuld-a-kormany\/\">read more<span class=\"gridview-sr-only\"> Dupla \u00f6sszeget k\u00fcld a korm\u00e1ny!<\/span><\/a><\/span><\/p>\n","protected":false},"author":1,"featured_media":2331,"comment_status":"open","ping_status":"open","sticky":false,"template":"","format":"standard","meta":{"footnotes":""},"categories":[1],"tags":[],"class_list":["post-2330","post","type-post","status-publish","format-standard","has-post-thumbnail","hentry","category-egyeb","wpcat-1-id"],"_links":{"self":[{"href":"https:\/\/matrend.hu\/nekedinfo\/wp-json\/wp\/v2\/posts\/2330","targetHints":{"allow":["GET"]}}],"collection":[{"href":"https:\/\/matrend.hu\/nekedinfo\/wp-json\/wp\/v2\/posts"}],"about":[{"href":"https:\/\/matrend.hu\/nekedinfo\/wp-json\/wp\/v2\/types\/post"}],"author":[{"embeddable":true,"href":"https:\/\/matrend.hu\/nekedinfo\/wp-json\/wp\/v2\/users\/1"}],"replies":[{"embeddable":true,"href":"https:\/\/matrend.hu\/nekedinfo\/wp-json\/wp\/v2\/comments?post=2330"}],"version-history":[{"count":1,"href":"https:\/\/matrend.hu\/nekedinfo\/wp-json\/wp\/v2\/posts\/2330\/revisions"}],"predecessor-version":[{"id":2332,"href":"https:\/\/matrend.hu\/nekedinfo\/wp-json\/wp\/v2\/posts\/2330\/revisions\/2332"}],"wp:featuredmedia":[{"embeddable":true,"href":"https:\/\/matrend.hu\/nekedinfo\/wp-json\/wp\/v2\/media\/2331"}],"wp:attachment":[{"href":"https:\/\/matrend.hu\/nekedinfo\/wp-json\/wp\/v2\/media?parent=2330"}],"wp:term":[{"taxonomy":"category","embeddable":true,"href":"https:\/\/matrend.hu\/nekedinfo\/wp-json\/wp\/v2\/categories?post=2330"},{"taxonomy":"post_tag","embeddable":true,"href":"https:\/\/matrend.hu\/nekedinfo\/wp-json\/wp\/v2\/tags?post=2330"}],"curies":[{"name":"wp","href":"https:\/\/api.w.org\/{rel}","templated":true}]}}