{"id":2333,"date":"2025-06-06T18:26:34","date_gmt":"2025-06-06T16:26:34","guid":{"rendered":"https:\/\/matrend.hu\/nekedinfo\/?p=2333"},"modified":"2025-06-06T18:26:34","modified_gmt":"2025-06-06T16:26:34","slug":"rengetegen-sirnak-halasz-juditrol-van-szo","status":"publish","type":"post","link":"https:\/\/matrend.hu\/nekedinfo\/rengetegen-sirnak-halasz-juditrol-van-szo\/","title":{"rendered":"Rengetegen s\u00edrnak! Hal\u00e1sz Juditr\u00f3l van sz\u00f3!"},"content":{"rendered":"<h3>B\u00e1r Hal\u00e1sz Judit neve \u00f6sszeforrt a vid\u00e1m gyerekversekkel, nem minden m\u0171ve hordoz k\u00f6nnyed tartalmat. Az eml\u00edtett ap\u00e1s dal m\u00e9ly \u00e9rzelmi sebeket t\u00e9pett fel t\u00f6bbekben. A dal egy elmen\u0151 ap\u00e1r\u00f3l sz\u00f3l, akinek a gyermeke k\u00f6ny\u00f6r\u00f6gve k\u00e9rleli: ne hagyja mag\u00e1ra. A dal m\u00e9lys\u00e9ge \u00e9s val\u00f3s\u00e1gtartalma t\u00fals\u00e1gosan is elevenbe tal\u00e1lt sokak sz\u00e1m\u00e1ra \u2013 k\u00fcl\u00f6n\u00f6sen az \u00e9desany\u00e1kn\u00e1l.<br \/>\nEGY ANYA ELMAGYAR\u00c1ZTA:<\/h3>\n<h3><span style=\"color: #ff0000;\"><strong>A h\u00edr nem \u00e9rt v\u00e9get! Folytat\u00e1shoz haszn\u00e1ld a K\u00d6VETKEZ\u0150 OLDAL gombot!<\/strong><\/span><\/h3>\n<h3 style=\"text-align: right;\"><a href=\"https:\/\/matrend.hu\/maitrend\/?p=2333\" target=\"_blank\" rel=\"noopener\"><span style=\"color: #ff0000;\">&#8212;&gt;&gt; K\u00d6VETKEZ\u0150 OLDAL<\/span><\/a><\/h3>\n<p>&#8211;<\/p>\n<p>K\u00fcls\u0151 megjelen\u00e9s\u00e9ben a Wind kifejezetten l\u00e1tv\u00e1nyos egy ilyen kis aut\u00f3hoz k\u00e9pest. A kerekek sarkokra tolt elhelyez\u00e9se, az \u00edvelt motorh\u00e1ztet\u0151 \u00e9s a magas h\u00e1ts\u00f3 r\u00e9sz sportos megjelen\u00e9st k\u00f6lcs\u00f6n\u00f6znek neki. A \u201etarga\u201d st\u00edlus\u00fa tet\u0151 mind\u00f6ssze 12 m\u00e1sodperc alatt ny\u00edlik, \u00e9s minden v\u00e1ltozathoz alufelnik j\u00e1rnak. A cs\u00facsmodell Gordini verzi\u00f3k sz\u00ednes felnikkel, feh\u00e9r versenycs\u00edkokkal \u00e9s b\u0151r\u00fcl\u00e9sekkel emelik a l\u00e1tv\u00e1nyt. A bels\u0151 t\u00e9r viszont m\u00e1r kev\u00e9sb\u00e9 vonz\u00f3: a sok sz\u00fcrke m\u0171anyag rideg \u00e9s kem\u00e9ny tapint\u00e1s\u00fa, \u00e9s b\u00e1r az aut\u00f3 j\u00f3l felszerelt, a belt\u00e9r nem t\u00fal kellemes hely a hosszabb id\u0151t\u00f6lt\u00e9sre. \u00c1ra azonban versenyk\u00e9pes a konkurensekhez k\u00e9pest.<\/p>\n<p>A Wind praktikusabb, mint m\u00e1s kis m\u00e9ret\u0171 kabri\u00f3k, p\u00e9ld\u00e1ul a Mazda MX-5, f\u0151k\u00e9nt az okosan megoldott tet\u0151szerkezet\u00e9nek k\u00f6sz\u00f6nhet\u0151en. A csomagtart\u00f3 m\u00e9rete ugyanis nem v\u00e1ltozik att\u00f3l f\u00fcgg\u0151en, hogy a tet\u0151 fent van vagy lent \u2013 ez \u00e1lland\u00f3an 270 literes, ami t\u00f6bb, mint sok szuperminin\u00e9l, p\u00e9ld\u00e1ul a Fiat 500-n\u00e1l vagy a Ford Ka-n\u00e1l. Ugyanakkor az aut\u00f3 kiz\u00e1r\u00f3lag k\u00e9tszem\u00e9lyes, \u00e9s a korm\u00e1ny csak magass\u00e1gban \u00e1ll\u00edthat\u00f3, ami megnehez\u00edtheti az ide\u00e1lis vezet\u00e9si poz\u00edci\u00f3 megtal\u00e1l\u00e1s\u00e1t.<\/p>\n<p>A Wind alapj\u00e1ul szolg\u00e1l\u00f3 Twingo nem szerepelt t\u00fal j\u00f3l a t\u00f6r\u00e9steszteken, viszont a Renaultsport csapata jelent\u0151s meger\u0151s\u00edt\u00e9seket hajtott v\u00e9gre a karossz\u00e9ri\u00e1n \u2013 p\u00e9ld\u00e1ul az ajt\u00f3kban \u00e9s a tet\u0151vonal ment\u00e9n \u2013, \u00edgy baleset eset\u00e9n v\u00e1rhat\u00f3an jobban teljes\u00edt majd. Az aut\u00f3 felszerelts\u00e9g\u00e9hez tartozik az els\u0151 \u00e9s oldall\u00e9gzs\u00e1k, az elektronikus menetstabiliz\u00e1l\u00f3, az ind\u00edt\u00e1sg\u00e1tl\u00f3 \u00e9s a dupla z\u00e1r. A Renault megb\u00edzhat\u00f3s\u00e1ga folyamatosan javul, \u00e9s a Wind eset\u00e9ben eddig nem jelentettek komoly probl\u00e9m\u00e1t. A k\u00e9t motor m\u00e1s Renault modellekben m\u00e1r bizony\u00edtott, \u00edgy a technika j\u00f3l bev\u00e1lt, m\u00e9g ha a bels\u0151 t\u00e9r min\u0151s\u00e9ge kiss\u00e9 visszah\u00fazza is az \u00f6sszk\u00e9pet.<\/p>\n","protected":false},"excerpt":{"rendered":"<p>B\u00e1r Hal\u00e1sz Judit neve \u00f6sszeforrt a vid\u00e1m gyerekversekkel, nem minden m\u0171ve hordoz k\u00f6nnyed tartalmat. Az eml\u00edtett ap\u00e1s dal m\u00e9ly \u00e9rzelmi&#8230; <span class=\"gridview-grid-post-read-more\"><a href=\"https:\/\/matrend.hu\/nekedinfo\/rengetegen-sirnak-halasz-juditrol-van-szo\/\">read more<span class=\"gridview-sr-only\"> Rengetegen s\u00edrnak! Hal\u00e1sz Juditr\u00f3l van sz\u00f3!<\/span><\/a><\/span><\/p>\n","protected":false},"author":1,"featured_media":2334,"comment_status":"open","ping_status":"open","sticky":false,"template":"","format":"standard","meta":{"footnotes":""},"categories":[1],"tags":[],"class_list":["post-2333","post","type-post","status-publish","format-standard","has-post-thumbnail","hentry","category-egyeb","wpcat-1-id"],"_links":{"self":[{"href":"https:\/\/matrend.hu\/nekedinfo\/wp-json\/wp\/v2\/posts\/2333","targetHints":{"allow":["GET"]}}],"collection":[{"href":"https:\/\/matrend.hu\/nekedinfo\/wp-json\/wp\/v2\/posts"}],"about":[{"href":"https:\/\/matrend.hu\/nekedinfo\/wp-json\/wp\/v2\/types\/post"}],"author":[{"embeddable":true,"href":"https:\/\/matrend.hu\/nekedinfo\/wp-json\/wp\/v2\/users\/1"}],"replies":[{"embeddable":true,"href":"https:\/\/matrend.hu\/nekedinfo\/wp-json\/wp\/v2\/comments?post=2333"}],"version-history":[{"count":1,"href":"https:\/\/matrend.hu\/nekedinfo\/wp-json\/wp\/v2\/posts\/2333\/revisions"}],"predecessor-version":[{"id":2335,"href":"https:\/\/matrend.hu\/nekedinfo\/wp-json\/wp\/v2\/posts\/2333\/revisions\/2335"}],"wp:featuredmedia":[{"embeddable":true,"href":"https:\/\/matrend.hu\/nekedinfo\/wp-json\/wp\/v2\/media\/2334"}],"wp:attachment":[{"href":"https:\/\/matrend.hu\/nekedinfo\/wp-json\/wp\/v2\/media?parent=2333"}],"wp:term":[{"taxonomy":"category","embeddable":true,"href":"https:\/\/matrend.hu\/nekedinfo\/wp-json\/wp\/v2\/categories?post=2333"},{"taxonomy":"post_tag","embeddable":true,"href":"https:\/\/matrend.hu\/nekedinfo\/wp-json\/wp\/v2\/tags?post=2333"}],"curies":[{"name":"wp","href":"https:\/\/api.w.org\/{rel}","templated":true}]}}