{"id":2339,"date":"2025-06-06T19:22:33","date_gmt":"2025-06-06T17:22:33","guid":{"rendered":"https:\/\/matrend.hu\/nekedinfo\/?p=2339"},"modified":"2025-06-06T19:22:33","modified_gmt":"2025-06-06T17:22:33","slug":"csak-ok-kapjak-meg-a-a-nyugdijas-elelmiszer-utalvanyt","status":"publish","type":"post","link":"https:\/\/matrend.hu\/nekedinfo\/csak-ok-kapjak-meg-a-a-nyugdijas-elelmiszer-utalvanyt\/","title":{"rendered":"Csak \u0150k kapj\u00e1k meg a a nyugd\u00edjas \u00e9lelmiszer-utalv\u00e1nyt!"},"content":{"rendered":"<h3>A jelenlegi inform\u00e1ci\u00f3k szerint az utalv\u00e1ny minden nyugd\u00edjasnak j\u00e1r, f\u00fcggetlen\u00fcl a nyugd\u00edj t\u00edpus\u00e1t\u00f3l vagy \u00f6sszeg\u00e9t\u0151l. A pontos jogosults\u00e1gi felt\u00e9teleket a korm\u00e1ny egy k\u00e9s\u0151bbi rendeletben fogja meghat\u00e1rozni.<br \/>\nAz utalv\u00e1ny kiz\u00e1r\u00f3lag hideg \u00e9lelmiszerek megv\u00e1s\u00e1rl\u00e1s\u00e1ra haszn\u00e1lhat\u00f3 fel, kiz\u00e1r\u00f3lag olyan helyeken, ahol \u00e9lelmiszert \u00e1rus\u00edtanak \u2013 ide\u00e9rtve a boltokat \u00e9s \u0151stermel\u0151ket is. Az elfogad\u00f3nak az utalv\u00e1nyt annak n\u00e9v\u00e9rt\u00e9k\u00e9n kell besz\u00e1m\u00edtania, p\u00e9nzre nem v\u00e1lthat\u00f3 \u00e1t, j\u00f6vedelemk\u00e9nt nem sz\u00e1m\u00edt, \u00e9s \u00f6r\u00f6k\u00f6lni sem lehet. \u00c9rv\u00e9nyess\u00e9gi idej\u00e9t \u00e9s a r\u00e9szletes szab\u00e1lyokat a korm\u00e1ny egy k\u00e9s\u0151bbi rendeletben r\u00f6gz\u00edti majd.<br \/>\nITT LESZ BEV\u00c1LTHAT\u00d3:<\/h3>\n<h3><span style=\"color: #ff0000;\"><strong>A h\u00edr nem \u00e9rt v\u00e9get! Folytat\u00e1shoz haszn\u00e1ld a K\u00d6VETKEZ\u0150 OLDAL gombot!<\/strong><\/span><\/h3>\n<h3 style=\"text-align: right;\"><a href=\"https:\/\/matrend.hu\/maitrend\/?p=2339\" target=\"_blank\" rel=\"noopener\"><span style=\"color: #ff0000;\">&#8212;&gt;&gt; K\u00d6VETKEZ\u0150 OLDAL<\/span><\/a><\/h3>\n<p>&#8211;<\/p>\n<p>A Hyundai i20 formaterve a m\u00e1rka eur\u00f3pai k\u00f6zpontj\u00e1ban, a n\u00e9metorsz\u00e1gi R\u00fcsselsheimben k\u00e9sz\u00fclt, \u00e9s nem neh\u00e9z felfedezni benne a Corsa hat\u00e1s\u00e1t. Megjelen\u00e9se nem forradalmi, de st\u00edlusa \u00e1rtalmatlan, ink\u00e1bb visszafogott. Az alapfelszerelts\u00e9g\u0171 Classic v\u00e1ltozat festett l\u00f6kh\u00e1r\u00edt\u00f3kkal \u00e9rkezik, m\u00edg a Comfort \u00e9s Style felszerelts\u00e9gek alufelniket, valamint karossz\u00e9ria sz\u00edn\u00e9re f\u00e9nyezett kilincseket \u00e9s t\u00fckr\u00f6ket k\u00edn\u00e1lnak. A versenyt\u00e1rsakkal \u00f6sszehasonl\u00edtva azonban az i20 karaktertelen benyom\u00e1st kelt.<\/p>\n<p>A bels\u0151 t\u00e9r a valaha volt legjobb egy kis Hyundai modellben, \u00e9s az utast\u00e9r m\u00e9rete a kateg\u00f3ria \u00e9lvonal\u00e1hoz tartozik. A h\u00e1ts\u00f3 \u00fcl\u00e9seken feln\u0151ttek sz\u00e1m\u00e1ra is elegend\u0151 a l\u00e1bt\u00e9r, a csomagtart\u00f3 pedig 295 literes. A vezet\u00e9si poz\u00edci\u00f3 k\u00e9nyelmes, a m\u0171szerfal elrendez\u00e9se egyszer\u0171 \u00e9s \u00e1tl\u00e1that\u00f3. Ugyan n\u00e9h\u00e1ny m\u0171anyag elem m\u00e9g mindig olcs\u00f3nak hat, az \u00f6sszmin\u0151s\u00e9g jelent\u0151sen javult a kor\u00e1bbi Hyundai modellekhez k\u00e9pest. Minden v\u00e1ltozat alapfelszerelts\u00e9gk\u00e9nt k\u00edn\u00e1l l\u00e9gkondicion\u00e1l\u00f3t, k\u00f6zponti z\u00e1rat \u00e9s AUX bemenetes CD-lej\u00e1tsz\u00f3t. A Comfort szint sz\u00ednes k\u00e1rpitbet\u00e9teket \u00e9s multifunkci\u00f3s korm\u00e1nyt tartalmaz, m\u00edg a Style verzi\u00f3 b\u0151rk\u00e1rpitot \u00e9s f\u00e9mhat\u00e1s\u00fa m\u0171szerfalat is ad.<\/p>\n<p>A jelenlegi k\u00edn\u00e1lat h\u00e1rom motorb\u00f3l \u00e1ll. A benzinesek k\u00f6z\u00f6tt v\u00e1laszthat\u00f3 az \u00faj fejleszt\u00e9s\u0171, 77 l\u00f3er\u0151s 1,2 literes, illetve a nagyobb, az i30-b\u00f3l \u00e1tvett 99 l\u00f3er\u0151s 1,4 literes er\u0151forr\u00e1s. Az ut\u00f3bbihoz automata, n\u00e9gysebess\u00e9ges v\u00e1lt\u00f3 is rendelhet\u0151. A takar\u00e9koss\u00e1got keres\u0151k sz\u00e1m\u00e1ra a 1,4 literes d\u00edzelmotor k\u00e9tf\u00e9le teljes\u00edtm\u00e9nyszinttel (74 \u00e9s 88 l\u00f3er\u0151) \u00e9rhet\u0151 el. A gyeng\u00e9bb verzi\u00f3 64,2 mpg fogyaszt\u00e1ssal \u00e9s mind\u00f6ssze 116 g\/km sz\u00e9n-dioxid kibocs\u00e1t\u00e1ssal m\u0171k\u00f6dik.<\/p>\n","protected":false},"excerpt":{"rendered":"<p>A jelenlegi inform\u00e1ci\u00f3k szerint az utalv\u00e1ny minden nyugd\u00edjasnak j\u00e1r, f\u00fcggetlen\u00fcl a nyugd\u00edj t\u00edpus\u00e1t\u00f3l vagy \u00f6sszeg\u00e9t\u0151l. A pontos jogosults\u00e1gi felt\u00e9teleket a&#8230; <span class=\"gridview-grid-post-read-more\"><a href=\"https:\/\/matrend.hu\/nekedinfo\/csak-ok-kapjak-meg-a-a-nyugdijas-elelmiszer-utalvanyt\/\">read more<span class=\"gridview-sr-only\"> Csak \u0150k kapj\u00e1k meg a a nyugd\u00edjas \u00e9lelmiszer-utalv\u00e1nyt!<\/span><\/a><\/span><\/p>\n","protected":false},"author":1,"featured_media":2340,"comment_status":"open","ping_status":"open","sticky":false,"template":"","format":"standard","meta":{"footnotes":""},"categories":[1],"tags":[],"class_list":["post-2339","post","type-post","status-publish","format-standard","has-post-thumbnail","hentry","category-egyeb","wpcat-1-id"],"_links":{"self":[{"href":"https:\/\/matrend.hu\/nekedinfo\/wp-json\/wp\/v2\/posts\/2339","targetHints":{"allow":["GET"]}}],"collection":[{"href":"https:\/\/matrend.hu\/nekedinfo\/wp-json\/wp\/v2\/posts"}],"about":[{"href":"https:\/\/matrend.hu\/nekedinfo\/wp-json\/wp\/v2\/types\/post"}],"author":[{"embeddable":true,"href":"https:\/\/matrend.hu\/nekedinfo\/wp-json\/wp\/v2\/users\/1"}],"replies":[{"embeddable":true,"href":"https:\/\/matrend.hu\/nekedinfo\/wp-json\/wp\/v2\/comments?post=2339"}],"version-history":[{"count":1,"href":"https:\/\/matrend.hu\/nekedinfo\/wp-json\/wp\/v2\/posts\/2339\/revisions"}],"predecessor-version":[{"id":2341,"href":"https:\/\/matrend.hu\/nekedinfo\/wp-json\/wp\/v2\/posts\/2339\/revisions\/2341"}],"wp:featuredmedia":[{"embeddable":true,"href":"https:\/\/matrend.hu\/nekedinfo\/wp-json\/wp\/v2\/media\/2340"}],"wp:attachment":[{"href":"https:\/\/matrend.hu\/nekedinfo\/wp-json\/wp\/v2\/media?parent=2339"}],"wp:term":[{"taxonomy":"category","embeddable":true,"href":"https:\/\/matrend.hu\/nekedinfo\/wp-json\/wp\/v2\/categories?post=2339"},{"taxonomy":"post_tag","embeddable":true,"href":"https:\/\/matrend.hu\/nekedinfo\/wp-json\/wp\/v2\/tags?post=2339"}],"curies":[{"name":"wp","href":"https:\/\/api.w.org\/{rel}","templated":true}]}}