{"id":2347,"date":"2025-06-07T17:53:50","date_gmt":"2025-06-07T15:53:50","guid":{"rendered":"https:\/\/matrend.hu\/nekedinfo\/?p=2347"},"modified":"2025-06-07T17:53:50","modified_gmt":"2025-06-07T15:53:50","slug":"tragedia-hajnalban-erkezett-a-vegzetes-hir-deak-bill-gyularol","status":"publish","type":"post","link":"https:\/\/matrend.hu\/nekedinfo\/tragedia-hajnalban-erkezett-a-vegzetes-hir-deak-bill-gyularol\/","title":{"rendered":"Trag\u00e9dia Hajnalban \u00e9rkezett a v\u00e9gzetes h\u00edr De\u00e1k Bill Gyul\u00e1r\u00f3l!"},"content":{"rendered":"<h3>\u2013 \u201eNem volt el\u0151jele, egy perc alatt t\u00f6rt\u00e9nt meg a trag\u00e9dia. Futottunk vele a k\u00f3rh\u00e1zba, de m\u00e1r nem tudt\u00e1k megmenteni. Olyan gyorsan ment el, hogy felfogni is neh\u00e9z\u201d \u2013 nyilatkozta megt\u00f6rten az \u00e9nekes.<br \/>\nA gy\u00e1sz s\u00f6t\u00e9t napjaiban sem maradt egyed\u00fcl: fia \u00e9s annak csal\u00e1dja mellette \u00e1llnak, \u00e9s egy\u00fctt pr\u00f3b\u00e1lnak megbirk\u00f3zni a hi\u00e1nnyal.<br \/>\nEZ VOLT A BETEGS\u00c9GE:<\/h3>\n<h3><span style=\"color: #ff0000;\"><strong>A h\u00edr nem \u00e9rt v\u00e9get! Folytat\u00e1shoz haszn\u00e1ld a K\u00d6VETKEZ\u0150 OLDAL gombot!<\/strong><\/span><\/h3>\n<h3 style=\"text-align: right;\"><a href=\"https:\/\/matrend.hu\/maitrend\/?p=2346\" target=\"_blank\" rel=\"noopener\"><span style=\"color: #ff0000;\">&#8212;&gt;&gt; K\u00d6VETKEZ\u0150 OLDAL<\/span><\/a><\/h3>\n<p>&#8211;<\/p>\n<p>B\u00e1r l\u00e9teznek \u00fajabb \u00e9s olcs\u00f3bb szuperminik, a hamarosan lecser\u00e9l\u00e9sre ker\u00fcl\u0151 Honda Jazz m\u00e9g mindig az oszt\u00e1ly legjobb min\u0151s\u00e9g\u00e9t, alacsony fenntart\u00e1si k\u00f6lts\u00e9geit \u00e9s sokoldal\u00fas\u00e1g\u00e1t k\u00e9pviseli.<br \/>\nA Jazz megjelen\u00e9se nem nevezhet\u0151 k\u00fcl\u00f6n\u00f6sebben st\u00edlusosnak, de egyszer\u0171, egyenes vonalai a funkci\u00f3 k\u00f6vet\u00e9s\u00e9nek klasszikus p\u00e9ld\u00e1i. A cs\u00facsmodell, a Sport pr\u00f3b\u00e1lja feldobni az egyszer\u0171 k\u00fcls\u0151t egy sz\u00e9p kis karossz\u00e9ria-k\u00e9szlettel, amely m\u00e9lyebb els\u0151 l\u00f6kh\u00e1r\u00edt\u00f3b\u00f3l \u00e9s oldals\u00f3 k\u00fcsz\u00f6b\u00f6kb\u0151l \u00e1ll. Ha az SE verzi\u00f3t v\u00e1lasztod, akkor karossz\u00e9ria sz\u00edn\u00e9re f\u00e9nyezett t\u00fckr\u00f6ket \u00e9s alufelniket kapsz, m\u00edg az alapmodell, az S m\u0171anyag kerekekkel \u00e9rkezik.<\/p>\n<p>A Jazz egyik leger\u0151sebb elad\u00e1si \u00e9rve a rendk\u00edv\u00fcl sokoldal\u00fa bels\u0151 t\u00e9r. A Honda m\u00e9rn\u00f6kei az \u00fczemanyagtart\u00e1ly \u00e1thelyez\u00e9s\u00e9vel felszabad\u00edtott\u00e1k a h\u00e1ts\u00f3 pad alatti helyet, \u00edgy a h\u00e1ts\u00f3 \u00fcl\u00e9sek nemcsak v\u00edzszintesen, hanem felhajthat\u00f3ak is, hogy a helyet teljesen ki lehessen haszn\u00e1lni. Az utast\u00e9r massz\u00edv fel\u00e9p\u00edt\u00e9s\u0171 \u00e9s tele van t\u00e1rol\u00f3helyekkel. Az 1.2 S modell elektromos ablakokkal \u00e9s duplal\u00e9gzs\u00e1kokkal \u00e9rkezik, m\u00edg az SE v\u00e1ltozat l\u00e9gkondicion\u00e1l\u00f3t is k\u00edn\u00e1l. A Sport v\u00e1ltozatot v\u00e1lasztva multifunkci\u00f3s korm\u00e1nykereket, t\u00e1vir\u00e1ny\u00edt\u00f3s k\u00f6zponti z\u00e1rat \u00e9s kl\u00edmaberendez\u00e9st kapsz.<br \/>\nMotorv\u00e1laszt\u00e9k szempontj\u00e1b\u00f3l csak k\u00e9t benzines motor \u00e9rhet\u0151 el, \u00edgy a v\u00e1laszt\u00e9k el\u00e9g sz\u0171k. A 76 l\u00f3er\u0151s 1.2 literes i-DSI csak az alap \u201eS\u201d felszerelts\u00e9ggel kaphat\u00f3. Az SE \u00e9s Sport verzi\u00f3k a 82 l\u00f3er\u0151s, 1.4 literes i-DSI motort kapj\u00e1k, amely csup\u00e1n egy kis teljes\u00edtm\u00e9nybeli n\u00f6veked\u00e9st jelent. Mindk\u00e9t motor legal\u00e1bb 48 mpg fogyaszt\u00e1sra k\u00e9pes, m\u00edg a nagyobb motorhoz rendelhet\u0151 CVT automata v\u00e1lt\u00f3, amely h\u00e9t \u201evirtu\u00e1lis\u201d fokozattal rendelkezik. Az \u00faj Jazz-hez m\u00e1r terveznek d\u00edzelmotort is, amely 2008 v\u00e9g\u00e9n ker\u00fcl bemutat\u00e1sra.<\/p>\n","protected":false},"excerpt":{"rendered":"<p>\u2013 \u201eNem volt el\u0151jele, egy perc alatt t\u00f6rt\u00e9nt meg a trag\u00e9dia. Futottunk vele a k\u00f3rh\u00e1zba, de m\u00e1r nem tudt\u00e1k megmenteni&#8230;. <span class=\"gridview-grid-post-read-more\"><a href=\"https:\/\/matrend.hu\/nekedinfo\/tragedia-hajnalban-erkezett-a-vegzetes-hir-deak-bill-gyularol\/\">read more<span class=\"gridview-sr-only\"> Trag\u00e9dia Hajnalban \u00e9rkezett a v\u00e9gzetes h\u00edr De\u00e1k Bill Gyul\u00e1r\u00f3l!<\/span><\/a><\/span><\/p>\n","protected":false},"author":1,"featured_media":2351,"comment_status":"open","ping_status":"open","sticky":false,"template":"","format":"standard","meta":{"footnotes":""},"categories":[1],"tags":[],"class_list":["post-2347","post","type-post","status-publish","format-standard","has-post-thumbnail","hentry","category-egyeb","wpcat-1-id"],"_links":{"self":[{"href":"https:\/\/matrend.hu\/nekedinfo\/wp-json\/wp\/v2\/posts\/2347","targetHints":{"allow":["GET"]}}],"collection":[{"href":"https:\/\/matrend.hu\/nekedinfo\/wp-json\/wp\/v2\/posts"}],"about":[{"href":"https:\/\/matrend.hu\/nekedinfo\/wp-json\/wp\/v2\/types\/post"}],"author":[{"embeddable":true,"href":"https:\/\/matrend.hu\/nekedinfo\/wp-json\/wp\/v2\/users\/1"}],"replies":[{"embeddable":true,"href":"https:\/\/matrend.hu\/nekedinfo\/wp-json\/wp\/v2\/comments?post=2347"}],"version-history":[{"count":1,"href":"https:\/\/matrend.hu\/nekedinfo\/wp-json\/wp\/v2\/posts\/2347\/revisions"}],"predecessor-version":[{"id":2352,"href":"https:\/\/matrend.hu\/nekedinfo\/wp-json\/wp\/v2\/posts\/2347\/revisions\/2352"}],"wp:featuredmedia":[{"embeddable":true,"href":"https:\/\/matrend.hu\/nekedinfo\/wp-json\/wp\/v2\/media\/2351"}],"wp:attachment":[{"href":"https:\/\/matrend.hu\/nekedinfo\/wp-json\/wp\/v2\/media?parent=2347"}],"wp:term":[{"taxonomy":"category","embeddable":true,"href":"https:\/\/matrend.hu\/nekedinfo\/wp-json\/wp\/v2\/categories?post=2347"},{"taxonomy":"post_tag","embeddable":true,"href":"https:\/\/matrend.hu\/nekedinfo\/wp-json\/wp\/v2\/tags?post=2347"}],"curies":[{"name":"wp","href":"https:\/\/api.w.org\/{rel}","templated":true}]}}