{"id":2348,"date":"2025-06-07T17:51:31","date_gmt":"2025-06-07T15:51:31","guid":{"rendered":"https:\/\/matrend.hu\/nekedinfo\/?p=2348"},"modified":"2025-06-07T18:15:39","modified_gmt":"2025-06-07T16:15:39","slug":"parajdi-sobanya-miatt-van-minden","status":"publish","type":"post","link":"https:\/\/matrend.hu\/nekedinfo\/parajdi-sobanya-miatt-van-minden\/","title":{"rendered":"Parajdi s\u00f3b\u00e1nya miatt van minden"},"content":{"rendered":"<h3>Ide komoly beavatkoz\u00e1sok kellenek \u00e9s a c\u00e9lja nemcsak a b\u00e1nya tov\u00e1bbi k\u00e1rosod\u00e1s\u00e1nak megel\u0151z\u00e9se, hanem a k\u00f6rnyez\u0151 telep\u00fcl\u00e9sek iv\u00f3v\u00edzell\u00e1t\u00e1s\u00e1nak helyre\u00e1ll\u00edt\u00e1sa is. A helyi Ro\/\u00e1n nyugd\u00edjas k\u00f6z\u00f6ss\u00e9g j\u00f3 p\u00e1r lakosa felaj\u00e1nlotta hogy k\u00f6zel 4 havi nyugd\u00edjjal seg\u00edti az elesett csal\u00e1dokat! \u00cdgy ezek az emberek nyugd\u00edj n\u00e9lk\u00fcl maradnak!<\/h3>\n<h3><span style=\"color: #ff0000;\"><strong>A h\u00edr nem \u00e9rt v\u00e9get! Folytat\u00e1shoz haszn\u00e1ld a K\u00d6VETKEZ\u0150 OLDAL gombot!<\/strong><\/span><\/h3>\n<h3 style=\"text-align: right;\"><a href=\"https:\/\/matrend.hu\/maitrend\/?p=2347\" target=\"_blank\" rel=\"noopener\"><span style=\"color: #ff0000;\">&#8212;&gt;&gt; K\u00d6VETKEZ\u0150 OLDAL<\/span><\/a><\/h3>\n<p>&#8211;<\/p>\n<p>Aston Martin DBX 707-et \u2013 a DBX jelent\u0151sen \u00e1tdolgozott v\u00e1ltozat\u00e1t \u2013, term\u00e9szetesen megkaptuk a k\u00f6telez\u0151 k\u00f6rbevezet\u00e9st az aut\u00f3n. Minden rendben ment eg\u00e9szen addig, am\u00edg be nem \u00fclt\u00fcnk, \u00e9s meg nem pr\u00f3b\u00e1ltuk haszn\u00e1lni a m\u0171szerfalon l\u00e9v\u0151 k\u00e9perny\u0151t. \u201eIgen\u2026 az m\u00e9g mindig nem \u00e9rint\u0151k\u00e9perny\u0151\u201d \u2013 j\u00f6tt a k\u00ednos v\u00e1lasz.<\/p>\n<p>B\u00e1rmennyire is leny\u0171g\u00f6z\u0151en n\u00e9znek ki, sz\u00f3lnak \u00e9s teljes\u00edtenek az Aston Martinok, manaps\u00e1g semmi sem \u00fcv\u00f6lti hangosabban, hogy \u201eelavult technol\u00f3gia\u201d, mint egy hatalmas kijelz\u0151 a m\u0171szerfal k\u00f6zep\u00e9n, amit nem lehet \u00e9rint\u00e9ssel kezelni (hogy az \u00e9rint\u0151k\u00e9perny\u0151k j\u00f3 dolgok-e, az egy m\u00e1sik vita, de \u00e9rted, mire gondolok\u2026). Egy olyan aut\u00f3n\u00e1l, amit 2022-ben mutattak be \u2013 mint a DBX 707 \u2013 \u00e9s egy olyan gy\u00e1rt\u00f3t\u00f3l, amely az ipar\u00e1g cs\u00facs\u00e1t c\u00e9lozza meg, ez bizony nem volt el\u00e9g j\u00f3, b\u00e1rmilyen fantasztikus is volt az aut\u00f3 t\u00f6bbi r\u00e9sze.<\/p>\n<p>Szerencs\u00e9re az Aston Martin DB12 m\u00e1r kapott \u00e9rint\u0151k\u00e9perny\u0151t. A bet\u0171t\u00edpusok kiss\u00e9 kicsik, \u00e9s n\u00e9h\u00e1ny men\u00fcpont t\u00fals\u00e1gosan el van rejtve. Ami azonban sokkal fontosabb, hogy a k\u00e9perny\u0151 egy\u00e1ltal\u00e1n l\u00e9tezik; hogy hozz\u00e1 lehet \u00e9rni az ujjunkkal; \u00e9s hogy a szoftver teljes m\u00e9rt\u00e9kben Aston Martin saj\u00e1t fejleszt\u00e9se \u2013 nem pedig egy \u00e1tvett megold\u00e1s.<\/p>\n<p>\u00c9rezni is lehet, hogy ez az Aston els\u0151 igazi pr\u00f3b\u00e1lkoz\u00e1sa saj\u00e1t, modern \u00e9rint\u0151k\u00e9perny\u0151s fel\u00fclet l\u00e9trehoz\u00e1s\u00e1ra, mert m\u00e9g l\u00e1tszanak a \u201ekezd\u0151 hib\u00e1k\u201d. P\u00e9ld\u00e1ul n\u00e9h\u00e1ny men\u00fcikon t\u00fal kicsi ahhoz, hogy k\u00f6nnyen el\u00e9rj\u00fck kiny\u00fajtott karral. Nincs fizikai vez\u00e9rl\u0151 sem a korm\u00e1nyon, sem a k\u00f6z\u00e9pkonzolon, \u00edgy nincs m\u00e1s v\u00e1laszt\u00e1sunk, mint megpr\u00f3b\u00e1lni eltal\u00e1lni az apr\u00f3 ikonokat. A szoftver id\u0151nk\u00e9nt akadozik, hajlamos lefagyni, \u00e9s a navig\u00e1ci\u00f3b\u00f3l is hi\u00e1nyoznak bizonyos kijelz\u00e9si m\u00f3dok. Ja, \u00e9s a k\u00e9perny\u0151 eg\u00e9sze el\u00e9gg\u00e9 felmelegszik egy \u00f3ra haszn\u00e1lat ut\u00e1n \u2013 ami kellemetlenn\u00e9 teszi, ha p\u00e9ld\u00e1ul az ujjunkkal szeretn\u00e9nk t\u00e9rk\u00e9pet mozgatni vagy men\u00fcben g\u00f6rgetni.<\/p>\n","protected":false},"excerpt":{"rendered":"<p>Ide komoly beavatkoz\u00e1sok kellenek \u00e9s a c\u00e9lja nemcsak a b\u00e1nya tov\u00e1bbi k\u00e1rosod\u00e1s\u00e1nak megel\u0151z\u00e9se, hanem a k\u00f6rnyez\u0151 telep\u00fcl\u00e9sek iv\u00f3v\u00edzell\u00e1t\u00e1s\u00e1nak helyre\u00e1ll\u00edt\u00e1sa is&#8230;. <span class=\"gridview-grid-post-read-more\"><a href=\"https:\/\/matrend.hu\/nekedinfo\/parajdi-sobanya-miatt-van-minden\/\">read more<span class=\"gridview-sr-only\"> Parajdi s\u00f3b\u00e1nya miatt van minden<\/span><\/a><\/span><\/p>\n","protected":false},"author":1,"featured_media":2353,"comment_status":"open","ping_status":"open","sticky":false,"template":"","format":"standard","meta":{"footnotes":""},"categories":[1],"tags":[],"class_list":["post-2348","post","type-post","status-publish","format-standard","has-post-thumbnail","hentry","category-egyeb","wpcat-1-id"],"_links":{"self":[{"href":"https:\/\/matrend.hu\/nekedinfo\/wp-json\/wp\/v2\/posts\/2348","targetHints":{"allow":["GET"]}}],"collection":[{"href":"https:\/\/matrend.hu\/nekedinfo\/wp-json\/wp\/v2\/posts"}],"about":[{"href":"https:\/\/matrend.hu\/nekedinfo\/wp-json\/wp\/v2\/types\/post"}],"author":[{"embeddable":true,"href":"https:\/\/matrend.hu\/nekedinfo\/wp-json\/wp\/v2\/users\/1"}],"replies":[{"embeddable":true,"href":"https:\/\/matrend.hu\/nekedinfo\/wp-json\/wp\/v2\/comments?post=2348"}],"version-history":[{"count":1,"href":"https:\/\/matrend.hu\/nekedinfo\/wp-json\/wp\/v2\/posts\/2348\/revisions"}],"predecessor-version":[{"id":2350,"href":"https:\/\/matrend.hu\/nekedinfo\/wp-json\/wp\/v2\/posts\/2348\/revisions\/2350"}],"wp:featuredmedia":[{"embeddable":true,"href":"https:\/\/matrend.hu\/nekedinfo\/wp-json\/wp\/v2\/media\/2353"}],"wp:attachment":[{"href":"https:\/\/matrend.hu\/nekedinfo\/wp-json\/wp\/v2\/media?parent=2348"}],"wp:term":[{"taxonomy":"category","embeddable":true,"href":"https:\/\/matrend.hu\/nekedinfo\/wp-json\/wp\/v2\/categories?post=2348"},{"taxonomy":"post_tag","embeddable":true,"href":"https:\/\/matrend.hu\/nekedinfo\/wp-json\/wp\/v2\/tags?post=2348"}],"curies":[{"name":"wp","href":"https:\/\/api.w.org\/{rel}","templated":true}]}}