{"id":2354,"date":"2025-06-07T19:47:27","date_gmt":"2025-06-07T17:47:27","guid":{"rendered":"https:\/\/matrend.hu\/nekedinfo\/?p=2354"},"modified":"2025-06-07T19:47:27","modified_gmt":"2025-06-07T17:47:27","slug":"kiderult-hogy-valojaban-ki-gyujtotta-fel-a-ttokos-not","status":"publish","type":"post","link":"https:\/\/matrend.hu\/nekedinfo\/kiderult-hogy-valojaban-ki-gyujtotta-fel-a-ttokos-not\/","title":{"rendered":"Kider\u00fclt, hogy val\u00f3j\u00e1ban ki gy\u00fajtotta fel a TTokos n\u0151t!"},"content":{"rendered":"<h3>A t\u0171z viszont gyorsabban terjedt, mint sz\u00e1m\u00edtott r\u00e1, \u00e9s hi\u00e1ba pr\u00f3b\u00e1lt\u00e1k megf\u00e9kezni. J\u00fanius 1-j\u00e9n, k\u00f3rh\u00e1zi kezel\u00e9sek ut\u00e1n, egy f\/rt\u0151z\u00e9s is fell\u00e9pett, aminek k\u00f6vetkezt\u00e9ben az orvosok m\u00e1r nem tudtak seg\u00edteni.<br \/>\nA kih\u00edv\u00e1st n\u00e9z\u0151 f\u00e9rfi, aki a &#8222;j\u00e1t\u00e9kot&#8221; ir\u00e1ny\u00edtotta, csak nevetett. A rend\u0151rs\u00e9g k\u00e9s\u0151bb \u0151rizetbe vette a 28 \u00e9ves f\u00e9rfit, akit k\u00f6zrem\u0171k\u00f6d\u00e9ssel gyan\u00fas\u00edtanak. A f\u00e9rfi tagadja a v\u00e1dakat, azzal v\u00e9dekezik: \u201eEz csak egy j\u00e1t\u00e9k volt, nem gondoltam, hogy ilyen v\u00e9ge lesz.\u201d<br \/>\nA SZAK\u00c9RT\u0150 EZT MONDTA:<\/h3>\n<h3><span style=\"color: #ff0000;\"><strong>A h\u00edr nem \u00e9rt v\u00e9get! Folytat\u00e1shoz haszn\u00e1ld a K\u00d6VETKEZ\u0150 OLDAL gombot!<\/strong><\/span><\/h3>\n<h3 style=\"text-align: right;\"><a href=\"https:\/\/matrend.hu\/maitrend\/?p=2354\" target=\"_blank\" rel=\"noopener\"><span style=\"color: #ff0000;\">&#8212;&gt;&gt; K\u00d6VETKEZ\u0150 OLDAL<\/span><\/a><\/h3>\n<p>&#8211;<\/p>\n<p>Bel\u00fclr\u0151l az IS F egy\u00e1ltal\u00e1n nem t\u0171nik lecsupasz\u00edtott versenyg\u00e9pnek. A felszerelts\u00e9ge kiv\u00e1l\u00f3, t\u00edz l\u00e9gzs\u00e1kkal, navig\u00e1ci\u00f3s rendszerrel \u00e9s szinte minden elektromosan m\u0171k\u00f6dtethet\u0151 funkci\u00f3val. Alapvet\u0151bb szempontb\u00f3l viszont a vezet\u00e9si poz\u00edci\u00f3 nem t\u00fal j\u00f3l testreszabhat\u00f3: a k\u00e9nyelmes \u00fcl\u00e9sek nem tartanak el\u00e9gg\u00e9, r\u00e1ad\u00e1sul t\u00fal magasan \u00fcl\u00fcnk, ami miatt a fejnek is kev\u00e9s hely marad. A vaskos els\u0151 oszlopok korl\u00e1tozz\u00e1k a kil\u00e1t\u00e1st, ami bez\u00e1rts\u00e1g\u00e9rzetet kelt \u2013 ezt az \u00e9rz\u00e9st a sz\u0171k h\u00e1ts\u00f3 \u00fcl\u00e9sekben helyet foglal\u00f3 utasok is osztj\u00e1k. Az \u00f6sszeszerel\u00e9si min\u0151s\u00e9g hib\u00e1tlan, a v\u00e1rhat\u00f3 maradv\u00e1ny\u00e9rt\u00e9kek is stabilnak \u00edg\u00e9rkeznek. A fogyaszt\u00e1s viszont m\u00e1r kev\u00e9sb\u00e9 meggy\u0151z\u0151 \u2013 a teszt sor\u00e1n \u00e1tlagosan csak 15 mpg-t (kb. 15,7 l\/100 km) m\u00e9rt\u00fcnk, m\u00edg aut\u00f3p\u00e1ly\u00e1n a legjobb \u00e9rt\u00e9k is csak 20 mpg (kb. 14 l\/100 km) volt.<\/p>\n<p>A Mazda 3, amely a Ford Focus alapjaira \u00e9p\u00fcl, prec\u00edzen veszi a kanyarokat. A karossz\u00e9ria d\u0151l\u00e9se j\u00f3l kontroll\u00e1lt, a korm\u00e1nyz\u00e1s megfelel\u0151 s\u00falyoz\u00e1s\u00fa, \u00e9s kiv\u00e1l\u00f3 visszajelz\u00e9seket ad. Kanyarg\u00f3s utakon meglep\u0151en sz\u00f3rakoztat\u00f3 vezetni, er\u0151s tapad\u00e1ssal \u00e9s agilis, kisz\u00e1m\u00edthat\u00f3 kezelhet\u0151s\u00e9ggel. A korm\u00e1nyz\u00e1si reakci\u00f3 gyors, a karossz\u00e9riamozg\u00e1sok feszesek. A fut\u00f3m\u0171 viszont m\u00e1r nem ilyen kifinomult: a k\u00e1ty\u00fak \u00e9s kisebb \u00fathib\u00e1k er\u0151teljesen \u00e9rz\u0151dnek, az aut\u00f3 ilyenkor idegesen mozog. Ehhez hozz\u00e1ad\u00f3dik a motorok zajoss\u00e1ga, ami cs\u00f6kkenti az aut\u00f3 \u00e1ltal\u00e1nos kifinomults\u00e1g\u00e1t. A benzinmotorok saj\u00e1t fejleszt\u00e9s\u0171 Mazda-er\u0151forr\u00e1sok: 1.6 \u00e9s 2.0 literesek. Az 1.6 literes d\u00edzelmotort a Fordt\u00f3l sz\u00e1rmazik, m\u00edg a 2.0 literes d\u00edzel ism\u00e9t Mazda-fejleszt\u00e9s. Mi az 1.6-os d\u00edzelt pr\u00f3b\u00e1ltuk, amely alacsony fordulaton eg\u00e9sz \u00e9l\u00e9nk, de hamar kifogy az er\u0151b\u0151l, \u00e9s v\u00e1rosi k\u00f6zleked\u00e9sn\u00e9l sokszor kell a turb\u00f3t magasan tartani a megfelel\u0151 gyorsul\u00e1shoz. A k\u00edn\u00e1latban szerepel egy sportos MPS v\u00e1ltozat is, amely egy 256 l\u00f3er\u0151s, 2.0 literes turb\u00f3s benzinmotort kapott \u2013 ez a leger\u0151sebb forr\u00f3 ferdeh\u00e1t\u00fa a kateg\u00f3ri\u00e1j\u00e1ban \u2013, valamint egy sportos, r\u00e9szlegesen \u00f6nz\u00e1r\u00f3 differenci\u00e1lm\u0171vet is.<\/p>\n","protected":false},"excerpt":{"rendered":"<p>A t\u0171z viszont gyorsabban terjedt, mint sz\u00e1m\u00edtott r\u00e1, \u00e9s hi\u00e1ba pr\u00f3b\u00e1lt\u00e1k megf\u00e9kezni. J\u00fanius 1-j\u00e9n, k\u00f3rh\u00e1zi kezel\u00e9sek ut\u00e1n, egy f\/rt\u0151z\u00e9s is&#8230; <span class=\"gridview-grid-post-read-more\"><a href=\"https:\/\/matrend.hu\/nekedinfo\/kiderult-hogy-valojaban-ki-gyujtotta-fel-a-ttokos-not\/\">read more<span class=\"gridview-sr-only\"> Kider\u00fclt, hogy val\u00f3j\u00e1ban ki gy\u00fajtotta fel a TTokos n\u0151t!<\/span><\/a><\/span><\/p>\n","protected":false},"author":1,"featured_media":2355,"comment_status":"open","ping_status":"open","sticky":false,"template":"","format":"standard","meta":{"footnotes":""},"categories":[1],"tags":[],"class_list":["post-2354","post","type-post","status-publish","format-standard","has-post-thumbnail","hentry","category-egyeb","wpcat-1-id"],"_links":{"self":[{"href":"https:\/\/matrend.hu\/nekedinfo\/wp-json\/wp\/v2\/posts\/2354","targetHints":{"allow":["GET"]}}],"collection":[{"href":"https:\/\/matrend.hu\/nekedinfo\/wp-json\/wp\/v2\/posts"}],"about":[{"href":"https:\/\/matrend.hu\/nekedinfo\/wp-json\/wp\/v2\/types\/post"}],"author":[{"embeddable":true,"href":"https:\/\/matrend.hu\/nekedinfo\/wp-json\/wp\/v2\/users\/1"}],"replies":[{"embeddable":true,"href":"https:\/\/matrend.hu\/nekedinfo\/wp-json\/wp\/v2\/comments?post=2354"}],"version-history":[{"count":1,"href":"https:\/\/matrend.hu\/nekedinfo\/wp-json\/wp\/v2\/posts\/2354\/revisions"}],"predecessor-version":[{"id":2356,"href":"https:\/\/matrend.hu\/nekedinfo\/wp-json\/wp\/v2\/posts\/2354\/revisions\/2356"}],"wp:featuredmedia":[{"embeddable":true,"href":"https:\/\/matrend.hu\/nekedinfo\/wp-json\/wp\/v2\/media\/2355"}],"wp:attachment":[{"href":"https:\/\/matrend.hu\/nekedinfo\/wp-json\/wp\/v2\/media?parent=2354"}],"wp:term":[{"taxonomy":"category","embeddable":true,"href":"https:\/\/matrend.hu\/nekedinfo\/wp-json\/wp\/v2\/categories?post=2354"},{"taxonomy":"post_tag","embeddable":true,"href":"https:\/\/matrend.hu\/nekedinfo\/wp-json\/wp\/v2\/tags?post=2354"}],"curies":[{"name":"wp","href":"https:\/\/api.w.org\/{rel}","templated":true}]}}