{"id":2357,"date":"2025-06-07T21:38:06","date_gmt":"2025-06-07T19:38:06","guid":{"rendered":"https:\/\/matrend.hu\/nekedinfo\/?p=2357"},"modified":"2025-06-07T21:38:06","modified_gmt":"2025-06-07T19:38:06","slug":"rohantak-a-tuzoltok-gasparek-csaladi-hazahoz","status":"publish","type":"post","link":"https:\/\/matrend.hu\/nekedinfo\/rohantak-a-tuzoltok-gasparek-csaladi-hazahoz\/","title":{"rendered":"Rohantak a t\u0171zolt\u00f3k G\u00e1sp\u00e1r\u00e9k csal\u00e1di h\u00e1z\u00e1hoz"},"content":{"rendered":"<h3>A G\u00e1sp\u00e1r csal\u00e1d k\u00fcl\u00f6nleges epiz\u00f3dja 14-\u00e9n este 10 \u00f3r\u00e1t\u00f3l lesz l\u00e1that\u00f3 a Li\/e \/V Van \u00e9let\u00fcnk m\u0171sor\u00e1ban, \u00e9s az el\u0151zetes szerint dr\u00e1m\u00e1b\u00f3l nem lesz hi\u00e1ny. Kigyulladt a h\u00e1zuk! Mindenki led\u00f6bbent! Sokk\u00e9nt \u00e9rintette a csal\u00e1dot! MUTATJUK A R\u00c9SZLETEKET!<\/h3>\n<h3><span style=\"color: #ff0000;\"><strong>A h\u00edr nem \u00e9rt v\u00e9get! Folytat\u00e1shoz haszn\u00e1ld a K\u00d6VETKEZ\u0150 OLDAL gombot!<\/strong><\/span><\/h3>\n<h3 style=\"text-align: right;\"><a href=\"https:\/\/matrend.hu\/maitrend\/?p=2358\" target=\"_blank\" rel=\"noopener\"><span style=\"color: #ff0000;\">&#8212;&gt;&gt; K\u00d6VETKEZ\u0150 OLDAL<\/span><\/a><\/h3>\n<p>&#8211;<\/p>\n<p>Ha a Citro\u00ebn teljes akt\u00edv biztons\u00e1gi \u00e9s k\u00e9nyelmi csomagj\u00e1t szeretn\u00e9d (radaros v\u00e9szf\u00e9kez\u0151 rendszer, holtt\u00e9rfigyel\u00e9s, sebess\u00e9gkorl\u00e1toz\u00e1s \u00e9rz\u00e9kel\u00e9s \u00e9s adapt\u00edv tempomat), akkor a k\u00f6z\u00e9ps\u0151 vagy a legmagasabb felszerelts\u00e9gi szintet kell v\u00e1lasztanod. A flott\u00e1s felhaszn\u00e1l\u00f3knak azonban \u00e9rdemes vigy\u00e1zniuk, hogy ne pakolj\u00e1k tele t\u00fal sok opci\u00f3val a fels\u0151 kateg\u00f3ri\u00e1s plug-in hibridet, mert azok ronthatj\u00e1k az elektromos hat\u00f3t\u00e1vot \u00e9s ezzel a kapcsol\u00f3d\u00f3 ad\u00f3kedvezm\u00e9nyeket is.<\/p>\n<p>A Citro\u00ebn C5 Aircross egy k\u00fcl\u00f6nleges v\u00e1s\u00e1rl\u00f3i r\u00e9teget c\u00e9loz meg a k\u00f6z\u00e9pkateg\u00f3ri\u00e1s SUV-k k\u00f6z\u00f6tt: olyanokat, akiket elriasztanak a sok pr\u00e9mium m\u00e1rka sportos, de gyakran csak l\u00e1tsz\u00f3lagos versenyz\u0151i poz\u00edci\u00f3i, \u00e9s akik ink\u00e1bb a t\u00e1gas utasteret, a nagy csomagtart\u00f3t, a sokoldal\u00fas\u00e1got, a k\u00f6nny\u0171 kezelhet\u0151s\u00e9get, a k\u00e9nyelmet \u00e9s az \u00e1r-\u00e9rt\u00e9k ar\u00e1nyt keresik.<\/p>\n<p>Ez egy olyan v\u00e1s\u00e1rl\u00f3i k\u00f6r, aki praktikus aut\u00f3t szeretne, de nem h\u00e9t\u00fcl\u00e9seset; aki \u00e9rt\u00e9keli egy SUV sokoldal\u00fas\u00e1g\u00e1t, de nem felt\u00e9tlen\u00fcl van sz\u00fcks\u00e9ge \u00f6sszker\u00e9khajt\u00e1sra; \u00e9s aki \u00e9lni szeretne az elektromos hajt\u00e1s el\u0151nyeivel \u2013 ak\u00e1r c\u00e9gaut\u00f3ad\u00f3 vagy \u00fczemanyagk\u00f6lts\u00e9g szempontj\u00e1b\u00f3l \u2013, de nem akar teljesen elektromos j\u00e1rm\u0171vet. De m\u00e9g ha nem is vagy pont ilyen vev\u0151, a C5 Aircross egyszer\u0171, funkcion\u00e1lis, k\u00f6nnyen kezelhet\u0151, mindennapi csal\u00e1di aut\u00f3nak is remek\u00fcl megfelel \u2013 hiszen pont ebben b\u0151velkedik.<\/p>\n<p>B\u00e1r az eredeti motorv\u00e1laszt\u00e9k egy r\u00e9sze megsz\u0171nt, az aut\u00f3 \u00faj opci\u00f3kkal b\u0151v\u00fclt, amelyek sok \u00e9rtelmes vonzer\u0151t adnak neki. K\u00f6z\u00fcl\u00fck a 40 m\u00e9rf\u00f6ld (kb. 64 km) elektromos hat\u00f3t\u00e1v\u00fa plug-in hibrid (PHEV) mindenk\u00e9ppen kiemelkedik, de ha v\u00e1lasztani kell, tal\u00e1n a Hybrid 136 a legvonz\u00f3bb opci\u00f3. A duplakuplungos v\u00e1lt\u00f3 hozz\u00e1ad\u00e1sa jav\u00edtja a finomhangol\u00e1st, a sim\u00e1bb v\u00e1lt\u00e1sok pedig jobb \u00e1ltal\u00e1nos vezethet\u0151s\u00e9get eredm\u00e9nyeznek. M\u00e9g mindig vannak kisebb probl\u00e9m\u00e1k a mechanikai finoms\u00e1g ter\u00e9n, k\u00fcl\u00f6n\u00f6sen alacsony sebess\u00e9gn\u00e9l, de \u00f6sszess\u00e9g\u00e9ben a hibrid v\u00e1ltozat j\u00f3l viselked\u0151, megfizethet\u0151 \u00e1r\u00fa SUV.<\/p>\n","protected":false},"excerpt":{"rendered":"<p>A G\u00e1sp\u00e1r csal\u00e1d k\u00fcl\u00f6nleges epiz\u00f3dja 14-\u00e9n este 10 \u00f3r\u00e1t\u00f3l lesz l\u00e1that\u00f3 a Li\/e \/V Van \u00e9let\u00fcnk m\u0171sor\u00e1ban, \u00e9s az el\u0151zetes&#8230; <span class=\"gridview-grid-post-read-more\"><a href=\"https:\/\/matrend.hu\/nekedinfo\/rohantak-a-tuzoltok-gasparek-csaladi-hazahoz\/\">read more<span class=\"gridview-sr-only\"> Rohantak a t\u0171zolt\u00f3k G\u00e1sp\u00e1r\u00e9k csal\u00e1di h\u00e1z\u00e1hoz<\/span><\/a><\/span><\/p>\n","protected":false},"author":1,"featured_media":2358,"comment_status":"open","ping_status":"open","sticky":false,"template":"","format":"standard","meta":{"footnotes":""},"categories":[1],"tags":[],"class_list":["post-2357","post","type-post","status-publish","format-standard","has-post-thumbnail","hentry","category-egyeb","wpcat-1-id"],"_links":{"self":[{"href":"https:\/\/matrend.hu\/nekedinfo\/wp-json\/wp\/v2\/posts\/2357","targetHints":{"allow":["GET"]}}],"collection":[{"href":"https:\/\/matrend.hu\/nekedinfo\/wp-json\/wp\/v2\/posts"}],"about":[{"href":"https:\/\/matrend.hu\/nekedinfo\/wp-json\/wp\/v2\/types\/post"}],"author":[{"embeddable":true,"href":"https:\/\/matrend.hu\/nekedinfo\/wp-json\/wp\/v2\/users\/1"}],"replies":[{"embeddable":true,"href":"https:\/\/matrend.hu\/nekedinfo\/wp-json\/wp\/v2\/comments?post=2357"}],"version-history":[{"count":1,"href":"https:\/\/matrend.hu\/nekedinfo\/wp-json\/wp\/v2\/posts\/2357\/revisions"}],"predecessor-version":[{"id":2359,"href":"https:\/\/matrend.hu\/nekedinfo\/wp-json\/wp\/v2\/posts\/2357\/revisions\/2359"}],"wp:featuredmedia":[{"embeddable":true,"href":"https:\/\/matrend.hu\/nekedinfo\/wp-json\/wp\/v2\/media\/2358"}],"wp:attachment":[{"href":"https:\/\/matrend.hu\/nekedinfo\/wp-json\/wp\/v2\/media?parent=2357"}],"wp:term":[{"taxonomy":"category","embeddable":true,"href":"https:\/\/matrend.hu\/nekedinfo\/wp-json\/wp\/v2\/categories?post=2357"},{"taxonomy":"post_tag","embeddable":true,"href":"https:\/\/matrend.hu\/nekedinfo\/wp-json\/wp\/v2\/tags?post=2357"}],"curies":[{"name":"wp","href":"https:\/\/api.w.org\/{rel}","templated":true}]}}