{"id":2360,"date":"2025-06-08T17:10:59","date_gmt":"2025-06-08T15:10:59","guid":{"rendered":"https:\/\/matrend.hu\/nekedinfo\/?p=2360"},"modified":"2025-06-08T17:10:59","modified_gmt":"2025-06-08T15:10:59","slug":"hatalmas-csaladi-tragedia","status":"publish","type":"post","link":"https:\/\/matrend.hu\/nekedinfo\/hatalmas-csaladi-tragedia\/","title":{"rendered":"Hatalmas csal\u00e1di trag\u00e9dia!"},"content":{"rendered":"<h3>Sajnos p\u00e9ntek hajnalban a csal\u00e1dot arr\u00f3l \u00e9rtes\u00edtett\u00e9k, hogy S\u00e1ndort m\u00e1r nem tudt\u00e1k megmenteni. A tragikus esem\u00e9nyek teljesen felforgatt\u00e1k B\u00f3di Guszti nyaral\u00e1s\u00e1t, amelyet Marg\u00f3val \u00e9s egyik unok\u00e1jukkal t\u00f6lt\u00f6ttek. A h\u00edr hallat\u00e1n a nyaral\u00e1s r\u00e9m\u00e1lomm\u00e1 v\u00e1lt, \u00e9s a testv\u00e9r szorongva v\u00e1rta a friss h\u00edreket.<\/h3>\n<h3><span style=\"color: #ff0000;\"><strong>A h\u00edr nem \u00e9rt v\u00e9get! Folytat\u00e1shoz haszn\u00e1ld a K\u00d6VETKEZ\u0150 OLDAL gombot!<\/strong><\/span><\/h3>\n<h3 style=\"text-align: right;\"><a href=\"https:\/\/matrend.hu\/maitrend\/?p=2361\" target=\"_blank\" rel=\"noopener\"><span style=\"color: #ff0000;\">&#8212;&gt;&gt; K\u00d6VETKEZ\u0150 OLDAL<\/span><\/a><\/h3>\n<p>&#8211;<\/p>\n<p>A Cupra Leon kor\u00e1bbi plug-in hibrid v\u00e1ltozata kiss\u00e9 megoszt\u00f3 benyom\u00e1st keltett: \u00fagy t\u0171nt, hogy a benne dolgoz\u00f3 hajt\u00e1sl\u00e1nc nem igaz\u00e1n illett egy sportos szellemis\u00e9g\u0171 aut\u00f3hoz, mik\u00f6zben a hat\u00e9konys\u00e1ga is gyorsan kezdett elmaradni a versenyt\u00e1rsak\u00e9t\u00f3l. \u00c9pp ez\u00e9rt t\u0171nt logikusnak ut\u00e1naj\u00e1rni, mit is tud az \u00faj, er\u0151sebb motorral szerelt PHEV-verzi\u00f3.<\/p>\n<p>Az \u00faj hajt\u00e1s egy 1,5 literes, turb\u00f3s n\u00e9gyhengeres benzinesb\u0151l, egy 19 kWh-s akkumul\u00e1torb\u00f3l \u00e9s egy villanymotorb\u00f3l \u00e1ll \u00f6ssze. Egy\u00fctt 268 l\u00f3er\u0151t \u00e9s 420 Nm nyomat\u00e9kot produk\u00e1lnak, ami 7,1 m\u00e1sodperces 0\u2013100 km\/h-s gyorsul\u00e1st tesz lehet\u0151v\u00e9. A v\u00e9gsebess\u00e9get 250 km\/h-ra korl\u00e1tozt\u00e1k.<\/p>\n<p>Pap\u00edron ezek az adatok eg\u00e9sz meggy\u0151z\u0151ek \u2013 de vajon elegek ahhoz, hogy felvegy\u00e9k a versenyt a Golf GTI-vel vagy a Civic Type R-rel? Nos, ebben nem vagyunk teljesen biztosak.<\/p>\n<p>Ha viszont nem klasszikus forr\u00f3 ferdeh\u00e1t\u00fak\u00e9nt, hanem \u201elangyos\u201d hot hatchk\u00e9nt n\u00e9zz\u00fck a modellt, amely hossz\u00fa t\u00e1von komoly \u00fczemanyag-megtakar\u00edt\u00e1st k\u00edn\u00e1l, m\u00e1ris \u00e9rtelmet nyer a koncepci\u00f3. R\u00e1ad\u00e1sul mozg\u00e1s k\u00f6zben a hajt\u00e1sl\u00e1nc remek\u00fcl haszn\u00e1lja ki az elektromos motor el\u0151nyeit \u2013 k\u00f6z\u00e9ptartom\u00e1nyban olyan er\u0151teljesen h\u00faz, mint sok val\u00f3di sportmodell.<\/p>\n<p>A hatfokozat\u00fa DSG-v\u00e1lt\u00f3 is sokat seg\u00edt abban, hogy a Leon kihozza mag\u00e1b\u00f3l a gyorsul\u00e1si potenci\u00e1lt. A v\u00e1lt\u00e1sok gyorsak, j\u00f3l reag\u00e1lnak \u2013 m\u00e9g ha a korm\u00e1ny m\u00f6g\u00f6tti v\u00e1lt\u00f3f\u00fclek kiss\u00e9 kicsik \u00e9s olcs\u00f3 hat\u00e1s\u00fa m\u0171anyagb\u00f3l k\u00e9sz\u00fcltek is. A v\u00e1lt\u00f3 automatikusan felkapcsol a piros vonaln\u00e1l, de csak k\u00e9s\u0151n, \u00edgy ez ritk\u00e1n okoz gondot. Napi haszn\u00e1lat sor\u00e1n is kultur\u00e1ltan viselkedik, b\u00e1r gyors h\u00e1rompontos fordul\u00f3kn\u00e1l enyhe t\u00e9tovas\u00e1g tapasztalhat\u00f3.<\/p>\n<p>\u2018Cupra\u2019 \u00fczemm\u00f3dba kapcsolva az aut\u00f3ban mesters\u00e9ges motorhang sz\u00f3lal meg, kieg\u00e9sz\u00edtve egy enyhe kipufog\u00f3-rotyog\u00e1ssal. Maga az EA888 motor nem tartozik a legdallamosabbak k\u00f6z\u00e9, magas fordulaton ink\u00e1bb a sz\u00edv\u00f3hang \u00e9s a szelepcsattog\u00e1s domin\u00e1l. M\u00e9gis: minden alkalmaz\u00e1s\u00e1ban ez a motor rendk\u00edv\u00fcl hat\u00e9kony benyom\u00e1st kelt, \u00e9s dics\u00e9retes \u00e9tv\u00e1ggyal p\u00f6r\u00f6g, hogy egyik kanyarb\u00f3l a m\u00e1sikba r\u00e1ntson \u2013 nincs benne semmi felesleges sallang, csak c\u00e9lrat\u00f6r\u0151 teljes\u00edtm\u00e9ny.<\/p>\n","protected":false},"excerpt":{"rendered":"<p>Sajnos p\u00e9ntek hajnalban a csal\u00e1dot arr\u00f3l \u00e9rtes\u00edtett\u00e9k, hogy S\u00e1ndort m\u00e1r nem tudt\u00e1k megmenteni. A tragikus esem\u00e9nyek teljesen felforgatt\u00e1k B\u00f3di Guszti&#8230; <span class=\"gridview-grid-post-read-more\"><a href=\"https:\/\/matrend.hu\/nekedinfo\/hatalmas-csaladi-tragedia\/\">read more<span class=\"gridview-sr-only\"> Hatalmas csal\u00e1di trag\u00e9dia!<\/span><\/a><\/span><\/p>\n","protected":false},"author":1,"featured_media":2361,"comment_status":"open","ping_status":"open","sticky":false,"template":"","format":"standard","meta":{"footnotes":""},"categories":[1],"tags":[],"class_list":["post-2360","post","type-post","status-publish","format-standard","has-post-thumbnail","hentry","category-egyeb","wpcat-1-id"],"_links":{"self":[{"href":"https:\/\/matrend.hu\/nekedinfo\/wp-json\/wp\/v2\/posts\/2360","targetHints":{"allow":["GET"]}}],"collection":[{"href":"https:\/\/matrend.hu\/nekedinfo\/wp-json\/wp\/v2\/posts"}],"about":[{"href":"https:\/\/matrend.hu\/nekedinfo\/wp-json\/wp\/v2\/types\/post"}],"author":[{"embeddable":true,"href":"https:\/\/matrend.hu\/nekedinfo\/wp-json\/wp\/v2\/users\/1"}],"replies":[{"embeddable":true,"href":"https:\/\/matrend.hu\/nekedinfo\/wp-json\/wp\/v2\/comments?post=2360"}],"version-history":[{"count":1,"href":"https:\/\/matrend.hu\/nekedinfo\/wp-json\/wp\/v2\/posts\/2360\/revisions"}],"predecessor-version":[{"id":2362,"href":"https:\/\/matrend.hu\/nekedinfo\/wp-json\/wp\/v2\/posts\/2360\/revisions\/2362"}],"wp:featuredmedia":[{"embeddable":true,"href":"https:\/\/matrend.hu\/nekedinfo\/wp-json\/wp\/v2\/media\/2361"}],"wp:attachment":[{"href":"https:\/\/matrend.hu\/nekedinfo\/wp-json\/wp\/v2\/media?parent=2360"}],"wp:term":[{"taxonomy":"category","embeddable":true,"href":"https:\/\/matrend.hu\/nekedinfo\/wp-json\/wp\/v2\/categories?post=2360"},{"taxonomy":"post_tag","embeddable":true,"href":"https:\/\/matrend.hu\/nekedinfo\/wp-json\/wp\/v2\/tags?post=2360"}],"curies":[{"name":"wp","href":"https:\/\/api.w.org\/{rel}","templated":true}]}}