{"id":2366,"date":"2025-06-08T18:43:35","date_gmt":"2025-06-08T16:43:35","guid":{"rendered":"https:\/\/matrend.hu\/nekedinfo\/?p=2366"},"modified":"2025-06-08T18:43:35","modified_gmt":"2025-06-08T16:43:35","slug":"felfoghatatlan-video-a-tegnapi-balatoni-viharrol","status":"publish","type":"post","link":"https:\/\/matrend.hu\/nekedinfo\/felfoghatatlan-video-a-tegnapi-balatoni-viharrol\/","title":{"rendered":"Felfoghatatlan vide\u00f3 a tegnapi Balatoni viharr\u00f3l!"},"content":{"rendered":"<h3>Az els\u0151 t\u00edz m\u00e1sodperc semmi k\u00fcl\u00f6n\u00f6set nem mutatott. A horizonton vill\u00e1mlott, a sz\u00e9l megmozd\u00edtotta a n\u00e1dat. \u00c1m ekkor t\u00f6rt\u00e9nt valami. Egy vak\u00edt\u00f3, h\u00f3feh\u00e9r f\u00e9ny egyszerre el\u00f6nt\u00f6tte a k\u00e9perny\u0151t, mintha maga az \u00e9g szakadt volna le. A f\u00e9rfi k\u00e9s\u0151bb azt mondta: \u201eA villan\u00e1s olyan er\u0151s volt, hogy azt hittem, v\u00e9ge van. A testem megdermedt, mintha valami ismeretlen er\u0151 figyelne r\u00e1m.\u201d A hang, ami a villan\u00e1st k\u00f6vette, nem hasonl\u00edtott mennyd\u00f6rg\u00e9sre \u2013 sokkal ink\u00e1bb egy f\u00f6ld\u00f6nt\u00fali robajra, amit a v\u00edz visszhangja csak m\u00e9g r\u00e9miszt\u0151bb\u00e9 tett.<br \/>\nAZ OMIN\u00d3ZUS VIDE\u00d3:<\/h3>\n<h3><span style=\"color: #ff0000;\"><strong>A h\u00edr nem \u00e9rt v\u00e9get! Folytat\u00e1shoz haszn\u00e1ld a K\u00d6VETKEZ\u0150 OLDAL gombot!<\/strong><\/span><\/h3>\n<h3 style=\"text-align: right;\"><a href=\"https:\/\/matrend.hu\/maitrend\/?p=2367\" target=\"_blank\" rel=\"noopener\"><span style=\"color: #ff0000;\">&#8212;&gt;&gt; K\u00d6VETKEZ\u0150 OLDAL<\/span><\/a><\/h3>\n<p>&#8211;<\/p>\n<p>Mivel a kis k\u00f6lts\u00e9gvet\u00e9s\u0171 aut\u00f3k piac\u00e1t m\u00e1r olyan modellek, mint a Dacia Spring, Dacia Sandero \u00e9s Dacia Jogger lefedik, teljesen logikus l\u00e9p\u00e9s volt a Dacia sz\u00e1m\u00e1ra, hogy a m\u00e1sik v\u00e9g\u00e9n, a nagyobb modellek piac\u00e1n is b\u0151v\u00edtse k\u00edn\u00e1lat\u00e1t a Dacia Duster SUV-n\u00e1l nagyobb aut\u00f3val. \u00cdgy \u00e9rkezett a Dacia Bigster, a rom\u00e1n gy\u00e1rt\u00f3 legnagyobb modellje, amely rengeteget k\u00f6sz\u00f6nhet a Dusternek.<br \/>\nMindk\u00e9t aut\u00f3 ugyanazon CMF-B platformra \u00e9p\u00fcl, de a Bigster hosszabb \u00e9s magasabb, mint a testv\u00e9re, \u00e9s hosszabb a tengelyt\u00e1vja is. Ez t\u00f6bb helyet biztos\u00edt az utast\u00e9rben, nagyobb csomagt\u00e9rrel \u00e9s t\u00f6bb utashellyel, m\u00edg az utast\u00e9rben ugyanazt a massz\u00edv diz\u00e1jnt tal\u00e1ljuk, amely seg\u00edt elrejteni a Dacia k\u00f6lts\u00e9gvet\u00e9si alap\u00fa gy\u00f6kereit.<br \/>\nA k\u00fclsej\u00e9n is hasonl\u00f3 a helyzet, sz\u00f6gletes vonalakkal \u00e9s mark\u00e1ns r\u00e9szletekkel, bele\u00e9rtve a jellegzetes nappali menetf\u00e9nyeket, amelyek a Dusterre eml\u00e9keztetnek. \u00dagy gondoljuk, hogy neh\u00e9z lenne megk\u00fcl\u00f6nb\u00f6ztetni a k\u00e9t aut\u00f3t, hacsak nincsenek egym\u00e1s mellett parkolva, de ez nem jelent probl\u00e9m\u00e1t.<\/p>\n<p>A teljes\u00edtm\u00e9ny tekintet\u00e9ben hasonl\u00f3 motorv\u00e1laszt\u00e9k \u00e1ll rendelkez\u00e9sre, egy enyh\u00e9n hibrid 1.2 TCe k\u00e9zi hajt\u00e1sl\u00e1nc, amely el\u00e9rhet\u0151 els\u0151- vagy \u00f6sszker\u00e9khajt\u00e1ssal, illetve egy teljes hibrid automata els\u0151ker\u00e9khajt\u00e1ssal, 1,8 literes benzinmotorral.<br \/>\nA Dusterrel ellent\u00e9tben itt nincs alap Essential v\u00e1ltozat, \u00edgy a k\u00edn\u00e1lat az Expression szinttel kezd\u0151dik. Ez k\u00f6r\u00fclbel\u00fcl 25 250 fontt\u00f3l indul az 1,2 TCe motorral, ami k\u00f6r\u00fclbel\u00fcl 3 500 fonttal dr\u00e1g\u00e1bb, mint a Duster ugyanazzal a motorral. Mint a Duster eset\u00e9ben, az \u00f6sszker\u00e9khajt\u00e1s hozz\u00e1ad\u00e1sa k\u00f6r\u00fclbel\u00fcl 2 500 fontba ker\u00fcl, m\u00edg a hibrid modell \u00e1ra valamivel 28 000 font felett kezd\u0151dik.<br \/>\nAz alapfelszerelts\u00e9g tartalmaz egy 10,1 h\u00fcvelykes k\u00f6zponti \u00e9rint\u0151k\u00e9perny\u0151t, amely vezet\u00e9k n\u00e9lk\u00fcli Apple CarPlay \u00e9s Android Auto rendszereket, valamint egy h\u00e9t h\u00fcvelykes digit\u00e1lis vezet\u0151i kijelz\u0151t, amely a Duster egyes v\u00e1ltozataiban is megtal\u00e1lhat\u00f3. A Bigster emellett k\u00e9tz\u00f3n\u00e1s l\u00e9gkondicion\u00e1l\u00f3t, 40:20:40 ar\u00e1nyban osztott h\u00e1ts\u00f3 \u00fcl\u00e9st, els\u0151 \u00e9s h\u00e1ts\u00f3 parkol\u00e1sseg\u00edt\u0151 \u00e9rz\u00e9kel\u0151ket, tolat\u00f3kamer\u00e1t, 17 h\u00fcvelykes, diamantv\u00e1g\u00e1s\u00fa alum\u00ednium felniket \u00e9s n\u00e9gy \u201eYouClip\u201d r\u00f6gz\u00edt\u00e9si pontot k\u00edn\u00e1l, amelyek lehet\u0151v\u00e9 teszik kieg\u00e9sz\u00edt\u0151k, p\u00e9ld\u00e1ul poh\u00e1rtart\u00f3k, telefon tart\u00f3k \u00e9s t\u00e1sk\u00e1k r\u00f6gz\u00edt\u00e9s\u00e9t.<\/p>\n","protected":false},"excerpt":{"rendered":"<p>Az els\u0151 t\u00edz m\u00e1sodperc semmi k\u00fcl\u00f6n\u00f6set nem mutatott. A horizonton vill\u00e1mlott, a sz\u00e9l megmozd\u00edtotta a n\u00e1dat. \u00c1m ekkor t\u00f6rt\u00e9nt valami&#8230;. <span class=\"gridview-grid-post-read-more\"><a href=\"https:\/\/matrend.hu\/nekedinfo\/felfoghatatlan-video-a-tegnapi-balatoni-viharrol\/\">read more<span class=\"gridview-sr-only\"> Felfoghatatlan vide\u00f3 a tegnapi Balatoni viharr\u00f3l!<\/span><\/a><\/span><\/p>\n","protected":false},"author":1,"featured_media":2367,"comment_status":"open","ping_status":"open","sticky":false,"template":"","format":"standard","meta":{"footnotes":""},"categories":[1],"tags":[],"class_list":["post-2366","post","type-post","status-publish","format-standard","has-post-thumbnail","hentry","category-egyeb","wpcat-1-id"],"_links":{"self":[{"href":"https:\/\/matrend.hu\/nekedinfo\/wp-json\/wp\/v2\/posts\/2366","targetHints":{"allow":["GET"]}}],"collection":[{"href":"https:\/\/matrend.hu\/nekedinfo\/wp-json\/wp\/v2\/posts"}],"about":[{"href":"https:\/\/matrend.hu\/nekedinfo\/wp-json\/wp\/v2\/types\/post"}],"author":[{"embeddable":true,"href":"https:\/\/matrend.hu\/nekedinfo\/wp-json\/wp\/v2\/users\/1"}],"replies":[{"embeddable":true,"href":"https:\/\/matrend.hu\/nekedinfo\/wp-json\/wp\/v2\/comments?post=2366"}],"version-history":[{"count":2,"href":"https:\/\/matrend.hu\/nekedinfo\/wp-json\/wp\/v2\/posts\/2366\/revisions"}],"predecessor-version":[{"id":2369,"href":"https:\/\/matrend.hu\/nekedinfo\/wp-json\/wp\/v2\/posts\/2366\/revisions\/2369"}],"wp:featuredmedia":[{"embeddable":true,"href":"https:\/\/matrend.hu\/nekedinfo\/wp-json\/wp\/v2\/media\/2367"}],"wp:attachment":[{"href":"https:\/\/matrend.hu\/nekedinfo\/wp-json\/wp\/v2\/media?parent=2366"}],"wp:term":[{"taxonomy":"category","embeddable":true,"href":"https:\/\/matrend.hu\/nekedinfo\/wp-json\/wp\/v2\/categories?post=2366"},{"taxonomy":"post_tag","embeddable":true,"href":"https:\/\/matrend.hu\/nekedinfo\/wp-json\/wp\/v2\/tags?post=2366"}],"curies":[{"name":"wp","href":"https:\/\/api.w.org\/{rel}","templated":true}]}}