{"id":2370,"date":"2025-06-08T19:21:08","date_gmt":"2025-06-08T17:21:08","guid":{"rendered":"https:\/\/matrend.hu\/nekedinfo\/?p=2370"},"modified":"2025-06-08T19:21:08","modified_gmt":"2025-06-08T17:21:08","slug":"ez-rendkivul-fontos-ha-lilara-festett-keritest-talalsz-ezt-tudni-kell","status":"publish","type":"post","link":"https:\/\/matrend.hu\/nekedinfo\/ez-rendkivul-fontos-ha-lilara-festett-keritest-talalsz-ezt-tudni-kell\/","title":{"rendered":"Ez rendk\u00edv\u00fcl fontos! Ha lil\u00e1ra festett ker\u00edt\u00e9st tal\u00e1lsz, ezt tudni kell!"},"content":{"rendered":"<h3>&#8222;Ide bel\u00e9pni nem szabad!&#8221; Az Egyes\u00fclt \u00c1llamokban a lila cs\u00edk m\u00e1r r\u00e9g\u00f3ta bevett m\u00f3dszer a mag\u00e1ntulajdon hat\u00e1rainak jel\u00f6l\u00e9s\u00e9re. T\u00f6bb \u00e1llamban jogszab\u00e1ly is elismeri a lila fest\u00e9ket mint hivatalos \u201etilos a bel\u00e9p\u00e9s\u201d jelz\u00e9st. Ezzel kiv\u00e1ltj\u00e1k a megszokott, gyakran megrong\u00e1l\u00f3d\u00f3 t\u00e1bl\u00e1kat. Magyar f\u00f6ldeken eddig szokatlan volt az ilyesmi, de mostanra egyre t\u00f6bb erd\u0151sz\u00e9li \u00fat, elhagyatott telek vagy vad\u00e1szter\u00fclet hat\u00e1r\u00e1n t\u0171nik fel a szimb\u00f3lum. A tulajdonosok \u00edgy tudatj\u00e1k: a bel\u00e9p\u00e9s nem k\u00edv\u00e1natos \u2013 \u00e9s jogi k\u00f6vetkezm\u00e9nye lehet.<br \/>\nDE MI\u00c9RT PONT LILA?<\/h3>\n<h3><span style=\"color: #ff0000;\"><strong>A h\u00edr nem \u00e9rt v\u00e9get! Folytat\u00e1shoz haszn\u00e1ld a K\u00d6VETKEZ\u0150 OLDAL gombot!<\/strong><\/span><\/h3>\n<h3 style=\"text-align: right;\"><a href=\"https:\/\/matrend.hu\/maitrend\/?p=2370\" target=\"_blank\" rel=\"noopener\"><span style=\"color: #ff0000;\">&#8212;&gt;&gt; K\u00d6VETKEZ\u0150 OLDAL<\/span><\/a><\/h3>\n<p>&#8211;<\/p>\n<p>A Polestar 3 a c\u00e9g eddigi legnagyobb aut\u00f3ja, \u00e9s c\u00e9lja, hogy kih\u00edvja a n\u00e9met pr\u00e9mium gy\u00e1rt\u00f3k elektromos riv\u00e1lisait. Az Audi Q6 \u00e9s Q8 e-tron, a BMW iX \u00e9s a Mercedes EQE SUV modelleket szeretn\u00e9 megel\u0151zni technol\u00f3gia, teljes\u00edtm\u00e9ny \u00e9s akkumul\u00e1torkapacit\u00e1s ter\u00e9n.<\/p>\n<p>Ellent\u00e9tben sok riv\u00e1lis\u00e1val, a Polestar viszonylag alacsonyan tartotta az aut\u00f3 tetej\u00e9t; p\u00e9ld\u00e1ul a BMW-n\u00e9l k\u00f6r\u00fclbel\u00fcl 80 mm-rel alacsonyabb. Ez nemcsak azt adja a Polestar 3-nak, hogy vonz\u00f3bb \u00e9s dr\u00e1maibb megjelen\u00e9st k\u00f6lcs\u00f6n\u00f6z az \u00faton, hanem az aerodinamikai seg\u00e9deszk\u00f6z\u00f6ket is \u00fcgyesen kihaszn\u00e1lja, mint p\u00e9ld\u00e1ul a motorh\u00e1ztet\u0151 elej\u00e9n l\u00e9v\u0151 els\u0151 spoilert. Ennek eredm\u00e9nyek\u00e9nt a k\u00f6zel \u00f6t m\u00e9ter hossz\u00fa \u00e9s k\u00e9t m\u00e9ter sz\u00e9les SUV rendk\u00edv\u00fcl alacsony, 0,29-es l\u00e9gellen\u00e1ll\u00e1si egy\u00fctthat\u00f3t (Cd) \u00e9r el.<\/p>\n<p>A t\u00e9r, a hat\u00f3t\u00e1v, a t\u00f6lt\u00e9si sebess\u00e9g \u00e9s a teljes\u00edtm\u00e9ny ter\u00e9n minden pap\u00edron kiv\u00e1l\u00f3nak t\u0171nik, de a val\u00f3s\u00e1gban a Polestar 3 nem minden t\u00e9ren k\u00e9pes teljes\u00edteni. Azonban a j\u00f3l hangolt fut\u00f3m\u0171nek k\u00f6sz\u00f6nhet\u0151en vezethet\u0151s\u00e9ge jobb, mint azt a m\u00e9rete alapj\u00e1n v\u00e1rn\u00e1nk t\u0151le. Mivel pr\u00e9mium elektromos SUV-r\u00f3l van sz\u00f3, a Polestar 3 \u00e1ra magas, a Long Range v\u00e1ltozat k\u00f6r\u00fclbel\u00fcl 70 000 fontt\u00f3l kezd\u0151dik, m\u00edg a Long Range Dual Motor verzi\u00f3 tov\u00e1bbi 6 000 fontot ad hozz\u00e1 az alap\u00e1rhoz. A cs\u00facsmodell, a Performance verzi\u00f3, amely val\u00f3ban azt ny\u00fajtja, amit \u00edg\u00e9r, m\u00e9g 5 500 fonttal n\u00f6veli a Dual Motor modell \u00e1r\u00e1t.<\/p>\n","protected":false},"excerpt":{"rendered":"<p>&#8222;Ide bel\u00e9pni nem szabad!&#8221; Az Egyes\u00fclt \u00c1llamokban a lila cs\u00edk m\u00e1r r\u00e9g\u00f3ta bevett m\u00f3dszer a mag\u00e1ntulajdon hat\u00e1rainak jel\u00f6l\u00e9s\u00e9re. T\u00f6bb \u00e1llamban&#8230; <span class=\"gridview-grid-post-read-more\"><a href=\"https:\/\/matrend.hu\/nekedinfo\/ez-rendkivul-fontos-ha-lilara-festett-keritest-talalsz-ezt-tudni-kell\/\">read more<span class=\"gridview-sr-only\"> Ez rendk\u00edv\u00fcl fontos! Ha lil\u00e1ra festett ker\u00edt\u00e9st tal\u00e1lsz, ezt tudni kell!<\/span><\/a><\/span><\/p>\n","protected":false},"author":1,"featured_media":2371,"comment_status":"open","ping_status":"open","sticky":false,"template":"","format":"standard","meta":{"footnotes":""},"categories":[1],"tags":[],"class_list":["post-2370","post","type-post","status-publish","format-standard","has-post-thumbnail","hentry","category-egyeb","wpcat-1-id"],"_links":{"self":[{"href":"https:\/\/matrend.hu\/nekedinfo\/wp-json\/wp\/v2\/posts\/2370","targetHints":{"allow":["GET"]}}],"collection":[{"href":"https:\/\/matrend.hu\/nekedinfo\/wp-json\/wp\/v2\/posts"}],"about":[{"href":"https:\/\/matrend.hu\/nekedinfo\/wp-json\/wp\/v2\/types\/post"}],"author":[{"embeddable":true,"href":"https:\/\/matrend.hu\/nekedinfo\/wp-json\/wp\/v2\/users\/1"}],"replies":[{"embeddable":true,"href":"https:\/\/matrend.hu\/nekedinfo\/wp-json\/wp\/v2\/comments?post=2370"}],"version-history":[{"count":1,"href":"https:\/\/matrend.hu\/nekedinfo\/wp-json\/wp\/v2\/posts\/2370\/revisions"}],"predecessor-version":[{"id":2372,"href":"https:\/\/matrend.hu\/nekedinfo\/wp-json\/wp\/v2\/posts\/2370\/revisions\/2372"}],"wp:featuredmedia":[{"embeddable":true,"href":"https:\/\/matrend.hu\/nekedinfo\/wp-json\/wp\/v2\/media\/2371"}],"wp:attachment":[{"href":"https:\/\/matrend.hu\/nekedinfo\/wp-json\/wp\/v2\/media?parent=2370"}],"wp:term":[{"taxonomy":"category","embeddable":true,"href":"https:\/\/matrend.hu\/nekedinfo\/wp-json\/wp\/v2\/categories?post=2370"},{"taxonomy":"post_tag","embeddable":true,"href":"https:\/\/matrend.hu\/nekedinfo\/wp-json\/wp\/v2\/tags?post=2370"}],"curies":[{"name":"wp","href":"https:\/\/api.w.org\/{rel}","templated":true}]}}