{"id":2373,"date":"2025-06-08T19:53:15","date_gmt":"2025-06-08T17:53:15","guid":{"rendered":"https:\/\/matrend.hu\/nekedinfo\/?p=2373"},"modified":"2025-06-08T19:53:15","modified_gmt":"2025-06-08T17:53:15","slug":"tobb-auto-is-a-melybe-zuhant","status":"publish","type":"post","link":"https:\/\/matrend.hu\/nekedinfo\/tobb-auto-is-a-melybe-zuhant\/","title":{"rendered":"T\u00f6bb aut\u00f3 is a m\u00e9lybe zuhant"},"content":{"rendered":"<h3>Ki\/evi id\u0151 szerint 19 \u00f3rakor \u00e9rkezett bejelent\u00e9s a katasztr\u00f3fav\u00e9delemhez arr\u00f3l, hogy a Munk\u00e1cs-Rohatyin H-09 jel\u0171, orsz\u00e1gos jelent\u0151s\u00e9g\u0171 f\u0151\u00faton mintegy harminc m\u00e9teres szakaszon Tarack\u00f6z \u00e9s Bed\u0151h\u00e1za k\u00f6z\u00f6tt leomlott a Tarac foly\u00f3n \u00e1t\u00edvel\u0151 k\u00f6z\u00fati h\u00edd. Ennek k\u00f6vetkezt\u00e9ben egy d\u00f6mper \u00e9s egy szem\u00e9lyaut\u00f3 a m\u00e9lybe zuhant.<\/h3>\n<h3><span style=\"color: #ff0000;\"><strong>A h\u00edr nem \u00e9rt v\u00e9get! Folytat\u00e1shoz haszn\u00e1ld a K\u00d6VETKEZ\u0150 OLDAL gombot!<\/strong><\/span><\/h3>\n<h3 style=\"text-align: right;\"><a href=\"https:\/\/matrend.hu\/maitrend\/?p=2373\" target=\"_blank\" rel=\"noopener\"><span style=\"color: #ff0000;\">&#8212;&gt;&gt; K\u00d6VETKEZ\u0150 OLDAL<\/span><\/a><\/h3>\n<p>&#8211;<\/p>\n<p>Az utast\u00e9r ig\u00e9nyes \u00e9s k\u00e9nyelmes, az \u00fcl\u00e9sek \u00e9s anyaghaszn\u00e1lat is sz\u00ednvonalasabb, mint amit egy \u00e1tlagos csal\u00e1di SUV-t\u00f3l v\u00e1rn\u00e1l.<\/p>\n<p>K\u00f6nnyed vezetni, \u00e9s a belt\u00e9r fels\u0151bb kateg\u00f3ri\u00e1s benyom\u00e1st kelt \u2013 b\u00e1r akad n\u00e9h\u00e1ny furcsas\u00e1g. Meglepett p\u00e9ld\u00e1ul, hogy a h\u00e1ts\u00f3 napf\u00e9nytet\u0151t \u00fagy lehet &#8222;kinyitni&#8221;, hogy levehet\u0151 paneleket kell elt\u00e1vol\u00edtani.<\/p>\n<p>A h\u00e1ts\u00f3 \u00fcl\u00e9ssor \u00e9s a csomagtart\u00f3 kiss\u00e9 sz\u0171k\u00f6s, de n\u00e9mi lelem\u00e9nyess\u00e9ggel sok minden bepakolhat\u00f3. A legfelt\u0171n\u0151bb elem az \u00f3ri\u00e1si, f\u00fcgg\u0151legesen be\u00e9p\u00edtett \u00e9rint\u0151k\u00e9perny\u0151 \u2013 ami meglehet\u0151sen ellentmond\u00e1sban \u00e1ll az egy\u00e9bk\u00e9nt konzervat\u00edv belt\u00e9rrel. \u00c9n \u00fagy gondoltam r\u00e1, mint az e:Ny1 &#8222;mullet frizur\u00e1j\u00e1ra&#8221;: k\u00edv\u00fcl \u00fczleti, bel\u00fcl buli.<\/p>\n<p>\u00c1ltal\u00e1ban ideges leszek, ha egy gy\u00e1rt\u00f3 hatalmas, \u00e1ll\u00f3 form\u00e1tum\u00fa \u00e9rint\u0151k\u00e9perny\u0151t tesz az aut\u00f3 m\u0171szerfal\u00e1ra, mert az gyakran csak a Tesl\u00e1t akarja m\u00e1solni.<\/p>\n<p>De el kell ismernem: az e:Ny1 egyik legjobb p\u00e9ld\u00e1ja ennek a megold\u00e1snak. A kijelz\u0151 h\u00e1rom r\u00e9szre oszlik: fel\u00fcl a navig\u00e1ci\u00f3 (vagy Apple CarPlay), k\u00f6z\u00e9pen a m\u00e9dialej\u00e1tsz\u00f3, alul pedig a f\u0171t\u00e9s vez\u00e9rl\u00e9se tal\u00e1lhat\u00f3.<\/p>\n<p>Ez az als\u00f3 r\u00e9sz k\u00fcl\u00f6n\u00f6sen fontos. A legt\u00f6bb aut\u00f3val ellent\u00e9tben itt a f\u0171t\u00e9s-szell\u0151z\u00e9s (HVAC) vez\u00e9rl\u0151i mindig ugyanott maradtak, \u00edgy ha megtanultad, hol vannak, az izommem\u00f3ri\u00e1d alapj\u00e1n \u00fagy tudtad kezelni, mintha val\u00f3di gombok lenn\u00e9nek.<\/p>\n<p>Persze ez r\u00e9szben az\u00e9rt volt \u00edgy, mert sok id\u0151t t\u00f6lt\u00f6ttem a f\u0171t\u00e9s babr\u00e1l\u00e1s\u00e1val \u2013 mivel az e:Ny1 nem rendelkezik h\u0151szivatty\u00faval.<\/p>\n<p>Ez jelent\u0151s hat\u00e1ssal volt a hat\u00f3t\u00e1vra. Melegben ak\u00e1r 200 m\u00e9rf\u00f6ld is kij\u00f6tt egy t\u00f6lt\u00e9sb\u0151l, de hidegben ez 160-ra cs\u00f6kkent. Ha pedig bekapcsoltam a kl\u00edm\u00e1t, az m\u00e9g gyorsabban mer\u00edtette az akkumul\u00e1tort \u2013 ak\u00e1r 50 m\u00e9rf\u00f6lddel is cs\u00f6kkentve a hat\u00f3t\u00e1vot.<\/p>\n<p>\u00cdgy hosszabb utakon kialak\u00edtottam egy rutint: \u00fcl\u00e9s- \u00e9s korm\u00e1nyf\u0171t\u00e9s be, kl\u00edma csak a kabin felmeleg\u00edt\u00e9s\u00e9hez, majd kikapcsol\u00e1s \u2013 \u00e9s ha nagyon leh\u0171lt, egy gyors r\u00e1ind\u00edt\u00e1s.<\/p>\n<p>Ez nem \u00e9ppen az a pr\u00e9mium \u00e9lm\u00e9ny, amit a Honda c\u00e9lul t\u0171zhetett ki.<\/p>\n","protected":false},"excerpt":{"rendered":"<p>Ki\/evi id\u0151 szerint 19 \u00f3rakor \u00e9rkezett bejelent\u00e9s a katasztr\u00f3fav\u00e9delemhez arr\u00f3l, hogy a Munk\u00e1cs-Rohatyin H-09 jel\u0171, orsz\u00e1gos jelent\u0151s\u00e9g\u0171 f\u0151\u00faton mintegy harminc&#8230; <span class=\"gridview-grid-post-read-more\"><a href=\"https:\/\/matrend.hu\/nekedinfo\/tobb-auto-is-a-melybe-zuhant\/\">read more<span class=\"gridview-sr-only\"> T\u00f6bb aut\u00f3 is a m\u00e9lybe zuhant<\/span><\/a><\/span><\/p>\n","protected":false},"author":1,"featured_media":2374,"comment_status":"open","ping_status":"open","sticky":false,"template":"","format":"standard","meta":{"footnotes":""},"categories":[1],"tags":[],"class_list":["post-2373","post","type-post","status-publish","format-standard","has-post-thumbnail","hentry","category-egyeb","wpcat-1-id"],"_links":{"self":[{"href":"https:\/\/matrend.hu\/nekedinfo\/wp-json\/wp\/v2\/posts\/2373","targetHints":{"allow":["GET"]}}],"collection":[{"href":"https:\/\/matrend.hu\/nekedinfo\/wp-json\/wp\/v2\/posts"}],"about":[{"href":"https:\/\/matrend.hu\/nekedinfo\/wp-json\/wp\/v2\/types\/post"}],"author":[{"embeddable":true,"href":"https:\/\/matrend.hu\/nekedinfo\/wp-json\/wp\/v2\/users\/1"}],"replies":[{"embeddable":true,"href":"https:\/\/matrend.hu\/nekedinfo\/wp-json\/wp\/v2\/comments?post=2373"}],"version-history":[{"count":1,"href":"https:\/\/matrend.hu\/nekedinfo\/wp-json\/wp\/v2\/posts\/2373\/revisions"}],"predecessor-version":[{"id":2375,"href":"https:\/\/matrend.hu\/nekedinfo\/wp-json\/wp\/v2\/posts\/2373\/revisions\/2375"}],"wp:featuredmedia":[{"embeddable":true,"href":"https:\/\/matrend.hu\/nekedinfo\/wp-json\/wp\/v2\/media\/2374"}],"wp:attachment":[{"href":"https:\/\/matrend.hu\/nekedinfo\/wp-json\/wp\/v2\/media?parent=2373"}],"wp:term":[{"taxonomy":"category","embeddable":true,"href":"https:\/\/matrend.hu\/nekedinfo\/wp-json\/wp\/v2\/categories?post=2373"},{"taxonomy":"post_tag","embeddable":true,"href":"https:\/\/matrend.hu\/nekedinfo\/wp-json\/wp\/v2\/tags?post=2373"}],"curies":[{"name":"wp","href":"https:\/\/api.w.org\/{rel}","templated":true}]}}