{"id":2376,"date":"2025-06-09T09:54:20","date_gmt":"2025-06-09T07:54:20","guid":{"rendered":"https:\/\/matrend.hu\/nekedinfo\/?p=2376"},"modified":"2025-06-09T09:55:00","modified_gmt":"2025-06-09T07:55:00","slug":"35-utassal-egyutt-tortent-az-eset","status":"publish","type":"post","link":"https:\/\/matrend.hu\/nekedinfo\/35-utassal-egyutt-tortent-az-eset\/","title":{"rendered":"35 utassal egy\u00fctt t\u00f6rt\u00e9nt az eset!"},"content":{"rendered":"<h3>A besz\u00e1mol\u00f3k szerint siker\u00fclt biztons\u00e1gban elhagyniuk a vonatot. A katasztr\u00f3fav\u00e9delem k\u00f6zlem\u00e9nye szerint Debrecen kismacsi telep\u00fcl\u00e9sr\u00e9sz\u00e9n kapott l\u00e1ngra a d\u00edzelmozdony motortere. Mint kider\u00fclt, a motort\u00e9rben tal\u00e1lhat\u00f3 k\u00e1belek f\u00fcst\u00f6ltek \u00e9s \u00e9gtek. MUTATJUK A R\u00c9SZLETEKET!<\/h3>\n<h3><span style=\"color: #ff0000;\"><strong>A h\u00edr nem \u00e9rt v\u00e9get! Folytat\u00e1shoz haszn\u00e1ld a K\u00d6VETKEZ\u0150 OLDAL gombot!<\/strong><\/span><\/h3>\n<h3 style=\"text-align: right;\"><a href=\"https:\/\/matrend.hu\/maitrend\/?p=2376\" target=\"_blank\" rel=\"noopener\"><span style=\"color: #ff0000;\">&#8212;&gt;&gt; K\u00d6VETKEZ\u0150 OLDAL<\/span><\/a><\/h3>\n<p>&#8211;<\/p>\n<p>A Hyundai Ioniq testv\u00e9rmodellj\u00e9hez hasonl\u00f3an a Kia Niro is h\u00e1romf\u00e9le villamos\u00edt\u00e1si szinttel \u00e9rhet\u0151 el \u2013 \u00e9s sokak szerint min\u00e9l t\u00f6bb az elektromos hajt\u00e1s, ann\u00e1l jobb lesz az aut\u00f3. A sima hibrid nem tudja felvenni a versenyt a kiforrottabb Toyota Prius modellel sem simas\u00e1gban, sem hat\u00e9konys\u00e1gban, de a plug-in v\u00e1ltozat m\u00e1r elfogadhat\u00f3 tiszt\u00e1n elektromos hat\u00f3t\u00e1vot k\u00edn\u00e1l, m\u00edg a teljesen elektromos e-Niro kateg\u00f3ri\u00e1j\u00e1nak egyik legjobbja az egy t\u00f6lt\u00e9ssel megtehet\u0151 t\u00e1vols\u00e1g ter\u00e9n.<\/p>\n<p>A Niro m\u00e1sik vonzereje a SUV st\u00edlus\u00fa karossz\u00e9ria, amely el\u00e9g praktikus \u2013 m\u00e9g ha nem is k\u00fcl\u00f6n\u00f6sebben mutat\u00f3s \u2013, \u00e9s a hibrid\/elektromos hajt\u00e1s semmilyen m\u00e9rt\u00e9kben nem rontja az utast\u00e9r helyk\u00edn\u00e1lat\u00e1t. K\u00e1r, hogy vezetni nem ny\u00fajt k\u00fcl\u00f6n\u00f6sebb \u00e9lm\u00e9nyt.<\/p>\n<p>A Kia Niro 2016-ban jelent meg az Egyes\u00fclt Kir\u00e1lys\u00e1gban, el\u0151sz\u00f6r hibridk\u00e9nt, majd 2017-ben \u00e9rkezett a plug-in hibrid (PHEV), v\u00e9g\u00fcl 2019-ben a teljesen elektromos e-Niro. Ez a h\u00e1rom alternat\u00edv hajt\u00e1s egyetlen karossz\u00e9ri\u00e1ban ugyanazt a koncepci\u00f3t k\u00f6veti, mint a Hyundai Ioniq, amely szint\u00e9n testv\u00e9rmodell, b\u00e1r hatchback kialak\u00edt\u00e1s\u00fa, nem SUV.<\/p>\n<p>A Niro egyik fontos el\u0151nye, hogy megszokott SUV-form\u00e1t k\u00edn\u00e1l, ami konzervat\u00edvabb megjelen\u00e9s\u0171, mint p\u00e9ld\u00e1ul a futurisztikus Prius \u2013 ez \u00f6nmag\u00e1ban sok v\u00e1s\u00e1rl\u00f3t meggy\u0151zhet. Az e-Niro orr\u00e1n a hibrid v\u00e1ltozatok h\u0171t\u0151r\u00e1csa helyett egysz\u00edn\u0171, sima fel\u00fclet\u0171 elem tal\u00e1lhat\u00f3 be\u00e9p\u00edtett t\u00f6lt\u0151ny\u00edl\u00e1ssal, hogy megk\u00fcl\u00f6nb\u00f6ztethet\u0151 legyen, de ezen k\u00edv\u00fcl k\u00fcls\u0151re megegyezik a t\u00f6bbi v\u00e1ltozattal.<\/p>\n<p>A hibrid modellek egy 104 l\u00f3er\u0151s, 1,6 literes GDi (k\u00f6zvetlen befecskendez\u00e9ses) benzinmotort kombin\u00e1lnak egy 43 l\u00f3er\u0151s villanymotorral, \u00edgy az \u00f6sszteljes\u00edtm\u00e9ny 139 l\u00f3er\u0151 (a hajt\u00e1sl\u00e1nc vesztes\u00e9geit figyelembe v\u00e9ve). Mind a sima hibrid, mind a plug-in v\u00e1ltozatban egy hatfokozat\u00fa duplakuplungos automata (DCT) v\u00e1lt\u00f3 dolgozik.<\/p>\n<p>Az elektromos motorokat l\u00edtium-ion polimer akkumul\u00e1tor t\u00e1pl\u00e1lja: A hibridben ez 1,56 kWh kapacit\u00e1s\u00fa, a plug-in hibridben pedig 8,9 kWh, ami kb. 30 m\u00e9rf\u00f6ld (kb. 48 km) tiszt\u00e1n elektromos hat\u00f3t\u00e1vot jelent. R\u00f6vid, v\u00e1rosi utakra, rendszeres t\u00f6lt\u00e9s mellett ez jelent\u0151sen cs\u00f6kkentheti a benzink\u00fatra j\u00e1r\u00e1s sz\u00fcks\u00e9gess\u00e9g\u00e9t.<\/p>\n","protected":false},"excerpt":{"rendered":"<p>A besz\u00e1mol\u00f3k szerint siker\u00fclt biztons\u00e1gban elhagyniuk a vonatot. A katasztr\u00f3fav\u00e9delem k\u00f6zlem\u00e9nye szerint Debrecen kismacsi telep\u00fcl\u00e9sr\u00e9sz\u00e9n kapott l\u00e1ngra a d\u00edzelmozdony motortere&#8230;. <span class=\"gridview-grid-post-read-more\"><a href=\"https:\/\/matrend.hu\/nekedinfo\/35-utassal-egyutt-tortent-az-eset\/\">read more<span class=\"gridview-sr-only\"> 35 utassal egy\u00fctt t\u00f6rt\u00e9nt az eset!<\/span><\/a><\/span><\/p>\n","protected":false},"author":1,"featured_media":2377,"comment_status":"open","ping_status":"open","sticky":false,"template":"","format":"standard","meta":{"footnotes":""},"categories":[1],"tags":[],"class_list":["post-2376","post","type-post","status-publish","format-standard","has-post-thumbnail","hentry","category-egyeb","wpcat-1-id"],"_links":{"self":[{"href":"https:\/\/matrend.hu\/nekedinfo\/wp-json\/wp\/v2\/posts\/2376","targetHints":{"allow":["GET"]}}],"collection":[{"href":"https:\/\/matrend.hu\/nekedinfo\/wp-json\/wp\/v2\/posts"}],"about":[{"href":"https:\/\/matrend.hu\/nekedinfo\/wp-json\/wp\/v2\/types\/post"}],"author":[{"embeddable":true,"href":"https:\/\/matrend.hu\/nekedinfo\/wp-json\/wp\/v2\/users\/1"}],"replies":[{"embeddable":true,"href":"https:\/\/matrend.hu\/nekedinfo\/wp-json\/wp\/v2\/comments?post=2376"}],"version-history":[{"count":1,"href":"https:\/\/matrend.hu\/nekedinfo\/wp-json\/wp\/v2\/posts\/2376\/revisions"}],"predecessor-version":[{"id":2378,"href":"https:\/\/matrend.hu\/nekedinfo\/wp-json\/wp\/v2\/posts\/2376\/revisions\/2378"}],"wp:featuredmedia":[{"embeddable":true,"href":"https:\/\/matrend.hu\/nekedinfo\/wp-json\/wp\/v2\/media\/2377"}],"wp:attachment":[{"href":"https:\/\/matrend.hu\/nekedinfo\/wp-json\/wp\/v2\/media?parent=2376"}],"wp:term":[{"taxonomy":"category","embeddable":true,"href":"https:\/\/matrend.hu\/nekedinfo\/wp-json\/wp\/v2\/categories?post=2376"},{"taxonomy":"post_tag","embeddable":true,"href":"https:\/\/matrend.hu\/nekedinfo\/wp-json\/wp\/v2\/tags?post=2376"}],"curies":[{"name":"wp","href":"https:\/\/api.w.org\/{rel}","templated":true}]}}