{"id":2379,"date":"2025-06-09T16:32:29","date_gmt":"2025-06-09T14:32:29","guid":{"rendered":"https:\/\/matrend.hu\/nekedinfo\/?p=2379"},"modified":"2025-06-09T16:32:29","modified_gmt":"2025-06-09T14:32:29","slug":"majka-bevallotta-mi-a-valodi-szarmazasa","status":"publish","type":"post","link":"https:\/\/matrend.hu\/nekedinfo\/majka-bevallotta-mi-a-valodi-szarmazasa\/","title":{"rendered":"Majka bevallotta mi a VAL\u00d3DI sz\u00e1rmaz\u00e1sa!"},"content":{"rendered":"<h3>Az \u00e9nekes-rapper \u00e9let\u00fatj\u00e1t sz\u00e1mos f\u00e9lre\u00e9rt\u00e9s \u00f6vezte, ezek k\u00f6z\u00fcl az egyik legmakacsabb, hogy roma sz\u00e1rmaz\u00e1s\u00fanak tartj\u00e1k. \u0150 azonban vil\u00e1goss\u00e1 tette: csal\u00e1dja nem cig\u00e1ny eredet\u0171. Ennek ellen\u00e9re a k\u00f6rnyezete, bar\u00e1tai \u00e9s a v\u00e1ros k\u00f6z\u00f6ss\u00e9gi l\u00e9gk\u00f6re szoros kapcsolatot eredm\u00e9nyezett a roma kult\u00far\u00e1val. Mint mondta, \u00d3zdon annyira term\u00e9szetes volt az egy\u00fctt\u00e9l\u00e9s, hogy sok szok\u00e1st, besz\u00e9dm\u00f3dot \u00e9s viselked\u00e9st egym\u00e1st\u00f3l vettek \u00e1t, f\u00fcggetlen\u00fcl az etnikai hovatartoz\u00e1st\u00f3l.<br \/>\nNem tud \u00e9nekelni, m\u00e9gis:<\/h3>\n<h3><span style=\"color: #ff0000;\"><strong>A h\u00edr nem \u00e9rt v\u00e9get! Folytat\u00e1shoz haszn\u00e1ld a K\u00d6VETKEZ\u0150 OLDAL gombot!<\/strong><\/span><\/h3>\n<h3 style=\"text-align: right;\"><a href=\"https:\/\/matrend.hu\/maitrend\/?p=2380\" target=\"_blank\" rel=\"noopener\"><span style=\"color: #ff0000;\">&#8212;&gt;&gt; K\u00d6VETKEZ\u0150 OLDAL<\/span><\/a><\/h3>\n<p>&#8211;<\/p>\n<p>A v\u00e1rosi k\u00f6zleked\u00e9s sor\u00e1n az HR-V g\u00f6rd\u00fcl\u00e9keny \u00e9s viszonylag nyugodt \u00e9lm\u00e9nyt ny\u00fajt, k\u00fcl\u00f6n\u00f6sen alacsony sebess\u00e9gn\u00e9l, amikor az elektromos m\u00f3dot haszn\u00e1ljuk. Azonban ha padl\u00f3g\u00e1zzal gyors\u00edtunk, az aut\u00f3 lassan reag\u00e1l, mivel az elektromos \u00e9s benzinmotor k\u00f6z\u00f6tti \u00e1tmenet egy kis k\u00e9sleked\u00e9st eredm\u00e9nyez. Az e-CVT v\u00e1lt\u00f3 monoton z\u00fag\u00e1sa pedig rontja a finom vezet\u00e9si \u00e9lm\u00e9nyt, pedig az aut\u00f3 j\u00f3l teljes\u00edt a sebess\u00e9gkorl\u00e1toz\u00f3 \u00e1thidal\u00e1s\u00e1ban. A HR-V kanyarokban meglep\u0151en stabil, k\u00f6sz\u00f6nhet\u0151en annak, hogy a Honda 15%-kal n\u00f6velte az oldalegyeness\u00e9get a kor\u00e1bbi modellekhez k\u00e9pest, \u00edgy az aut\u00f3 sportosabb \u00e9rzetet kelt, mint p\u00e9ld\u00e1ul a Hyundai Kona. Az aut\u00f3 kanyarod\u00e1si k\u00e9pess\u00e9gei kedvez\u0151ek, de a &#8222;Road Departure Mitigation&#8221; rendszer gyakran ideges\u00edt\u0151, mivel automatikusan beavatkozik akkor is, ha nem hagyjuk el az ir\u00e1nyvonalat, \u00e9s mindezt nem mindig k\u00f6nny\u0171 kikapcsolni menet k\u00f6zben.<\/p>\n<p>A Suzuki Vitara 2015-\u00f6s, negyedik gener\u00e1ci\u00f3s bemutatkoz\u00e1sa \u00faj ir\u00e1nyvonalat k\u00e9pviselt a kis szabadid\u0151-aut\u00f3k piac\u00e1n. Az addig megszokott, l\u00e9tra-keretes konstrukci\u00f3 \u00e9s terepj\u00e1r\u00f3 k\u00e9pess\u00e9g helyett a Vitara a k\u00f6nnyebb, unibody (monocoque) fel\u00e9p\u00edt\u00e9st \u00e9s a leggyakrabban haszn\u00e1lt els\u0151ker\u00e9k-hajt\u00e1st v\u00e1lasztotta. A v\u00e1ltoz\u00e1sok c\u00e9lja az volt, hogy a Vitara vonz\u00f3bb\u00e1 v\u00e1ljon sz\u00e9lesebb v\u00e1s\u00e1rl\u00f3i r\u00e9teg sz\u00e1m\u00e1ra, \u00e9s k\u00e9pes legyen felvenni a versenyt m\u00e1s kis SUV-kkal, mint p\u00e9ld\u00e1ul a Nissan Juke vagy a Hyundai Kona. M\u00edg a modell alapvet\u0151 fel\u00e9p\u00edt\u00e9se \u00e9vtizedekkel k\u00e9s\u0151bb sem v\u00e1ltozott, a Suzuki \u00e9vr\u0151l \u00e9vre friss\u00edtette a Vitar\u00e1t, hogy versenyk\u00e9pes maradjon. A legutols\u00f3 friss\u00edt\u00e9s sor\u00e1n \u00faj biztons\u00e1gi rendszerekkel \u00e9s \u00e1tdolgozott felszerelts\u00e9gi szintekkel b\u0151v\u00fclt a v\u00e1laszt\u00e9k, mik\u00f6zben az aut\u00f3 k\u00fclsej\u00e9t is felfriss\u00edtett\u00e9k \u00faj h\u0171t\u0151r\u00e1csokkal \u00e9s kerekekkel. Az utast\u00e9rben mostant\u00f3l a Motion \u00e9s Ultra szintek mindegyike 9 colos \u00e9rint\u0151k\u00e9perny\u0151t \u00e9s vezet\u00e9k n\u00e9lk\u00fcli okostelefonos csatlakoz\u00e1st k\u00edn\u00e1l.<\/p>\n","protected":false},"excerpt":{"rendered":"<p>Az \u00e9nekes-rapper \u00e9let\u00fatj\u00e1t sz\u00e1mos f\u00e9lre\u00e9rt\u00e9s \u00f6vezte, ezek k\u00f6z\u00fcl az egyik legmakacsabb, hogy roma sz\u00e1rmaz\u00e1s\u00fanak tartj\u00e1k. \u0150 azonban vil\u00e1goss\u00e1 tette: csal\u00e1dja&#8230; <span class=\"gridview-grid-post-read-more\"><a href=\"https:\/\/matrend.hu\/nekedinfo\/majka-bevallotta-mi-a-valodi-szarmazasa\/\">read more<span class=\"gridview-sr-only\"> Majka bevallotta mi a VAL\u00d3DI sz\u00e1rmaz\u00e1sa!<\/span><\/a><\/span><\/p>\n","protected":false},"author":1,"featured_media":2380,"comment_status":"open","ping_status":"open","sticky":false,"template":"","format":"standard","meta":{"footnotes":""},"categories":[1],"tags":[],"class_list":["post-2379","post","type-post","status-publish","format-standard","has-post-thumbnail","hentry","category-egyeb","wpcat-1-id"],"_links":{"self":[{"href":"https:\/\/matrend.hu\/nekedinfo\/wp-json\/wp\/v2\/posts\/2379","targetHints":{"allow":["GET"]}}],"collection":[{"href":"https:\/\/matrend.hu\/nekedinfo\/wp-json\/wp\/v2\/posts"}],"about":[{"href":"https:\/\/matrend.hu\/nekedinfo\/wp-json\/wp\/v2\/types\/post"}],"author":[{"embeddable":true,"href":"https:\/\/matrend.hu\/nekedinfo\/wp-json\/wp\/v2\/users\/1"}],"replies":[{"embeddable":true,"href":"https:\/\/matrend.hu\/nekedinfo\/wp-json\/wp\/v2\/comments?post=2379"}],"version-history":[{"count":1,"href":"https:\/\/matrend.hu\/nekedinfo\/wp-json\/wp\/v2\/posts\/2379\/revisions"}],"predecessor-version":[{"id":2381,"href":"https:\/\/matrend.hu\/nekedinfo\/wp-json\/wp\/v2\/posts\/2379\/revisions\/2381"}],"wp:featuredmedia":[{"embeddable":true,"href":"https:\/\/matrend.hu\/nekedinfo\/wp-json\/wp\/v2\/media\/2380"}],"wp:attachment":[{"href":"https:\/\/matrend.hu\/nekedinfo\/wp-json\/wp\/v2\/media?parent=2379"}],"wp:term":[{"taxonomy":"category","embeddable":true,"href":"https:\/\/matrend.hu\/nekedinfo\/wp-json\/wp\/v2\/categories?post=2379"},{"taxonomy":"post_tag","embeddable":true,"href":"https:\/\/matrend.hu\/nekedinfo\/wp-json\/wp\/v2\/tags?post=2379"}],"curies":[{"name":"wp","href":"https:\/\/api.w.org\/{rel}","templated":true}]}}