{"id":2391,"date":"2025-06-10T17:51:52","date_gmt":"2025-06-10T15:51:52","guid":{"rendered":"https:\/\/matrend.hu\/nekedinfo\/?p=2391"},"modified":"2025-06-10T17:51:52","modified_gmt":"2025-06-10T15:51:52","slug":"gyerekeket-szallito-busz-karambolozott-az-autopalyan","status":"publish","type":"post","link":"https:\/\/matrend.hu\/nekedinfo\/gyerekeket-szallito-busz-karambolozott-az-autopalyan\/","title":{"rendered":"Gyerekeket sz\u00e1ll\u00edt\u00f3 busz karambolozott az aut\u00f3p\u00e1ly\u00e1n!"},"content":{"rendered":"<h3>Az els\u0151dleges inform\u00e1ci\u00f3k szerint szerencs\u00e9re csak egy szem\u00e9ly szorult k\u00f3rh\u00e1zi ell\u00e1t\u00e1sra.<br \/>\nA baleset miatt jelent\u0151s torl\u00f3d\u00e1s alakult ki az M3-as \u00e9rintett szakasz\u00e1n. A rend\u0151rs\u00e9g \u00e9s az \u00datinform t\u00e1j\u00e9koztat\u00e1sa szerint mindk\u00e9t ir\u00e1nyban csup\u00e1n egy-egy s\u00e1von haladhat a forgalom, \u00edgy az aut\u00f3sok hosszabb menetid\u0151re sz\u00e1m\u00edthatnak. Az aut\u00f3buszon \u00f6sszesen 48 utas tart\u00f3zkodott, ebb\u0151l 42 gyermek. A busz utasain k\u00edv\u00fcl m\u00e1s j\u00e1rm\u0171 nem \u00e9rintett a balesetben.<br \/>\nNem csak az M3-as b\u00e9nult meg:<\/h3>\n<h3><span style=\"color: #ff0000;\"><strong>A h\u00edr nem \u00e9rt v\u00e9get! Folytat\u00e1shoz haszn\u00e1ld a K\u00d6VETKEZ\u0150 OLDAL gombot!<\/strong><\/span><\/h3>\n<h3 style=\"text-align: right;\"><a href=\"https:\/\/matrend.hu\/maitrend\/?p=2392\" target=\"_blank\" rel=\"noopener\"><span style=\"color: #ff0000;\">&#8212;&gt;&gt; K\u00d6VETKEZ\u0150 OLDAL<\/span><\/a><\/h3>\n<p>&#8211;<\/p>\n<p>A Journey felszerelts\u00e9g k\u00f6r\u00fclbel\u00fcl 1 300 fonttal dr\u00e1g\u00e1bb, mint az Expression v\u00e1ltozat, b\u00e1r ezt a modellt nem k\u00edn\u00e1lj\u00e1k \u00f6sszker\u00e9khajt\u00e1ssal. Ezen a modellen 19 colos alufelnik, elektromosan nyithat\u00f3 csomagt\u00e9rajt\u00f3, egy 10,1 colos vezet\u0151i kijelz\u0151, amely a k\u00f6zponti \u00e9rint\u0151k\u00e9perny\u0151h\u00f6z illeszkedik, f\u0171thet\u0151 korm\u00e1nyker\u00e9k, f\u0171thet\u0151 els\u0151 \u00fcl\u00e9sek, egyedi \u00fcl\u00e9shuzatok, vezet\u00e9k n\u00e9lk\u00fcli okostelefon-t\u00f6lt\u0151, elektromosan \u00e1ll\u00edthat\u00f3 oldals\u00f3 t\u00fckr\u00f6k \u00e9s magas f\u00e9ny\u0171 asszisztens tal\u00e1lhat\u00f3.<\/p>\n<p>A k\u00edn\u00e1lat cs\u00facs\u00e1n az Extreme felszerelts\u00e9g tal\u00e1lhat\u00f3 \u2013 amelyet a szabadt\u00e9ri kalandoroknak sz\u00e1ntak. Ezt a verzi\u00f3t r\u00e9zsz\u00edn\u0171 k\u00fcls\u0151 r\u00e9szletek \u00e9s kisebb, 18 colos kerekek jellemzik a Journey-h\u00f6z k\u00e9pest, kulcsn\u00e9lk\u00fcli bel\u00e9p\u00e9ssel, tet\u0151csomagtart\u00f3kkal \u00e9s panor\u00e1ma napf\u00e9nytet\u0151vel. R\u00e1ad\u00e1sul moshat\u00f3 \u00fcl\u00e9shuzatokkal \u00e9s gumi padl\u00f3sz\u0151nyegekkel is rendelkezik, hogy m\u00e9g k\u00f6nnyebb\u00e9 tegye a szabadt\u00e9ri tev\u00e9kenys\u00e9gek ut\u00e1ni takar\u00edt\u00e1st. A Bigster ezen v\u00e1ltozata 26 750 fontt\u00f3l kezd\u0151dik, m\u00edg m\u00e9g a legmagasabb Extreme hibrid v\u00e1ltozat is 30 000 font alatt marad az opci\u00f3k el\u0151tt.<\/p>\n","protected":false},"excerpt":{"rendered":"<p>Az els\u0151dleges inform\u00e1ci\u00f3k szerint szerencs\u00e9re csak egy szem\u00e9ly szorult k\u00f3rh\u00e1zi ell\u00e1t\u00e1sra. A baleset miatt jelent\u0151s torl\u00f3d\u00e1s alakult ki az M3-as&#8230; <span class=\"gridview-grid-post-read-more\"><a href=\"https:\/\/matrend.hu\/nekedinfo\/gyerekeket-szallito-busz-karambolozott-az-autopalyan\/\">read more<span class=\"gridview-sr-only\"> Gyerekeket sz\u00e1ll\u00edt\u00f3 busz karambolozott az aut\u00f3p\u00e1ly\u00e1n!<\/span><\/a><\/span><\/p>\n","protected":false},"author":1,"featured_media":2392,"comment_status":"open","ping_status":"open","sticky":false,"template":"","format":"standard","meta":{"footnotes":""},"categories":[1],"tags":[],"class_list":["post-2391","post","type-post","status-publish","format-standard","has-post-thumbnail","hentry","category-egyeb","wpcat-1-id"],"_links":{"self":[{"href":"https:\/\/matrend.hu\/nekedinfo\/wp-json\/wp\/v2\/posts\/2391","targetHints":{"allow":["GET"]}}],"collection":[{"href":"https:\/\/matrend.hu\/nekedinfo\/wp-json\/wp\/v2\/posts"}],"about":[{"href":"https:\/\/matrend.hu\/nekedinfo\/wp-json\/wp\/v2\/types\/post"}],"author":[{"embeddable":true,"href":"https:\/\/matrend.hu\/nekedinfo\/wp-json\/wp\/v2\/users\/1"}],"replies":[{"embeddable":true,"href":"https:\/\/matrend.hu\/nekedinfo\/wp-json\/wp\/v2\/comments?post=2391"}],"version-history":[{"count":1,"href":"https:\/\/matrend.hu\/nekedinfo\/wp-json\/wp\/v2\/posts\/2391\/revisions"}],"predecessor-version":[{"id":2395,"href":"https:\/\/matrend.hu\/nekedinfo\/wp-json\/wp\/v2\/posts\/2391\/revisions\/2395"}],"wp:featuredmedia":[{"embeddable":true,"href":"https:\/\/matrend.hu\/nekedinfo\/wp-json\/wp\/v2\/media\/2392"}],"wp:attachment":[{"href":"https:\/\/matrend.hu\/nekedinfo\/wp-json\/wp\/v2\/media?parent=2391"}],"wp:term":[{"taxonomy":"category","embeddable":true,"href":"https:\/\/matrend.hu\/nekedinfo\/wp-json\/wp\/v2\/categories?post=2391"},{"taxonomy":"post_tag","embeddable":true,"href":"https:\/\/matrend.hu\/nekedinfo\/wp-json\/wp\/v2\/tags?post=2391"}],"curies":[{"name":"wp","href":"https:\/\/api.w.org\/{rel}","templated":true}]}}