{"id":2396,"date":"2025-06-10T18:16:03","date_gmt":"2025-06-10T16:16:03","guid":{"rendered":"https:\/\/matrend.hu\/nekedinfo\/?p=2396"},"modified":"2025-06-10T18:16:03","modified_gmt":"2025-06-10T16:16:03","slug":"toth-gabi-nagyon-meglazta-az-edesanyjat","status":"publish","type":"post","link":"https:\/\/matrend.hu\/nekedinfo\/toth-gabi-nagyon-meglazta-az-edesanyjat\/","title":{"rendered":"T\u00f3th Gabi nagyon megl\u00e1zta az \u00e9desanyj\u00e1t!"},"content":{"rendered":"<h3>A megh\u00edvottak k\u00f6z\u00f6tt azonban volt valaki, aki felt\u0171n\u0151en nem jelent meg: T\u00f3th Gabi, az \u00e9desanya m\u00e1sik l\u00e1nya. Sem \u0151, sem p\u00e1rja, Papp M\u00e1t\u00e9 Bence nem vett r\u00e9szt az \u00fcnneps\u00e9gen. Ez a hi\u00e1ny sokak sz\u00e1m\u00e1ra nem csup\u00e1n \u00e9szrevehet\u0151, hanem f\u00e1j\u00f3 is volt \u2013 k\u00fcl\u00f6n\u00f6sen annak f\u00e9ny\u00e9ben, hogy Vera posztj\u00e1ban kiemelte, mennyire boldog, hogy \u201eazok voltak ott, akik sz\u00e1m\u00edtanak\u201d. A megjegyz\u00e9s sokak szerint burkolt, de er\u0151teljes \u00fczenetk\u00e9nt hatott Gabi fel\u00e9.<br \/>\nEZ\u00c9RT NEM MENT EL GABI:<\/h3>\n<h3><span style=\"color: #ff0000;\"><strong>A h\u00edr nem \u00e9rt v\u00e9get! Folytat\u00e1shoz haszn\u00e1ld a K\u00d6VETKEZ\u0150 OLDAL gombot!<\/strong><\/span><\/h3>\n<h3 style=\"text-align: right;\"><a href=\"https:\/\/matrend.hu\/maitrend\/?p=2397\" target=\"_blank\" rel=\"noopener\"><span style=\"color: #ff0000;\">&#8212;&gt;&gt; K\u00d6VETKEZ\u0150 OLDAL<\/span><\/a><\/h3>\n<p>&#8211;<\/p>\n<p>A cs\u00facsmodell Rafale PHEV-nek a kamer\u00e1ja seg\u00edts\u00e9g\u00e9vel kellene t\u00e1j\u00e9koztatnia az adapt\u00edv felf\u00fcggeszt\u00e9st az el\u0151tte l\u00e9v\u0151 \u00fatr\u00f3l. Ennek ellen\u00e9re az \u00fattart\u00e1s \u00e1ltal\u00e1ban meglehet\u0151sen kem\u00e9ny, \u00e9s az aut\u00f3 billeg, amikor k\u00e1ty\u00fat vagy m\u00e1s \u00fathib\u00e1t \u00e9r. Az ilyen \u00fct\u00e9seket is j\u00f3l lehet \u00e9rezni, ami manaps\u00e1g az Egyes\u00fclt Kir\u00e1lys\u00e1g \u00fatjain viszonylag gyakori.<br \/>\n\u00d6sszess\u00e9g\u00e9ben a rug\u00f3z\u00e1s r\u00e1zk\u00f3d\u00f3s \u00e9s bizonytalan, ami megakad\u00e1lyozza, hogy a Rafale j\u00f3 aut\u00f3p\u00e1ly\u00e1s utaz\u00f3 legyen. Gyan\u00edtjuk, hogy tesztaut\u00f3nknak volt probl\u00e9m\u00e1ja az ablak t\u00f6m\u00edt\u00e9s\u00e9vel is, mert nagy sebess\u00e9gn\u00e9l l\u00e9gzajokat tapasztaltunk, \u00e9s folyamatosan ellen\u0151rizt\u00fck, hogy az ablakok t\u00e9nyleg teljesen z\u00e1rva vannak-e.<\/p>\n<p>Val\u00f3ban \u00fagy t\u0171nhet, hogy a Rafale bizonyos sz\u00f6gekb\u0151l hasonl\u00edt egy m\u00e1sik francia kup\u00e9-SUV-ra, a Peugeot 408-ra. Ez nem v\u00e9letlen, mert a Renault jelenlegi formatervez\u00e9si f\u0151n\u00f6ke, Gilles Vidal, aki a Rafale formatervez\u00e9s\u00e9t fel\u00fcgyelte, n\u00e9h\u00e1ny \u00e9vvel ezel\u0151tt \u00e1tvette a Peugeot-t\u00f3l az \u00e1t\u00e1ll\u00e1st.<br \/>\nSemmik\u00e9ppen sem nevezn\u00e9nk koppint\u00e1snak, mert a Rafale-t a Renault leg\u00fajabb formatervez\u00e9si nyelvezete szerint tervezt\u00e9k. Ez sz\u00e1mos ismer\u0151s elemet tartalmaz, p\u00e9ld\u00e1ul a komplex h\u0171t\u0151r\u00e1cs-kialak\u00edt\u00e1st, amelynek egyedi m\u00e9retei lehet\u0151v\u00e9 teszik, hogy l\u00e1ssa az alatta l\u00e9v\u0151 karossz\u00e9ria sz\u00edn\u00e9t.<br \/>\nA bels\u0151 t\u00e9rben sincs semmi Peugeot-szer\u0171. Nagyr\u00e9szt megegyezik a Renault k\u00f6z\u00e9pkateg\u00f3ri\u00e1s csal\u00e1di SUV-jaival, az Australlal \u00e9s a Renault Scenic-kel. De hogy a Rafale utastere a k\u00edn\u00e1lat z\u00e1szl\u00f3shaj\u00f3j\u00e1v\u00e1 v\u00e1ljon, n\u00e9h\u00e1ny egyedi elemmel is rendelkezik, mint p\u00e9ld\u00e1ul a szokatlan festett parafa vagy palasz\u00fcrke m\u0171szerfal-d\u00edsz\u00edt\u00e9si elemek.<br \/>\nAz \u00fcl\u00e9sek oldals\u00f3 t\u00e1maszt\u00e9ka is er\u0151sebb, mint a t\u00f6bbi Renault modellben, r\u00e1ad\u00e1sul az alapmodell kiv\u00e9tel\u00e9vel mindegyik elektromos k\u00e9k sz\u00f6vetvarr\u00e1st \u00e9s ajt\u00f3rekeszek b\u00e9l\u00e9s\u00e9t kapta. Mindez az\u00e9rt, hogy az ismer\u0151s bels\u0151 elrendez\u00e9st a k\u00edn\u00e1lat t\u00f6bbi modellje f\u00f6l\u00e9 emelje \u2013 nem is besz\u00e9lve a m\u00e1s m\u00e1rk\u00e1k riv\u00e1lisair\u00f3l.<\/p>\n","protected":false},"excerpt":{"rendered":"<p>A megh\u00edvottak k\u00f6z\u00f6tt azonban volt valaki, aki felt\u0171n\u0151en nem jelent meg: T\u00f3th Gabi, az \u00e9desanya m\u00e1sik l\u00e1nya. Sem \u0151, sem&#8230; <span class=\"gridview-grid-post-read-more\"><a href=\"https:\/\/matrend.hu\/nekedinfo\/toth-gabi-nagyon-meglazta-az-edesanyjat\/\">read more<span class=\"gridview-sr-only\"> T\u00f3th Gabi nagyon megl\u00e1zta az \u00e9desanyj\u00e1t!<\/span><\/a><\/span><\/p>\n","protected":false},"author":1,"featured_media":2398,"comment_status":"open","ping_status":"open","sticky":false,"template":"","format":"standard","meta":{"footnotes":""},"categories":[1],"tags":[],"class_list":["post-2396","post","type-post","status-publish","format-standard","has-post-thumbnail","hentry","category-egyeb","wpcat-1-id"],"_links":{"self":[{"href":"https:\/\/matrend.hu\/nekedinfo\/wp-json\/wp\/v2\/posts\/2396","targetHints":{"allow":["GET"]}}],"collection":[{"href":"https:\/\/matrend.hu\/nekedinfo\/wp-json\/wp\/v2\/posts"}],"about":[{"href":"https:\/\/matrend.hu\/nekedinfo\/wp-json\/wp\/v2\/types\/post"}],"author":[{"embeddable":true,"href":"https:\/\/matrend.hu\/nekedinfo\/wp-json\/wp\/v2\/users\/1"}],"replies":[{"embeddable":true,"href":"https:\/\/matrend.hu\/nekedinfo\/wp-json\/wp\/v2\/comments?post=2396"}],"version-history":[{"count":1,"href":"https:\/\/matrend.hu\/nekedinfo\/wp-json\/wp\/v2\/posts\/2396\/revisions"}],"predecessor-version":[{"id":2399,"href":"https:\/\/matrend.hu\/nekedinfo\/wp-json\/wp\/v2\/posts\/2396\/revisions\/2399"}],"wp:featuredmedia":[{"embeddable":true,"href":"https:\/\/matrend.hu\/nekedinfo\/wp-json\/wp\/v2\/media\/2398"}],"wp:attachment":[{"href":"https:\/\/matrend.hu\/nekedinfo\/wp-json\/wp\/v2\/media?parent=2396"}],"wp:term":[{"taxonomy":"category","embeddable":true,"href":"https:\/\/matrend.hu\/nekedinfo\/wp-json\/wp\/v2\/categories?post=2396"},{"taxonomy":"post_tag","embeddable":true,"href":"https:\/\/matrend.hu\/nekedinfo\/wp-json\/wp\/v2\/tags?post=2396"}],"curies":[{"name":"wp","href":"https:\/\/api.w.org\/{rel}","templated":true}]}}