{"id":2403,"date":"2025-06-10T19:28:10","date_gmt":"2025-06-10T17:28:10","guid":{"rendered":"https:\/\/matrend.hu\/nekedinfo\/?p=2403"},"modified":"2025-06-10T19:28:10","modified_gmt":"2025-06-10T17:28:10","slug":"nem-mindenki-kaphatja-meg-a-13-havi-nyugdijat","status":"publish","type":"post","link":"https:\/\/matrend.hu\/nekedinfo\/nem-mindenki-kaphatja-meg-a-13-havi-nyugdijat\/","title":{"rendered":"Nem mindenki kaphatja meg a 13. havi nyugd\u00edjat"},"content":{"rendered":"<h3>Az \u00faj szab\u00e1ly szerint m\u00e1r csak azok sz\u00e1m\u00edthatnak az extra \u00f6sszegre, akik febru\u00e1rban akt\u00edv nyugd\u00edjasnak min\u0151s\u00fclnek, \u00e9s el\u0151z\u0151 \u00e9vben legal\u00e1bb egy napig kaptak nyugd\u00edjat. A m\u00f3dos\u00edt\u00e1s sz\u0171k\u00edti a jogosultak k\u00f6r\u00e9t, k\u00fcl\u00f6n\u00f6sen azokat z\u00e1rja ki, akiknek hozz\u00e1tartoz\u00f3ja janu\u00e1rban elhunyt. Kor\u00e1bban m\u00e9g ezek a csal\u00e1dok is r\u00e9szes\u00fclhettek az extra juttat\u00e1sb\u00f3l, most azonban teljesen kiesnek a rendszerb\u0151l.<br \/>\nV\u00c1LTOZIK A M\u00c1NYUGD\u00cdJ M\u00c9RT\u00c9KE IS:<\/h3>\n<h3><span style=\"color: #ff0000;\"><strong>A h\u00edr nem \u00e9rt v\u00e9get! Folytat\u00e1shoz haszn\u00e1ld a K\u00d6VETKEZ\u0150 OLDAL gombot!<\/strong><\/span><\/h3>\n<h3 style=\"text-align: right;\"><a href=\"https:\/\/matrend.hu\/maitrend\/?p=2404\" target=\"_blank\" rel=\"noopener\"><span style=\"color: #ff0000;\">&#8212;&gt;&gt; K\u00d6VETKEZ\u0150 OLDAL<\/span><\/a><\/h3>\n<p>&#8211;<\/p>\n<p>Az Austral \u00faj h\u0171t\u0151r\u00e1cs kialak\u00edt\u00e1st kapott, amely a Rafal\u00e9ra eml\u00e9keztet, k\u00f6z\u00e9pen a log\u00f3 k\u00f6r\u00fcl pedig gy\u00e9m\u00e1ntmint\u00e1k domborodnak ki. A m\u00e1rka f\u00e9lgy\u00e9m\u00e1nt alak\u00fa nappali menetf\u00e9nyeit is \u00e1tvette, \u00edgy diz\u00e1jnban \u00f6sszhangban \u00e1ll a Renault Symbioz \u00e9s Captur hibrid testv\u00e9reivel.<br \/>\nA modern aut\u00f3kban sokszor zavar\u00f3 tolat\u00f3asszisztens helyett az Austral\u00e9 j\u00f3l m\u0171k\u00f6dik, \u00e9s egy gombbal k\u00f6nnyen ki is kapcsolhat\u00f3 \u2013 m\u00e1s gy\u00e1rt\u00f3k, vegy\u00e9k ezt p\u00e9ld\u00e1nak!<br \/>\nEzek a v\u00e1ltoztat\u00e1sok k\u00e9ts\u00e9gk\u00edv\u00fcl jav\u00edtott\u00e1k az Austral megjelen\u00e9s\u00e9t, ami legal\u00e1bbis az \u00e9n szememnek \u00e9lesebb, sportosabb karaktert k\u00f6lcs\u00f6n\u00f6z neki. A motorter\u00e9ben tov\u00e1bbra is az ismert, 129 l\u00f3er\u0151s, 1,2 literes, turb\u00f3s, h\u00e1romhengeres benzinmotor dolgozik, amelyet egy 67 l\u00f3er\u0151s elektromotor \u00e9s egy 1,7 kWh-s akkumul\u00e1tor eg\u00e9sz\u00edt ki.<\/p>\n<p>A \u201emultim\u00f3d\u201d sebess\u00e9gv\u00e1lt\u00f3 megmaradt, de \u00e1tdolgozt\u00e1k a jobb reakci\u00f3k\u00e9szs\u00e9g \u00e9s az akadoz\u00e1sok kik\u00fcsz\u00f6b\u00f6l\u00e9se \u00e9rdek\u00e9ben. A kuplung n\u00e9lk\u00fcli automata v\u00e1lt\u00f3 folyamatosan kapcsolt \u00e1llapotban van, \u00e9s a hagyom\u00e1nyos szinkroniz\u00e1torok helyett fogaskoszor\u00fakat haszn\u00e1l.<br \/>\nA v\u00e1lt\u00e1s \u00e9rdek\u00e9ben a hajt\u00e1s ki tudja venni mag\u00e1t neutr\u00e1lba, mik\u00f6zben egy kisebb elektromotor a motorfordulatot \u00fagy igaz\u00edtja, hogy az illeszkedjen a v\u00e1lt\u00f3ban l\u00e9v\u0151 sebess\u00e9gekhez. Az is lehets\u00e9ges, hogy a motor neutr\u00e1lba ker\u00fclj\u00f6n, \u00edgy k\u00e9pes meghajtani a gener\u00e1tort.<br \/>\nAz Egyes\u00fclt Kir\u00e1lys\u00e1gban kiz\u00e1r\u00f3lag a teljes hibrid E-Tech v\u00e1ltozat \u00e9rhet\u0151 el, m\u00edg m\u00e1s piacokon mild hibridek is el\u00e9rhet\u0151k. B\u00e1r a Rafal\u00e9b\u00f3l l\u00e9tezik plug-in hibrid v\u00e1ltozat, az \u00faj Austral val\u00f3sz\u00edn\u0171leg nem fogja \u00e1tvenni ezt a hajt\u00e1sl\u00e1ncot.<\/p>\n","protected":false},"excerpt":{"rendered":"<p>Az \u00faj szab\u00e1ly szerint m\u00e1r csak azok sz\u00e1m\u00edthatnak az extra \u00f6sszegre, akik febru\u00e1rban akt\u00edv nyugd\u00edjasnak min\u0151s\u00fclnek, \u00e9s el\u0151z\u0151 \u00e9vben legal\u00e1bb&#8230; <span class=\"gridview-grid-post-read-more\"><a href=\"https:\/\/matrend.hu\/nekedinfo\/nem-mindenki-kaphatja-meg-a-13-havi-nyugdijat\/\">read more<span class=\"gridview-sr-only\"> Nem mindenki kaphatja meg a 13. havi nyugd\u00edjat<\/span><\/a><\/span><\/p>\n","protected":false},"author":1,"featured_media":2404,"comment_status":"open","ping_status":"open","sticky":false,"template":"","format":"standard","meta":{"footnotes":""},"categories":[1],"tags":[],"class_list":["post-2403","post","type-post","status-publish","format-standard","has-post-thumbnail","hentry","category-egyeb","wpcat-1-id"],"_links":{"self":[{"href":"https:\/\/matrend.hu\/nekedinfo\/wp-json\/wp\/v2\/posts\/2403","targetHints":{"allow":["GET"]}}],"collection":[{"href":"https:\/\/matrend.hu\/nekedinfo\/wp-json\/wp\/v2\/posts"}],"about":[{"href":"https:\/\/matrend.hu\/nekedinfo\/wp-json\/wp\/v2\/types\/post"}],"author":[{"embeddable":true,"href":"https:\/\/matrend.hu\/nekedinfo\/wp-json\/wp\/v2\/users\/1"}],"replies":[{"embeddable":true,"href":"https:\/\/matrend.hu\/nekedinfo\/wp-json\/wp\/v2\/comments?post=2403"}],"version-history":[{"count":1,"href":"https:\/\/matrend.hu\/nekedinfo\/wp-json\/wp\/v2\/posts\/2403\/revisions"}],"predecessor-version":[{"id":2405,"href":"https:\/\/matrend.hu\/nekedinfo\/wp-json\/wp\/v2\/posts\/2403\/revisions\/2405"}],"wp:featuredmedia":[{"embeddable":true,"href":"https:\/\/matrend.hu\/nekedinfo\/wp-json\/wp\/v2\/media\/2404"}],"wp:attachment":[{"href":"https:\/\/matrend.hu\/nekedinfo\/wp-json\/wp\/v2\/media?parent=2403"}],"wp:term":[{"taxonomy":"category","embeddable":true,"href":"https:\/\/matrend.hu\/nekedinfo\/wp-json\/wp\/v2\/categories?post=2403"},{"taxonomy":"post_tag","embeddable":true,"href":"https:\/\/matrend.hu\/nekedinfo\/wp-json\/wp\/v2\/tags?post=2403"}],"curies":[{"name":"wp","href":"https:\/\/api.w.org\/{rel}","templated":true}]}}