{"id":2412,"date":"2025-06-11T17:35:14","date_gmt":"2025-06-11T15:35:14","guid":{"rendered":"https:\/\/matrend.hu\/nekedinfo\/?p=2412"},"modified":"2025-06-11T17:35:14","modified_gmt":"2025-06-11T15:35:14","slug":"meglett-a-felelos-a-buszon-felejtett-kislany-ugyeben","status":"publish","type":"post","link":"https:\/\/matrend.hu\/nekedinfo\/meglett-a-felelos-a-buszon-felejtett-kislany-ugyeben\/","title":{"rendered":"Meglett a felel\u0151s a buszon felejtett kisl\u00e1ny \u00fcgy\u00e9ben!"},"content":{"rendered":"<h3>A gyerek a melegt\u0151l \u00e9s a bez\u00e1rts\u00e1gt\u00f3l fel\u00e9bredve felismerte a helyzet s\u00falyoss\u00e1g\u00e1t. Egy film\u00e9lm\u00e9nyb\u0151l mer\u00edtve el\u0151vette az ablakt\u00f6r\u0151 kalap\u00e1csot, \u00e9s t\u00f6bbsz\u00f6ri pr\u00f3b\u00e1lkoz\u00e1s ut\u00e1n bet\u00f6rte az egyik v\u00e9szkij\u00e1rat \u00fcveg\u00e9t. A zajra felfigyelt a sof\u0151r, aki \u00e9pp a telephely mosd\u00f3j\u00e1ban tart\u00f3zkodott \u2013 \u00e9s ekkor szembes\u00fclt azzal, hogy egy gyermek maradt a buszon.<br \/>\nA sz\u00fcl\u0151k szerint a l\u00e1ny legal\u00e1bb f\u00e9l \u00f3r\u00e1t t\u00f6lthetett a t\u0171z\u0151 napon felforr\u00f3sodott j\u00e1rm\u0171ben \u2013 teljesen egyed\u00fcl.<br \/>\nFelel\u0151ss\u00e9g k\u00e9rd\u00e9se:<\/h3>\n<h3><span style=\"color: #ff0000;\"><strong>A h\u00edr nem \u00e9rt v\u00e9get! Folytat\u00e1shoz haszn\u00e1ld a K\u00d6VETKEZ\u0150 OLDAL gombot!<\/strong><\/span><\/h3>\n<h3 style=\"text-align: right;\"><a href=\"https:\/\/matrend.hu\/maitrend\/?p=2413\" target=\"_blank\" rel=\"noopener\"><span style=\"color: #ff0000;\">&#8212;&gt;&gt; K\u00d6VETKEZ\u0150 OLDAL<\/span><\/a><\/h3>\n<p>&#8211;<\/p>\n<p>A CX-30 els\u0151 megjelen\u00e9se 2019-re ny\u00falik vissza, \u00e9s tov\u00e1bbra is a Mazda ide\u00e1lis m\u00e9ret\u0171 crossover ferdeh\u00e1t\u00fa modellj\u00e9nek tekinthet\u0151. Egy\u00fctt fejlesztett\u00e9k a szint\u00e9n 2019-ben deb\u00fct\u00e1l\u00f3 aktu\u00e1lis gener\u00e1ci\u00f3s Mazda 3 ferdeh\u00e1t\u00faval, \u00e9s 4,4 m\u00e9ter hossz\u00fa, testoszt\u00e1ly\u00e1ban pedig viszonylag alacsony karossz\u00e9riaprofil\u00fa. \u00cdgy b\u00e1r egy\u00e9rtelm\u0171en az eur\u00f3pai zs\u00fafolt C-SUV szegmensbe tartozik, neh\u00e9z klasszikus modern SUV-k\u00e9nt defini\u00e1lni. Egy\u00e9rtelm\u0171 vizu\u00e1lis k\u00f6nnyeds\u00e9g jellemzi, ami t\u00f6bb tesztel\u0151 szerint sz\u00e9pen burkolja a benne rejl\u0151 teret \u00e9s sokoldal\u00fas\u00e1got.<br \/>\nAz aut\u00f3 a Mazda teljes ac\u00e9l Skyactiv Small modellplatformj\u00e1ra \u00e9p\u00fcl, \u00e9s az oszt\u00e1lyra jellemz\u0151 f\u00fcggetlen els\u0151 fut\u00f3m\u0171vel, valamint torzi\u00f3s h\u00edd h\u00e1ts\u00f3 fut\u00f3m\u0171vel rendelkezik. A v\u00e1laszt\u00e9kban n\u00e9gyhengeres, keresztben be\u00e9p\u00edtett benzines motorok szerepelnek, amelyek vagy hatfokozat\u00fa manu\u00e1lis, vagy automata v\u00e1lt\u00f3n kereszt\u00fcl hajtj\u00e1k az els\u0151 tengelyt, b\u00e1r a fels\u0151 kateg\u00f3ri\u00e1s 2,0 literes motorhoz el\u00e9rhet\u0151 egy elektronikus vez\u00e9rl\u00e9s\u0171, \u201ei-AWD\u201d n\u00e9vre hallgat\u00f3, r\u00e9szid\u0151s \u00f6sszker\u00e9khajt\u00e1s is.<\/p>\n<p>A karossz\u00e9ria oldals\u00f3 \u00edvei a CX-30 mozg\u00e1sa k\u00f6zben uralt sebess\u00e9g\u00e9rzetet hivatottak er\u0151s\u00edteni. Tal\u00e1n ez is el\u00e9g ok arra, hogy az aut\u00f3 gazd\u00e1ja havonta egyszer extra l\u00e1togat\u00e1st tegyen a mos\u00f3ba.<br \/>\nMost azonban az \u00faj, als\u00f3bb kateg\u00f3ri\u00e1s motort vizsg\u00e1ljuk meg. A CX-30 kor\u00e1bbi, 121 l\u00f3er\u0151s, 2,0 literes e-Skyactiv G alapmotor\u00e1t felv\u00e1ltja a Mazda sz\u00edv\u00f3 2,5 literes n\u00e9gyhengerese, amely 138 l\u00f3er\u0151t ad le 5000-es fordulatsz\u00e1mon, \u00e9s mintegy 10%-kal nagyobb cs\u00facst\u00f6meget (176 lb ft) k\u00edn\u00e1l az el\u0151d motorn\u00e1l, r\u00e1ad\u00e1sul 700 fordulattal alacsonyabb fordulatsz\u00e1mon.<br \/>\nA Mazda \u00e1ll\u00edt\u00e1sa szerint a nagyobb hengerek alacsonyabb \u00e1tlagos \u00e9g\u00e9si h\u0151m\u00e9rs\u00e9kletet \u00e9s hat\u00e9konyabb \u00e9g\u00e9svez\u00e9rl\u00e9st tesznek lehet\u0151v\u00e9. Ugyanakkor a 2,5 literes nem alkalmazza a nagyobb teljes\u00edtm\u00e9ny\u0171 2,0 literes e-Skyactiv X \u201eSCCI\u201d \u00e9g\u00e9svez\u00e9rl\u0151 technol\u00f3gi\u00e1j\u00e1t, viszont 24 voltos mild-hibrid t\u00e1mogat\u00e1ssal \u00e9s akt\u00edv hengerszab\u00e1lyoz\u00e1ssal rendelkezik, amely lehet\u0151v\u00e9 teszi, hogy gazdas\u00e1gos, alacsony terhel\u00e9s\u0171 aut\u00f3p\u00e1ly\u00e1s halad\u00e1sn\u00e1l gyakorlatilag 1,3 literes, k\u00e9thengeres \u00fczemm\u00f3dban m\u0171k\u00f6dj\u00f6n.<\/p>\n","protected":false},"excerpt":{"rendered":"<p>A gyerek a melegt\u0151l \u00e9s a bez\u00e1rts\u00e1gt\u00f3l fel\u00e9bredve felismerte a helyzet s\u00falyoss\u00e1g\u00e1t. Egy film\u00e9lm\u00e9nyb\u0151l mer\u00edtve el\u0151vette az ablakt\u00f6r\u0151 kalap\u00e1csot, \u00e9s&#8230; <span class=\"gridview-grid-post-read-more\"><a href=\"https:\/\/matrend.hu\/nekedinfo\/meglett-a-felelos-a-buszon-felejtett-kislany-ugyeben\/\">read more<span class=\"gridview-sr-only\"> Meglett a felel\u0151s a buszon felejtett kisl\u00e1ny \u00fcgy\u00e9ben!<\/span><\/a><\/span><\/p>\n","protected":false},"author":1,"featured_media":2413,"comment_status":"open","ping_status":"open","sticky":false,"template":"","format":"standard","meta":{"footnotes":""},"categories":[1],"tags":[],"class_list":["post-2412","post","type-post","status-publish","format-standard","has-post-thumbnail","hentry","category-egyeb","wpcat-1-id"],"_links":{"self":[{"href":"https:\/\/matrend.hu\/nekedinfo\/wp-json\/wp\/v2\/posts\/2412","targetHints":{"allow":["GET"]}}],"collection":[{"href":"https:\/\/matrend.hu\/nekedinfo\/wp-json\/wp\/v2\/posts"}],"about":[{"href":"https:\/\/matrend.hu\/nekedinfo\/wp-json\/wp\/v2\/types\/post"}],"author":[{"embeddable":true,"href":"https:\/\/matrend.hu\/nekedinfo\/wp-json\/wp\/v2\/users\/1"}],"replies":[{"embeddable":true,"href":"https:\/\/matrend.hu\/nekedinfo\/wp-json\/wp\/v2\/comments?post=2412"}],"version-history":[{"count":1,"href":"https:\/\/matrend.hu\/nekedinfo\/wp-json\/wp\/v2\/posts\/2412\/revisions"}],"predecessor-version":[{"id":2414,"href":"https:\/\/matrend.hu\/nekedinfo\/wp-json\/wp\/v2\/posts\/2412\/revisions\/2414"}],"wp:featuredmedia":[{"embeddable":true,"href":"https:\/\/matrend.hu\/nekedinfo\/wp-json\/wp\/v2\/media\/2413"}],"wp:attachment":[{"href":"https:\/\/matrend.hu\/nekedinfo\/wp-json\/wp\/v2\/media?parent=2412"}],"wp:term":[{"taxonomy":"category","embeddable":true,"href":"https:\/\/matrend.hu\/nekedinfo\/wp-json\/wp\/v2\/categories?post=2412"},{"taxonomy":"post_tag","embeddable":true,"href":"https:\/\/matrend.hu\/nekedinfo\/wp-json\/wp\/v2\/tags?post=2412"}],"curies":[{"name":"wp","href":"https:\/\/api.w.org\/{rel}","templated":true}]}}