{"id":2415,"date":"2025-06-11T20:21:35","date_gmt":"2025-06-11T18:21:35","guid":{"rendered":"https:\/\/matrend.hu\/nekedinfo\/?p=2415"},"modified":"2025-06-11T20:21:35","modified_gmt":"2025-06-11T18:21:35","slug":"elkaptak-az-uvegvisszavalto-nyugdijas-csalokat","status":"publish","type":"post","link":"https:\/\/matrend.hu\/nekedinfo\/elkaptak-az-uvegvisszavalto-nyugdijas-csalokat\/","title":{"rendered":"Elkapt\u00e1k az \u00fcvegvisszav\u00e1lt\u00f3  nyugd\u00edjas csal\u00f3kat!"},"content":{"rendered":"<h3>A rend\u0151rs\u00e9g t\u00e1j\u00e9koztat\u00e1sa szerint a 70 \u00e9ves n\u0151 \u00e9s 48 \u00e9ves fia 2024 augusztusa \u00f3ta m\u00f3dszeresen \u00e9p\u00edtettek fel egy csal\u00e1si rendszert. El\u0151sz\u00f6r nem visszav\u00e1lthat\u00f3 palackokat l\u00e1ttak el hamis vonalk\u00f3dos c\u00edmk\u00e9kkel. K\u00e9s\u0151bb szintet l\u00e9ptek: m\u00e1r otthon k\u00e9sz\u00edtettek hamis visszav\u00e1lt\u00e1si vouchereket, amelyeket az \u00f6nkiszolg\u00e1l\u00f3 kassz\u00e1kn\u00e1l v\u00e1ltottak be. Olyan apr\u00f3 t\u00e9teleket v\u00e1s\u00e1roltak, hogy a k\u00fcl\u00f6nb\u00f6zetet rendre k\u00e9szp\u00e9nzben kapt\u00e1k vissza.<br \/>\nEZ LETT A SORSUK:<\/h3>\n<h3><span style=\"color: #ff0000;\"><strong>A h\u00edr nem \u00e9rt v\u00e9get! Folytat\u00e1shoz haszn\u00e1ld a K\u00d6VETKEZ\u0150 OLDAL gombot!<\/strong><\/span><\/h3>\n<h3 style=\"text-align: right;\"><a href=\"https:\/\/matrend.hu\/maitrend\/?p=2416\" target=\"_blank\" rel=\"noopener\"><span style=\"color: #ff0000;\">&#8212;&gt;&gt; K\u00d6VETKEZ\u0150 OLDAL<\/span><\/a><\/h3>\n<p>&#8211;<\/p>\n<p>A sort a Kia nyitotta meg a vadonat\u00faj, tiszt\u00e1n elektromos EV9 modellel, majd nem sokkal k\u00e9s\u0151bb a Skoda is bemutatta a Kodiaq m\u00e1sodik gener\u00e1ci\u00f3j\u00e1t. Ezt k\u00f6vet\u0151en a Kia (ism\u00e9t) \u00e9s a Hyundai is felfriss\u00edtette hagyom\u00e1nyos, bels\u0151 \u00e9g\u00e9s\u0171 motorral hajtott modelljeit, a Sorent\u00f3t \u00e9s a Santa F\u00e9-t.<br \/>\nA Stellantis csoport, b\u0151s\u00e9ges m\u00e1rkak\u00edn\u00e1lata ellen\u00e9re, mindeddig csak egy ilyen jelleg\u0171 aut\u00f3t k\u00edn\u00e1lt Eur\u00f3p\u00e1ban, a Peugeot 5008-ast, \u00edgy \u00e9rthet\u0151 m\u00f3don nem maradhatott le: az \u00e9v v\u00e9g\u00e9n be is mutatt\u00e1k a modell vadonat\u00faj gener\u00e1ci\u00f3j\u00e1t.<br \/>\nAz \u00faj 5008 az STLA Medium nev\u0171 padl\u00f3lemezre \u00e9p\u00fcl, \u00e9s \u2013 ahogy az a csoport legt\u00f6bb \u00faj term\u00e9k\u00e9n\u00e9l lenni szokott \u2013 el\u00e9rhet\u0151 tiszt\u00e1n elektromos \u00e9s bels\u0151 \u00e9g\u00e9s\u0171 v\u00e1ltozatban is. Itt most az el\u00e9rhet\u0151bb \u00e1r\u00fa hibrid v\u00e1ltozatra f\u00f3kusz\u00e1lunk.<\/p>\n<p>A Peugeot a 3008 \u00e9s 5008 modellekn\u00e9l egyfajta tanulm\u00e1nyaut\u00f3s hangulatot pr\u00f3b\u00e1lt megid\u00e9zni \u2013 \u00e9s sikerrel j\u00e1rt. A pici korm\u00e1nyker\u00e9k, a \u201elebeg\u0151\u201d hat\u00e1s\u00fa sz\u00e9les k\u00e9perny\u0151, a magasra h\u00fazott k\u00f6z\u00e9pkonzol, valamint az \u00e9rdekes anyaghaszn\u00e1lat \u00e9s sz\u00f6vetek k\u00fcl\u00f6nleges l\u00e9gk\u00f6rt teremtenek az utast\u00e9rben.<br \/>\nB\u00e1r a kis \u00e1tm\u00e9r\u0151j\u0171, alacsonyan elhelyezett korm\u00e1ny m\u00e9g mindig megoszt\u00f3 elem, ebben a gener\u00e1ci\u00f3ban jobban siker\u00fclt integr\u00e1lni, mivel a m\u0171szeregys\u00e9g kijelz\u0151je magasabbra ker\u00fclt. A magasabb vezet\u0151knek \u00e9rdemes lehet az 1100 fontos b\u0151rk\u00e1rpitot v\u00e1lasztani, mivel ez az egyetlen m\u00f3dja annak, hogy az \u00fcl\u0151lap d\u0151l\u00e9ssz\u00f6g\u00e9t \u00e1ll\u00edtani lehessen.<\/p>\n","protected":false},"excerpt":{"rendered":"<p>A rend\u0151rs\u00e9g t\u00e1j\u00e9koztat\u00e1sa szerint a 70 \u00e9ves n\u0151 \u00e9s 48 \u00e9ves fia 2024 augusztusa \u00f3ta m\u00f3dszeresen \u00e9p\u00edtettek fel egy csal\u00e1si&#8230; <span class=\"gridview-grid-post-read-more\"><a href=\"https:\/\/matrend.hu\/nekedinfo\/elkaptak-az-uvegvisszavalto-nyugdijas-csalokat\/\">read more<span class=\"gridview-sr-only\"> Elkapt\u00e1k az \u00fcvegvisszav\u00e1lt\u00f3  nyugd\u00edjas csal\u00f3kat!<\/span><\/a><\/span><\/p>\n","protected":false},"author":1,"featured_media":2422,"comment_status":"open","ping_status":"open","sticky":false,"template":"","format":"standard","meta":{"footnotes":""},"categories":[1],"tags":[],"class_list":["post-2415","post","type-post","status-publish","format-standard","has-post-thumbnail","hentry","category-egyeb","wpcat-1-id"],"_links":{"self":[{"href":"https:\/\/matrend.hu\/nekedinfo\/wp-json\/wp\/v2\/posts\/2415","targetHints":{"allow":["GET"]}}],"collection":[{"href":"https:\/\/matrend.hu\/nekedinfo\/wp-json\/wp\/v2\/posts"}],"about":[{"href":"https:\/\/matrend.hu\/nekedinfo\/wp-json\/wp\/v2\/types\/post"}],"author":[{"embeddable":true,"href":"https:\/\/matrend.hu\/nekedinfo\/wp-json\/wp\/v2\/users\/1"}],"replies":[{"embeddable":true,"href":"https:\/\/matrend.hu\/nekedinfo\/wp-json\/wp\/v2\/comments?post=2415"}],"version-history":[{"count":1,"href":"https:\/\/matrend.hu\/nekedinfo\/wp-json\/wp\/v2\/posts\/2415\/revisions"}],"predecessor-version":[{"id":2423,"href":"https:\/\/matrend.hu\/nekedinfo\/wp-json\/wp\/v2\/posts\/2415\/revisions\/2423"}],"wp:featuredmedia":[{"embeddable":true,"href":"https:\/\/matrend.hu\/nekedinfo\/wp-json\/wp\/v2\/media\/2422"}],"wp:attachment":[{"href":"https:\/\/matrend.hu\/nekedinfo\/wp-json\/wp\/v2\/media?parent=2415"}],"wp:term":[{"taxonomy":"category","embeddable":true,"href":"https:\/\/matrend.hu\/nekedinfo\/wp-json\/wp\/v2\/categories?post=2415"},{"taxonomy":"post_tag","embeddable":true,"href":"https:\/\/matrend.hu\/nekedinfo\/wp-json\/wp\/v2\/tags?post=2415"}],"curies":[{"name":"wp","href":"https:\/\/api.w.org\/{rel}","templated":true}]}}