{"id":2416,"date":"2025-06-11T19:07:47","date_gmt":"2025-06-11T17:07:47","guid":{"rendered":"https:\/\/matrend.hu\/nekedinfo\/?p=2416"},"modified":"2025-06-11T19:07:47","modified_gmt":"2025-06-11T17:07:47","slug":"kigyulladt-a-volanbusz","status":"publish","type":"post","link":"https:\/\/matrend.hu\/nekedinfo\/kigyulladt-a-volanbusz\/","title":{"rendered":"Kigyulladt a t\u00e1vols\u00e1gi Vol\u00e1nbusz"},"content":{"rendered":"<h3>B\u00e1r t\u00f6bb mint egy tucat utast sz\u00e1ll\u00edtott a j\u00e1rm\u0171, \u00fagy tudjuk, mindenki id\u0151ben el tudta hagyni a pokoli katlant. A j\u00e1rm\u0171v\u00f6n tizenkilenc ember utazott, mindenki le tudott sz\u00e1llni \u2013 k\u00f6z\u00f6lte az Orsz\u00e1gos Katasztr\u00f3fav\u00e9delmi Igazgat\u00f3s\u00e1g. Az esethez rekordgyorsas\u00e1ggal vonult ki a t\u0171zolt\u00f3k, \u00e9s id\u0151ben el is oltott\u00e1k a l\u00e1ngoka, azonban a j\u00e1rm\u0171 szinte teljesen ki\u00e9gett.<\/h3>\n<h3><span style=\"color: #ff0000;\"><strong>A h\u00edr nem \u00e9rt v\u00e9get! Folytat\u00e1shoz haszn\u00e1ld a K\u00d6VETKEZ\u0150 OLDAL gombot!<\/strong><\/span><\/h3>\n<h3 style=\"text-align: right;\"><a href=\"https:\/\/matrend.hu\/maitrend\/?p=2417\" target=\"_blank\" rel=\"noopener\"><span style=\"color: #ff0000;\">&#8212;&gt;&gt; K\u00d6VETKEZ\u0150 OLDAL<\/span><\/a><\/h3>\n<p>&#8211;<\/p>\n<p>2019-ben a Clio teljesen \u00faj modellk\u00e9nt deb\u00fct\u00e1lt. Minden karossz\u00e9riaeleme \u00faj volt, \u00e9s a Renault\u2013Nissan\u2013Mitsubishi Sz\u00f6vets\u00e9g k\u00f6z\u00f6s fejleszt\u00e9s\u0171 CMF-B platformj\u00e1ra \u00e9p\u00fclt, amelyet m\u00e1r az elektromos hajt\u00e1sl\u00e1ncok \u00e9s vezet\u00e9st\u00e1mogat\u00f3 rendszerek figyelembev\u00e9tel\u00e9vel terveztek.<\/p>\n<p>2024-re az \u00faj Clio modernebb k\u00fcls\u0151t kapott, de m\u00e9retei v\u00e1ltozatlanok maradtak: hossza 4053 mm, sz\u00e9less\u00e9ge 1988 mm, magass\u00e1ga 1440 mm \u2013 pontosan megegyeznek az el\u0151z\u0151 modell adataival.<\/p>\n<p>Megkapta a Renault \u00faj log\u00f3j\u00e1t, \u00e9s ez az els\u0151 modell, amelyen megjelenik a m\u00e1rka \u00faj, teljes LED-es f\u00e9nydiz\u00e1jnja \u2013 m\u00e1r az alap Evolution felszerelts\u00e9gen is. Emellett \u00faj h\u00e1ts\u00f3 diff\u00fazor \u00e9s jobb aerodinamikai megold\u00e1sok jelentek meg az orr- \u00e9s a fart\u00e9rben is.<\/p>\n<p>A felf\u00fcggeszt\u00e9s el\u00f6l MacPherson rug\u00f3stagos, h\u00e1tul csatolt leng\u0151karos. Ez ebben a kateg\u00f3ri\u00e1ban teljesen megszokott, ahol a k\u00f6lts\u00e9gek \u00e1ltal\u00e1ban kiz\u00e1rj\u00e1k az enn\u00e9l bonyolultabb megold\u00e1sokat. \u00c1m ha van valaki, aki k\u00e9pes a legegyszer\u0171bb fut\u00f3m\u0171b\u0151l is j\u00f3 menetkomfortot \u00e9s kezelhet\u0151s\u00e9get kihozni, akkor az bizony a francia ipar \u2013 ezt a t\u00f6rt\u00e9nelem m\u00e1r t\u00f6bbsz\u00f6r bebizony\u00edtotta.<\/p>\n<p>A Clio k\u00fclsej\u00e9nek visszafogott friss\u00edt\u00e9s\u00e9vel ellent\u00e9tben a bels\u0151 t\u00e9r teljesen \u00faj ir\u00e1nyt vett \u2013 \u00e9s ez kifejezetten j\u00f3t tett neki. Ami a meg\u00fajul\u00e1st illeti, a v\u00e1ltoz\u00e1s jelent\u0151s, \u00e9s az eredm\u00e9ny t\u00f6bbnyire nagyon is pozit\u00edv.<\/p>\n<p>Eszt\u00e9tikai szempontb\u00f3l az \u00faj Clio utastere az egyik legmodernebb \u00e9s legl\u00e1tv\u00e1nyosabb a kateg\u00f3ri\u00e1j\u00e1ban \u2013 a letisztult, minimalista diz\u00e1jn kulcsszerepet j\u00e1tszik ebben a sikerben.<\/p>\n<p>Kiemelend\u0151ek a v\u00edzszintesen fut\u00f3 l\u00e9gbe\u00f6ml\u0151k, amelyek v\u00e9gigvonulnak a m\u0171szerfal tetej\u00e9n, valamint a tabletes megjelen\u00e9s\u0171 k\u00f6z\u00e9ps\u0151 kijelz\u0151 \u00e9s a gombok visszafogott haszn\u00e1lata \u2013 ezek mind \u00e9rettebb\u00e9 \u00e9s kifinomultabb\u00e1 teszik a bels\u0151 teret, mint amit az el\u0151z\u0151 gener\u00e1ci\u00f3 valaha k\u00edn\u00e1lt.<\/p>\n<p>A magasabb felszerelts\u00e9gi szintek m\u00e9g hangs\u00falyosabban mutatj\u00e1k be ezt a vonz\u00f3 \u00faj formanyelvet: t\u00f6bb sz\u00ednt \u00e9s puha tapint\u00e1s\u00fa m\u0171anyagot alkalmaznak, k\u00fcl\u00f6n\u00f6sen az ajt\u00f3kon \u00e9s a m\u0171szerfalon. Ezzel szemben a tesztelt k\u00f6z\u00e9pszint\u0171 Iconic felszerelts\u00e9g\u00fcnk ink\u00e1bb komolyabb, egysz\u00edn\u0171 benyom\u00e1st keltett \u2013 de \u00edgy is j\u00f3val st\u00edlusosabb, mint p\u00e9ld\u00e1ul a Ford Fiesta vagy a kifut\u00f3 Vauxhall Corsa.<\/p>\n","protected":false},"excerpt":{"rendered":"<p>B\u00e1r t\u00f6bb mint egy tucat utast sz\u00e1ll\u00edtott a j\u00e1rm\u0171, \u00fagy tudjuk, mindenki id\u0151ben el tudta hagyni a pokoli katlant. A&#8230; <span class=\"gridview-grid-post-read-more\"><a href=\"https:\/\/matrend.hu\/nekedinfo\/kigyulladt-a-volanbusz\/\">read more<span class=\"gridview-sr-only\"> Kigyulladt a t\u00e1vols\u00e1gi Vol\u00e1nbusz<\/span><\/a><\/span><\/p>\n","protected":false},"author":1,"featured_media":2417,"comment_status":"open","ping_status":"open","sticky":false,"template":"","format":"standard","meta":{"footnotes":""},"categories":[1],"tags":[],"class_list":["post-2416","post","type-post","status-publish","format-standard","has-post-thumbnail","hentry","category-egyeb","wpcat-1-id"],"_links":{"self":[{"href":"https:\/\/matrend.hu\/nekedinfo\/wp-json\/wp\/v2\/posts\/2416","targetHints":{"allow":["GET"]}}],"collection":[{"href":"https:\/\/matrend.hu\/nekedinfo\/wp-json\/wp\/v2\/posts"}],"about":[{"href":"https:\/\/matrend.hu\/nekedinfo\/wp-json\/wp\/v2\/types\/post"}],"author":[{"embeddable":true,"href":"https:\/\/matrend.hu\/nekedinfo\/wp-json\/wp\/v2\/users\/1"}],"replies":[{"embeddable":true,"href":"https:\/\/matrend.hu\/nekedinfo\/wp-json\/wp\/v2\/comments?post=2416"}],"version-history":[{"count":1,"href":"https:\/\/matrend.hu\/nekedinfo\/wp-json\/wp\/v2\/posts\/2416\/revisions"}],"predecessor-version":[{"id":2418,"href":"https:\/\/matrend.hu\/nekedinfo\/wp-json\/wp\/v2\/posts\/2416\/revisions\/2418"}],"wp:featuredmedia":[{"embeddable":true,"href":"https:\/\/matrend.hu\/nekedinfo\/wp-json\/wp\/v2\/media\/2417"}],"wp:attachment":[{"href":"https:\/\/matrend.hu\/nekedinfo\/wp-json\/wp\/v2\/media?parent=2416"}],"wp:term":[{"taxonomy":"category","embeddable":true,"href":"https:\/\/matrend.hu\/nekedinfo\/wp-json\/wp\/v2\/categories?post=2416"},{"taxonomy":"post_tag","embeddable":true,"href":"https:\/\/matrend.hu\/nekedinfo\/wp-json\/wp\/v2\/tags?post=2416"}],"curies":[{"name":"wp","href":"https:\/\/api.w.org\/{rel}","templated":true}]}}