{"id":2419,"date":"2025-06-11T19:44:59","date_gmt":"2025-06-11T17:44:59","guid":{"rendered":"https:\/\/matrend.hu\/nekedinfo\/?p=2419"},"modified":"2025-06-11T19:44:59","modified_gmt":"2025-06-11T17:44:59","slug":"oromhir-erkezett-jon-az-extra-nyari-nyaralasi-nyugdij","status":"publish","type":"post","link":"https:\/\/matrend.hu\/nekedinfo\/oromhir-erkezett-jon-az-extra-nyari-nyaralasi-nyugdij\/","title":{"rendered":"\u00d6r\u00f6mh\u00edr \u00e9rkezett! J\u00f6n az extra ny\u00e1ri (nyaral\u00e1si) nyugd\u00edj!"},"content":{"rendered":"<h3>A 2025-es valoriz\u00e1ci\u00f3s szorz\u00f3sz\u00e1mok lehet\u0151s\u00e9get adnak a nyugell\u00e1t\u00e1s \u00fajrasz\u00e1m\u00edt\u00e1s\u00e1ra azoknak, akik dolgoztak nyugd\u00edj el\u0151tt \u00e9s az ell\u00e1t\u00e1suk \u00f6regs\u00e9gi nyugd\u00edjba v\u00e1lt \u00e1t. A korhat\u00e1r el\u0151tti ell\u00e1t\u00e1sokat a nyugd\u00edjkorhat\u00e1r el\u00e9r\u00e9s\u00e9ig foly\u00f3s\u00edtj\u00e1k, majd \u00f6regs\u00e9gi nyugd\u00edjk\u00e9nt v\u00e1ltozatlan \u00f6sszegben tov\u00e1bb\u00edtj\u00e1k.<\/h3>\n<h3><span style=\"color: #ff0000;\"><strong>A h\u00edr nem \u00e9rt v\u00e9get! Folytat\u00e1shoz haszn\u00e1ld a K\u00d6VETKEZ\u0150 OLDAL gombot!<\/strong><\/span><\/h3>\n<h3 style=\"text-align: right;\"><a href=\"https:\/\/matrend.hu\/maitrend\/?p=2423\" target=\"_blank\" rel=\"noopener\"><span style=\"color: #ff0000;\">&#8212;&gt;&gt; K\u00d6VETKEZ\u0150 OLDAL<\/span><\/a><\/h3>\n<p>&#8211;<\/p>\n<p>A Leon hat\u00e1rozotts\u00e1got sug\u00e1roz, amikor kanyarokkal tal\u00e1lkozol. Nincs itt semmi er\u0151ltetett sportoss\u00e1g, se feleslegesen neh\u00e9z korm\u00e1nyz\u00e1s, kem\u00e9ny felf\u00fcggeszt\u00e9s vagy bonyolult Haldex n\u00e9gyker\u00e9k-meghajt\u00e1s (hacsak nem a leger\u0151sebb kombi v\u00e1ltozatot v\u00e1lasztod).<\/p>\n<p>Az alapfelszerelts\u00e9g\u0171 VZ1 18 colos kerekeket kap 225-\u00f6s gumikkal \u00e9s passz\u00edv leng\u00e9scsillap\u00edt\u00f3kkal. Gyan\u00edtjuk, hogy ez az \u00f6ssze\u00e1ll\u00edt\u00e1s j\u00f3l harmoniz\u00e1l az aut\u00f3 karakter\u00e9vel. Tesztaut\u00f3nk viszont 19 colos kerekeken gurult, 10 mm-rel sz\u00e9lesebb gumikon \u00e9s adapt\u00edv leng\u00e9scsillap\u00edt\u00f3kkal \u2013 ez val\u00f3sz\u00edn\u0171leg jobban t\u00fckr\u00f6zi azt, ahogyan a legt\u00f6bben konfigur\u00e1lj\u00e1k az aut\u00f3jukat.<\/p>\n<p>A leng\u00e9scsillap\u00edt\u00f3k nem kevesebb mint 12 fokozatban \u00e1ll\u00edthat\u00f3k, \u00e9s h\u00e1romf\u00e9le vezet\u00e9si m\u00f3d \u00e9rhet\u0151 el: Comfort, Sport \u00e9s Cupra. Ez a szint\u0171 r\u00e9szletez\u00e9s tal\u00e1n t\u00falz\u00e1s, de egy kis k\u00eds\u00e9rletez\u00e9ssel j\u00f3 kompromisszum tal\u00e1lhat\u00f3.<\/p>\n<p>Azt tapasztaltuk, hogy az alap\u00e9rtelmezett Sport m\u00f3d \u00fcgyesen nyeli el a nagyobb \u00fathib\u00e1kat, mik\u00f6zben kord\u00e1ban tartja a karossz\u00e9ria d\u0151l\u00e9seit. Hagy n\u00e9mi mozg\u00e1steret, de mivel a korm\u00e1nyz\u00e1sb\u00f3l alig kapunk visszajelz\u00e9st, ez seg\u00edt abban, hogy \u00e9rezz\u00fck, mit csin\u00e1l a fut\u00f3m\u0171. Ha jobbra h\u00fazzuk a cs\u00faszk\u00e1t (a be\u00e1ll\u00edt\u00e1sokon bel\u00fcl), n\u0151 a kontroll, de megjelenik egyfajta ridegs\u00e9g is \u2013 \u00edgy az er\u0151sebb be\u00e1ll\u00edt\u00e1sokat ink\u00e1bb sima p\u00e1ly\u00e1ra aj\u00e1nljuk.<\/p>\n<p>K\u00f6zepes kanyarokkal tark\u00edtott \u00faton a fut\u00f3m\u0171 remek egyens\u00falyt mutat. A menetstabiliz\u00e1l\u00f3 kikapcsolhat\u00f3, \u00e9s egy j\u00f3l id\u0151z\u00edtett g\u00e1zelv\u00e9tellel a h\u00e1ts\u00f3 r\u00e9sz enyh\u00e9n megcs\u00fasztathat\u00f3.<\/p>\n","protected":false},"excerpt":{"rendered":"<p>A 2025-es valoriz\u00e1ci\u00f3s szorz\u00f3sz\u00e1mok lehet\u0151s\u00e9get adnak a nyugell\u00e1t\u00e1s \u00fajrasz\u00e1m\u00edt\u00e1s\u00e1ra azoknak, akik dolgoztak nyugd\u00edj el\u0151tt \u00e9s az ell\u00e1t\u00e1suk \u00f6regs\u00e9gi nyugd\u00edjba v\u00e1lt&#8230; <span class=\"gridview-grid-post-read-more\"><a href=\"https:\/\/matrend.hu\/nekedinfo\/oromhir-erkezett-jon-az-extra-nyari-nyaralasi-nyugdij\/\">read more<span class=\"gridview-sr-only\"> \u00d6r\u00f6mh\u00edr \u00e9rkezett! J\u00f6n az extra ny\u00e1ri (nyaral\u00e1si) nyugd\u00edj!<\/span><\/a><\/span><\/p>\n","protected":false},"author":1,"featured_media":2420,"comment_status":"open","ping_status":"open","sticky":false,"template":"","format":"standard","meta":{"footnotes":""},"categories":[1],"tags":[],"class_list":["post-2419","post","type-post","status-publish","format-standard","has-post-thumbnail","hentry","category-egyeb","wpcat-1-id"],"_links":{"self":[{"href":"https:\/\/matrend.hu\/nekedinfo\/wp-json\/wp\/v2\/posts\/2419","targetHints":{"allow":["GET"]}}],"collection":[{"href":"https:\/\/matrend.hu\/nekedinfo\/wp-json\/wp\/v2\/posts"}],"about":[{"href":"https:\/\/matrend.hu\/nekedinfo\/wp-json\/wp\/v2\/types\/post"}],"author":[{"embeddable":true,"href":"https:\/\/matrend.hu\/nekedinfo\/wp-json\/wp\/v2\/users\/1"}],"replies":[{"embeddable":true,"href":"https:\/\/matrend.hu\/nekedinfo\/wp-json\/wp\/v2\/comments?post=2419"}],"version-history":[{"count":1,"href":"https:\/\/matrend.hu\/nekedinfo\/wp-json\/wp\/v2\/posts\/2419\/revisions"}],"predecessor-version":[{"id":2421,"href":"https:\/\/matrend.hu\/nekedinfo\/wp-json\/wp\/v2\/posts\/2419\/revisions\/2421"}],"wp:featuredmedia":[{"embeddable":true,"href":"https:\/\/matrend.hu\/nekedinfo\/wp-json\/wp\/v2\/media\/2420"}],"wp:attachment":[{"href":"https:\/\/matrend.hu\/nekedinfo\/wp-json\/wp\/v2\/media?parent=2419"}],"wp:term":[{"taxonomy":"category","embeddable":true,"href":"https:\/\/matrend.hu\/nekedinfo\/wp-json\/wp\/v2\/categories?post=2419"},{"taxonomy":"post_tag","embeddable":true,"href":"https:\/\/matrend.hu\/nekedinfo\/wp-json\/wp\/v2\/tags?post=2419"}],"curies":[{"name":"wp","href":"https:\/\/api.w.org\/{rel}","templated":true}]}}