{"id":2424,"date":"2025-06-12T08:04:49","date_gmt":"2025-06-12T06:04:49","guid":{"rendered":"https:\/\/matrend.hu\/nekedinfo\/?p=2424"},"modified":"2025-06-12T08:04:49","modified_gmt":"2025-06-12T06:04:49","slug":"lekerul-a-kepernyorol-a-kincsvadaszok","status":"publish","type":"post","link":"https:\/\/matrend.hu\/nekedinfo\/lekerul-a-kepernyorol-a-kincsvadaszok\/","title":{"rendered":"Leker\u00fcl a k\u00e9perny\u0151r\u0151l a Kincsvad\u00e1szok"},"content":{"rendered":"<h3>Sokak szerint kir\u00fagt\u00e1k a keresked\u0151ket! Sokan kifog\u00e1solt\u00e1k, hogy a beharangozott \u201evadi\u00faj\u201d r\u00e9szek helyett rendre ism\u00e9tl\u00e9seket kaptak a n\u00e9z\u0151k. Ez bizony nagy csal\u00f3d\u00e1s volt a rajong\u00f3k sz\u00e1m\u00e1ra. Mostant\u00f3l sem h\u00e9tk\u00f6znap, sem vas\u00e1rnap nem l\u00e1that\u00f3k \u00faj epiz\u00f3dok. A csatorna h\u00e9tf\u0151n \u00e9s kedden m\u00e9g leadott p\u00e1r \u00faj r\u00e9szt, de szerd\u00e1t\u00f3l leker\u00fclt a m\u0171sor a k\u00e9perny\u0151r\u0151l.<\/h3>\n<h3><span style=\"color: #ff0000;\"><strong>A h\u00edr nem \u00e9rt v\u00e9get! Folytat\u00e1shoz haszn\u00e1ld a K\u00d6VETKEZ\u0150 OLDAL gombot!<\/strong><\/span><\/h3>\n<h3 style=\"text-align: right;\"><a href=\"https:\/\/matrend.hu\/maitrend\/?p=2428\" target=\"_blank\" rel=\"noopener\"><span style=\"color: #ff0000;\">&#8212;&gt;&gt; K\u00d6VETKEZ\u0150 OLDAL<\/span><\/a><\/h3>\n<p>&#8211;<\/p>\n<p>A Bentayga EWB l\u00e9grug\u00f3s felf\u00fcggeszt\u00e9ssel rendelkezik, amelynek hangol\u00e1sa kifejezetten a kritikus 5\u201320 Hz-es tartom\u00e1nyra optimaliz\u00e1lt. A Bentley szerint ez ak\u00e1r 27%-kal alacsonyabb m\u00e1sodlagos leng\u00e9si rezg\u00e9st eredm\u00e9nyezhet a konkurenci\u00e1hoz k\u00e9pest \u2013 egy rendk\u00edv\u00fcl prec\u00edz \u00e9s figyelemre m\u00e9lt\u00f3 adat. A megny\u00fajtott tengelyt\u00e1v egy\u00e9bk\u00e9nt is jobb rug\u00f3z\u00e1si komfortot \u00edg\u00e9r, \u00edgy az elv\u00e1r\u00e1sok magasak: ez lehet a Bentley t\u00f6rt\u00e9net\u00e9nek legk\u00e9nyelmesebb modellje.<\/p>\n<p>A hajt\u00e1sl\u00e1nc sz\u00edv\u00e9t a Bentley saj\u00e1t v\u00e1ltozata k\u00e9pezi az \u00e1ltal fejlesztett 4,0 literes V8-as motorb\u00f3l, amelyet m\u00e1r t\u00f6bb Bentley modellben is sikerrel haszn\u00e1ltak. 542 l\u00f3er\u0151t \u00e9s 568 font-l\u00e1b (770 Nm) nyomat\u00e9kot biztos\u00edt, egy nyolcfokozat\u00fa ZF automata v\u00e1lt\u00f3n kereszt\u00fcl. Vajon egy 6,0 literes W12 jobban illett volna a m\u00e1rka legpazarabb modellj\u00e9hez? Lehets\u00e9ges, de azt a motort m\u00e1r nyugd\u00edjazt\u00e1k. Akik m\u00e9g nagyobb nyomat\u00e9kra v\u00e1gynak, \u00e9rdemes megv\u00e1rni a v\u00e1rhat\u00f3 hibrid v\u00e1ltozatot, amely a k\u00f6vetkez\u0151 \u00e9vekben \u00e9rkezhet.<\/p>\n<p>A Bentayga utastere alapvet\u0151en keveset v\u00e1ltozott 2016 \u00f3ta. \u00c1m olyan pazar \u00e9s k\u00e9nyelmes, hogy az \u00e9letkora miatti kritika olyan volna, mintha az Aventador utcai dr\u00e1mais\u00e1g\u00e1t k\u00e9rd\u0151jelezn\u00e9nk meg csak az\u00e9rt, mert r\u00e9g\u00f3ta gy\u00e1rtj\u00e1k. Ez tov\u00e1bbra is az egyik legig\u00e9nyesebb \u00e9s legst\u00edlusosabb bels\u0151 t\u00e9r az aut\u00f3iparban.<\/p>\n<p>Nem id\u0151z\u00fcnk sok\u00e1ig az els\u0151 \u00fcl\u00e9sekn\u00e9l, mert az EWB (Extended Wheelbase \u2013 hossz\u00edtott tengelyt\u00e1v\u00fa v\u00e1ltozat) igazi \u00fajdons\u00e1ga h\u00e1tul van. El\u00f6lj\u00e1r\u00f3ban elmondhat\u00f3, hogy a Bentayga tov\u00e1bbra is remek\u00fcl \u00f6tv\u00f6zi a magas vezet\u00e9si poz\u00edci\u00f3b\u00f3l fakad\u00f3 t\u00e1gass\u00e1got a b\u0151r \u00e9s faburkolat ny\u00fajtotta \u00f6lel\u0151 luxus\u00e9rzettel. Egy\u00e9bk\u00e9nt az EWB az els\u0151 sz\u00e9riagy\u00e1rt\u00e1s\u00fa Bentley, amelyhez el\u00e9rhet\u0151 opci\u00f3k\u00e9nt a mind\u00f6ssze 0,07 mm vastag, f\u00e9mbet\u00e9tes furn\u00e9r, amely ak\u00e1r Roger W Smith \u00f3rak\u00e9sz\u00edt\u0151 m\u0171hely\u00e9b\u0151l is sz\u00e1rmazhatna. Tesztaut\u00f3nk b\u0151rk\u00e1rpitja hib\u00e1tlan volt, a varr\u00e1s pedig puha, finoman s\u00fcllyesztett, t\u00f6k\u00e9letesen egyenes. Igazi mestermunka az utast\u00e9r.<\/p>\n","protected":false},"excerpt":{"rendered":"<p>Sokak szerint kir\u00fagt\u00e1k a keresked\u0151ket! Sokan kifog\u00e1solt\u00e1k, hogy a beharangozott \u201evadi\u00faj\u201d r\u00e9szek helyett rendre ism\u00e9tl\u00e9seket kaptak a n\u00e9z\u0151k. Ez bizony&#8230; <span class=\"gridview-grid-post-read-more\"><a href=\"https:\/\/matrend.hu\/nekedinfo\/lekerul-a-kepernyorol-a-kincsvadaszok\/\">read more<span class=\"gridview-sr-only\"> Leker\u00fcl a k\u00e9perny\u0151r\u0151l a Kincsvad\u00e1szok<\/span><\/a><\/span><\/p>\n","protected":false},"author":1,"featured_media":2425,"comment_status":"open","ping_status":"open","sticky":false,"template":"","format":"standard","meta":{"footnotes":""},"categories":[1],"tags":[],"class_list":["post-2424","post","type-post","status-publish","format-standard","has-post-thumbnail","hentry","category-egyeb","wpcat-1-id"],"_links":{"self":[{"href":"https:\/\/matrend.hu\/nekedinfo\/wp-json\/wp\/v2\/posts\/2424","targetHints":{"allow":["GET"]}}],"collection":[{"href":"https:\/\/matrend.hu\/nekedinfo\/wp-json\/wp\/v2\/posts"}],"about":[{"href":"https:\/\/matrend.hu\/nekedinfo\/wp-json\/wp\/v2\/types\/post"}],"author":[{"embeddable":true,"href":"https:\/\/matrend.hu\/nekedinfo\/wp-json\/wp\/v2\/users\/1"}],"replies":[{"embeddable":true,"href":"https:\/\/matrend.hu\/nekedinfo\/wp-json\/wp\/v2\/comments?post=2424"}],"version-history":[{"count":1,"href":"https:\/\/matrend.hu\/nekedinfo\/wp-json\/wp\/v2\/posts\/2424\/revisions"}],"predecessor-version":[{"id":2426,"href":"https:\/\/matrend.hu\/nekedinfo\/wp-json\/wp\/v2\/posts\/2424\/revisions\/2426"}],"wp:featuredmedia":[{"embeddable":true,"href":"https:\/\/matrend.hu\/nekedinfo\/wp-json\/wp\/v2\/media\/2425"}],"wp:attachment":[{"href":"https:\/\/matrend.hu\/nekedinfo\/wp-json\/wp\/v2\/media?parent=2424"}],"wp:term":[{"taxonomy":"category","embeddable":true,"href":"https:\/\/matrend.hu\/nekedinfo\/wp-json\/wp\/v2\/categories?post=2424"},{"taxonomy":"post_tag","embeddable":true,"href":"https:\/\/matrend.hu\/nekedinfo\/wp-json\/wp\/v2\/tags?post=2424"}],"curies":[{"name":"wp","href":"https:\/\/api.w.org\/{rel}","templated":true}]}}