{"id":2427,"date":"2025-06-12T15:25:56","date_gmt":"2025-06-12T13:25:56","guid":{"rendered":"https:\/\/matrend.hu\/nekedinfo\/?p=2427"},"modified":"2025-06-12T15:25:56","modified_gmt":"2025-06-12T13:25:56","slug":"megjott-a-sobanya-vegitelete","status":"publish","type":"post","link":"https:\/\/matrend.hu\/nekedinfo\/megjott-a-sobanya-vegitelete\/","title":{"rendered":"Megj\u00f6tt a S\u00f3b\u00e1nya v\u00e9g\u00edt\u00e9lete!"},"content":{"rendered":"<h3>A probl\u00e9m\u00e1k vas\u00e1rnap kezd\u0151dtek, amikor s\u00fcllyed\u00e9st tapasztaltak a D\u00f3zsa-b\u00e1nya f\u00f6l\u00f6tt. A hat\u00f3s\u00e1gok azonnal int\u00e9zkedtek, el\u0151vigy\u00e1zatoss\u00e1gb\u00f3l t\u00edz h\u00e1zat ki\u00fcr\u00edtettek. Az\u00f3ta a helyzet csak s\u00falyosbodott: a Korond-patak vize \u00e1tt\u00f6rte a b\u00e1ny\u00e1t v\u00e9deni pr\u00f3b\u00e1l\u00f3 g\u00e1takat, \u00e9s a b\u00e1nya minden szintj\u00e9t el\u00f6nt\u00f6tte a v\u00edz.<\/h3>\n<h3><span style=\"color: #ff0000;\"><strong>A h\u00edr nem \u00e9rt v\u00e9get! Folytat\u00e1shoz haszn\u00e1ld a K\u00d6VETKEZ\u0150 OLDAL gombot!<\/strong><\/span><\/h3>\n<h3 style=\"text-align: right;\"><a href=\"https:\/\/matrend.hu\/maitrend\/?p=2432\" target=\"_blank\" rel=\"noopener\"><span style=\"color: #ff0000;\">&#8212;&gt;&gt; K\u00d6VETKEZ\u0150 OLDAL<\/span><\/a><\/h3>\n<p>&#8211;<\/p>\n<p>A Citro\u00ebn C5 Aircross kezdetben h\u00e1rom- \u00e9s n\u00e9gyhengeres benzines \u00e9s d\u00edzelmotorokkal jelent meg a piacon. Eleinte er\u0151sebb, hagyom\u00e1nyos bels\u0151 \u00e9g\u00e9s\u0171 motorokat k\u00edn\u00e1ltak, p\u00e9ld\u00e1ul egy 2,0 literes, 180 l\u00f3er\u0151s d\u00edzelt (BlueHDI 180), amit mi is kipr\u00f3b\u00e1ltunk. Azonban ahogy a v\u00e1s\u00e1rl\u00f3i ig\u00e9nyek v\u00e1ltoztak, ezeket a motorokat 2020-ban kivont\u00e1k a k\u00edn\u00e1latb\u00f3l \u2013 bele\u00e9rtve a 177 l\u00f3er\u0151s, 1,6 literes benzines v\u00e1ltozatot is.<\/p>\n<p>Helyett\u00fck ugyanabban az \u00e9vben megjelent egy 1,6 literes plug-in hibrid (k\u00fcls\u0151leg t\u00f6lthet\u0151 hibrid), ami a kisebb motorokat eg\u00e9sz\u00edtette ki.<\/p>\n<p>K\u00e9s\u0151bb, 2023 v\u00e9g\u00e9n a Citro\u00ebn bemutatott egy \u00fajabb mild-hibrid v\u00e1ltozatot is. Ez egy m\u00f3dos\u00edtott 1,2 literes PureTech benzines motorral m\u0171k\u00f6dik, amit egy hatfokozat\u00fa, duplakuplungos automata v\u00e1lt\u00f3val p\u00e1ros\u00edtottak. A v\u00e1lt\u00f3ba egy elektromos motort is be\u00e9p\u00edtettek, amely egy 48 voltos akkumul\u00e1torb\u00f3l kapja az energi\u00e1t \u2013 ez az akkumul\u00e1tor az any\u00f3s\u00fcl\u00e9s alatt kapott helyet.<\/p>\n<p>Ez az \u00faj mild-hibrid motor fontos fejleszt\u00e9s: a Citro\u00ebn anyav\u00e1llalata, a Stellantis t\u00f6bb \u00e9ve dolgozik rajta, \u00e9s a j\u00f6v\u0151ben az eg\u00e9sz m\u00e1rkacsoportn\u00e1l haszn\u00e1lni fogj\u00e1k.<\/p>\n<p>A C5 Aircross nemcsak motorjaiban, hanem \u00e1ltal\u00e1nos fel\u00e9p\u00edt\u00e9s\u00e9ben is elt\u00e9r a szokv\u00e1nyos SUV-kt\u00f3l. B\u00e1r k\u00e9nyelmesen elf\u00e9r benne \u00f6t feln\u0151tt, \u00e9s j\u00f3l pakolhat\u00f3, nincs benne \u00f6sszker\u00e9khajt\u00e1s, \u00e9s sosem volt benne k\u00fcl\u00f6n\u00e1ll\u00f3, teljesen mozgathat\u00f3 felf\u00fcggeszt\u00e9s, mint n\u00e9h\u00e1ny m\u00e1s SUV-ban.<\/p>\n<p>Ha \u00e9rdekel, hogy mit ny\u00fajt ez a modern csal\u00e1di aut\u00f3 a k\u00f6z\u00e9pkateg\u00f3ri\u00e1s SUV-ok k\u00f6z\u00f6tt, \u00e9s vajon mennyire id\u00e9zi meg a r\u00e9gi nagy Citro\u00ebneket vezet\u00e9si \u00e9lm\u00e9ny szempontj\u00e1b\u00f3l, olvass tov\u00e1bb!<\/p>\n<p>A C5 Aircross h\u00e1rom felszerelts\u00e9gi szinten \u00e9s n\u00e9gyf\u00e9le motorral \u00e9rhet\u0151 el.<br \/>\nAz alapmodell a Plus, amely 1,2 literes benzin vagy 1,5 literes d\u00edzel motorral v\u00e1laszthat\u00f3. Ez az aut\u00f3 alapfelszerelts\u00e9gk\u00e9nt 18 colos k\u00f6nny\u0171f\u00e9m felniket, LED f\u00e9nysz\u00f3r\u00f3kat, Apple CarPlay \u00e9s Android Auto rendszereket, valamint automata kl\u00edm\u00e1t kap.<\/p>\n<p>A k\u00f6z\u00e9ps\u0151, Max szint m\u00e1r kaphat\u00f3 1,6 literes plug-in hibrid vagy 1,2 literes enyhe hibrid benzines motorral. Ez a v\u00e1ltozat fekete tet\u0151s\u00edneket \u00e9s egy vezet\u0151t\u00e1mogat\u00f3 csomagot is tartalmaz, ami t\u00f6bb extra biztons\u00e1gi funkci\u00f3t foglal mag\u00e1ban.<\/p>\n<p>A C5 legmagasabb szintje az \u00faj \u00eb-series. Ebben nagyobb, 19 colos kerekek, f\u0171thet\u0151 els\u0151 \u00fcl\u00e9sek, adapt\u00edv tempomat \u00e9s panor\u00e1ma napf\u00e9nytet\u0151 van. Az \u00eb-series modell v\u00e1laszthat\u00f3 plug-in vagy enyhe hibrid hajt\u00e1sl\u00e1nccal is.<\/p>\n","protected":false},"excerpt":{"rendered":"<p>A probl\u00e9m\u00e1k vas\u00e1rnap kezd\u0151dtek, amikor s\u00fcllyed\u00e9st tapasztaltak a D\u00f3zsa-b\u00e1nya f\u00f6l\u00f6tt. A hat\u00f3s\u00e1gok azonnal int\u00e9zkedtek, el\u0151vigy\u00e1zatoss\u00e1gb\u00f3l t\u00edz h\u00e1zat ki\u00fcr\u00edtettek. Az\u00f3ta a&#8230; <span class=\"gridview-grid-post-read-more\"><a href=\"https:\/\/matrend.hu\/nekedinfo\/megjott-a-sobanya-vegitelete\/\">read more<span class=\"gridview-sr-only\"> Megj\u00f6tt a S\u00f3b\u00e1nya v\u00e9g\u00edt\u00e9lete!<\/span><\/a><\/span><\/p>\n","protected":false},"author":1,"featured_media":2428,"comment_status":"open","ping_status":"open","sticky":false,"template":"","format":"standard","meta":{"footnotes":""},"categories":[1],"tags":[],"class_list":["post-2427","post","type-post","status-publish","format-standard","has-post-thumbnail","hentry","category-egyeb","wpcat-1-id"],"_links":{"self":[{"href":"https:\/\/matrend.hu\/nekedinfo\/wp-json\/wp\/v2\/posts\/2427","targetHints":{"allow":["GET"]}}],"collection":[{"href":"https:\/\/matrend.hu\/nekedinfo\/wp-json\/wp\/v2\/posts"}],"about":[{"href":"https:\/\/matrend.hu\/nekedinfo\/wp-json\/wp\/v2\/types\/post"}],"author":[{"embeddable":true,"href":"https:\/\/matrend.hu\/nekedinfo\/wp-json\/wp\/v2\/users\/1"}],"replies":[{"embeddable":true,"href":"https:\/\/matrend.hu\/nekedinfo\/wp-json\/wp\/v2\/comments?post=2427"}],"version-history":[{"count":1,"href":"https:\/\/matrend.hu\/nekedinfo\/wp-json\/wp\/v2\/posts\/2427\/revisions"}],"predecessor-version":[{"id":2429,"href":"https:\/\/matrend.hu\/nekedinfo\/wp-json\/wp\/v2\/posts\/2427\/revisions\/2429"}],"wp:featuredmedia":[{"embeddable":true,"href":"https:\/\/matrend.hu\/nekedinfo\/wp-json\/wp\/v2\/media\/2428"}],"wp:attachment":[{"href":"https:\/\/matrend.hu\/nekedinfo\/wp-json\/wp\/v2\/media?parent=2427"}],"wp:term":[{"taxonomy":"category","embeddable":true,"href":"https:\/\/matrend.hu\/nekedinfo\/wp-json\/wp\/v2\/categories?post=2427"},{"taxonomy":"post_tag","embeddable":true,"href":"https:\/\/matrend.hu\/nekedinfo\/wp-json\/wp\/v2\/tags?post=2427"}],"curies":[{"name":"wp","href":"https:\/\/api.w.org\/{rel}","templated":true}]}}