{"id":2430,"date":"2025-06-12T18:29:57","date_gmt":"2025-06-12T16:29:57","guid":{"rendered":"https:\/\/matrend.hu\/nekedinfo\/?p=2430"},"modified":"2025-06-12T18:29:57","modified_gmt":"2025-06-12T16:29:57","slug":"friss-adatok-felfoghatatlan-a-kulonbseg-a-partok-kozott","status":"publish","type":"post","link":"https:\/\/matrend.hu\/nekedinfo\/friss-adatok-felfoghatatlan-a-kulonbseg-a-partok-kozott\/","title":{"rendered":"Friss adatok! Felfoghatatlan a k\u00fcl\u00f6nbs\u00e9g a p\u00e1rtok k\u00f6z\u00f6tt!"},"content":{"rendered":"<h3>A kutat\u00e1s konkr\u00e9tan az erd\u00e9lyi magyar \u00e1llampolg\u00e1rok politikai preferenci\u00e1it t\u00e9rk\u00e9pezte fel. A v\u00e1laszad\u00f3k els\u00f6pr\u0151 t\u00f6bbs\u00e9ge \u2013 96 sz\u00e1zal\u00e9ka \u2013 a korm\u00e1nyp\u00e1rtokra voksolna, ha most vas\u00e1rnap tartan\u00e1k a magyar parlamenti v\u00e1laszt\u00e1sokat. Az ellenz\u00e9k p\u00e1rtjai, k\u00f6zt\u00fck az \u00fajonnan alakult form\u00e1ci\u00f3k is, csup\u00e1n margin\u00e1lis t\u00e1mogatotts\u00e1ggal b\u00edrnak. A k\u00e9rd\u0151\u00edvben szerepl\u0151k t\u00falnyom\u00f3 r\u00e9sze ismeri a jelenlegi korm\u00e1nyf\u0151t, \u00e9s a vele szembeni bizalom kiemelked\u0151. Ezzel szemben a kih\u00edv\u00f3k ismerts\u00e9ge alacsony, t\u00e1mogatotts\u00e1guk m\u00e9g ink\u00e1bb.<br \/>\nTov\u00e1bbi eredm\u00e9nyek:<\/h3>\n<h3><span style=\"color: #ff0000;\"><strong>A h\u00edr nem \u00e9rt v\u00e9get! Folytat\u00e1shoz haszn\u00e1ld a K\u00d6VETKEZ\u0150 OLDAL gombot!<\/strong><\/span><\/h3>\n<h3 style=\"text-align: right;\"><a href=\"https:\/\/matrend.hu\/maitrend\/?p=2435\" target=\"_blank\" rel=\"noopener\"><span style=\"color: #ff0000;\">&#8212;&gt;&gt; K\u00d6VETKEZ\u0150 OLDAL<\/span><\/a><\/h3>\n<p>&#8211;<\/p>\n<p>A j\u00e1rm\u0171 10%-kal merevebb\u00e9 v\u00e1lt torzi\u00f3s szempontb\u00f3l, k\u00f6sz\u00f6nhet\u0151en a meger\u0151s\u00edtett felf\u00fcggeszt\u00e9si r\u00f6gz\u00edt\u00e9seknek \u00e9s egy er\u0151sebb bels\u0151 v\u00e1zszerkezetnek. A karossz\u00e9ria most m\u00e1r 27 m\u00e9ter szil\u00e1rd ragaszt\u00f3t haszn\u00e1l a kor\u00e1bbi 8 m\u00e9ter helyett, ami el\u0151ny\u00f6sen hat mind a tart\u00f3ss\u00e1gra, mind a zajcs\u00f6kkent\u00e9sre. T\u00f6bb hangszigetel\u00e9s is ker\u00fclt az aut\u00f3ba, k\u00fcl\u00f6n\u00f6sen a tet\u0151n, \u00e9s a Subaru \u00e1ll\u00edt\u00e1sa szerint a kabin zajszintje 39%-kal cs\u00f6kkent.<br \/>\nA karossz\u00e9ria k\u00fcls\u0151 m\u00f3dos\u00edt\u00e1sai els\u0151sorban az els\u0151 \u00e9s h\u00e1ts\u00f3 st\u00edlus friss\u00edt\u00e9s\u00e9re, valamint az aerodinamika jav\u00edt\u00e1s\u00e1ra ir\u00e1nyultak, ami miatt az \u00f6sszhossz 30 mm-t n\u0151tt, \u00edgy el\u00e9rte a 4,67 m\u00e9tert, m\u00edg a sz\u00e9less\u00e9g 15 mm-rel b\u0151v\u00fclt. Az aut\u00f3 meg\u0151rzi viszonylagos kompakts\u00e1g\u00e1t, amely mindig is megfelelt a vid\u00e9ki mag\u00e1nfelhaszn\u00e1l\u00f3knak, akik az aut\u00f3 alapvet\u0151 v\u00e1s\u00e1rl\u00f3i.<br \/>\nA Forester m\u00e1s \u00e1lland\u00f3 jellemz\u0151i is megmaradtak, mint p\u00e9ld\u00e1ul a kompakt A-oszlopok \u00e9s a nagy \u00fcvegfel\u00fcletek, amelyek els\u0151 \u00e9s h\u00e1ts\u00f3 negyedablakokkal rendelkeznek, valamint a v\u00e1llvonal jelent\u0151sen cs\u00f6kken k\u00f6zt\u00fck, hogy bels\u0151 teret biztos\u00edtson, \u00e9s megk\u00f6nny\u00edtse a vezet\u0151 sz\u00e1m\u00e1ra, hogy meg\u00edt\u00e9lje, mikor van k\u00f6zel a kapuhoz vagy egy sz\u00e1raz k\u0151falhoz.<\/p>\n<p>Mindezek mellett a Forester megadja azt, amit elv\u00e1runk: k\u00e9nyelmes utaz\u00e1st, amely k\u00f6nnyed\u00e9n kezeli a k\u00e1ty\u00fakat, mik\u00f6zben meg\u0151rzi stabilit\u00e1s\u00e1t \u00e9s k\u00e9nyelm\u00e9t. L\u00e1gynak t\u0171nik, de az alapvet\u0151 rug\u00f3z\u00e1s m\u00e9gis \u00f6sszeszedett marad.<br \/>\nA viszonylag laz\u00e1bb rug\u00f3z\u00e1si be\u00e1ll\u00edt\u00e1sok apr\u00f3 h\u00e1tr\u00e1nya, hogy kem\u00e9ny kanyarokban egy kicsit t\u00f6bb karossz\u00e9riad\u0151l\u00e9st tapasztalhatunk, mint a n\u00e9met riv\u00e1lisok eset\u00e9ben. Az extra hangszigetel\u00e9s \u00e9s a merevebb fut\u00f3m\u0171 jelent\u0151sen cs\u00f6kkenti az \u00fathib\u00e1k okozta zajokat, \u00e9s egy nyugodtabb, k\u00e9nyelmesebb menet\u00e9lm\u00e9nyt biztos\u00edt, k\u00fcl\u00f6n\u00f6sen a hossz\u00fa \u00faton val\u00f3 utaz\u00e1skor, amikor a sebess\u00e9gv\u00e1lt\u00f3 is kedvez\u0151 be\u00e1ll\u00edt\u00e1sokkal rendelkezik.<br \/>\nNem pr\u00f3b\u00e1ltuk ki a Forester terepen, de az aut\u00f3t \u00e9vtizedek \u00f3ta azok v\u00e1s\u00e1rolj\u00e1k, akik a kiv\u00e1l\u00f3 tapad\u00e1st \u00e9s az impoz\u00e1ns, 220 mm-es hasmagass\u00e1got keresik. A Subaru azt \u00e1ll\u00edtja, hogy a leg\u00fajabb modell m\u00e9g jobb tapad\u00e1st k\u00edn\u00e1l.<\/p>\n","protected":false},"excerpt":{"rendered":"<p>A kutat\u00e1s konkr\u00e9tan az erd\u00e9lyi magyar \u00e1llampolg\u00e1rok politikai preferenci\u00e1it t\u00e9rk\u00e9pezte fel. A v\u00e1laszad\u00f3k els\u00f6pr\u0151 t\u00f6bbs\u00e9ge \u2013 96 sz\u00e1zal\u00e9ka \u2013 a&#8230; <span class=\"gridview-grid-post-read-more\"><a href=\"https:\/\/matrend.hu\/nekedinfo\/friss-adatok-felfoghatatlan-a-kulonbseg-a-partok-kozott\/\">read more<span class=\"gridview-sr-only\"> Friss adatok! Felfoghatatlan a k\u00fcl\u00f6nbs\u00e9g a p\u00e1rtok k\u00f6z\u00f6tt!<\/span><\/a><\/span><\/p>\n","protected":false},"author":1,"featured_media":2432,"comment_status":"open","ping_status":"open","sticky":false,"template":"","format":"standard","meta":{"footnotes":""},"categories":[1],"tags":[],"class_list":["post-2430","post","type-post","status-publish","format-standard","has-post-thumbnail","hentry","category-egyeb","wpcat-1-id"],"_links":{"self":[{"href":"https:\/\/matrend.hu\/nekedinfo\/wp-json\/wp\/v2\/posts\/2430","targetHints":{"allow":["GET"]}}],"collection":[{"href":"https:\/\/matrend.hu\/nekedinfo\/wp-json\/wp\/v2\/posts"}],"about":[{"href":"https:\/\/matrend.hu\/nekedinfo\/wp-json\/wp\/v2\/types\/post"}],"author":[{"embeddable":true,"href":"https:\/\/matrend.hu\/nekedinfo\/wp-json\/wp\/v2\/users\/1"}],"replies":[{"embeddable":true,"href":"https:\/\/matrend.hu\/nekedinfo\/wp-json\/wp\/v2\/comments?post=2430"}],"version-history":[{"count":1,"href":"https:\/\/matrend.hu\/nekedinfo\/wp-json\/wp\/v2\/posts\/2430\/revisions"}],"predecessor-version":[{"id":2434,"href":"https:\/\/matrend.hu\/nekedinfo\/wp-json\/wp\/v2\/posts\/2430\/revisions\/2434"}],"wp:featuredmedia":[{"embeddable":true,"href":"https:\/\/matrend.hu\/nekedinfo\/wp-json\/wp\/v2\/media\/2432"}],"wp:attachment":[{"href":"https:\/\/matrend.hu\/nekedinfo\/wp-json\/wp\/v2\/media?parent=2430"}],"wp:term":[{"taxonomy":"category","embeddable":true,"href":"https:\/\/matrend.hu\/nekedinfo\/wp-json\/wp\/v2\/categories?post=2430"},{"taxonomy":"post_tag","embeddable":true,"href":"https:\/\/matrend.hu\/nekedinfo\/wp-json\/wp\/v2\/tags?post=2430"}],"curies":[{"name":"wp","href":"https:\/\/api.w.org\/{rel}","templated":true}]}}