{"id":2436,"date":"2025-06-12T19:07:40","date_gmt":"2025-06-12T17:07:40","guid":{"rendered":"https:\/\/matrend.hu\/nekedinfo\/?p=2436"},"modified":"2025-06-12T19:07:40","modified_gmt":"2025-06-12T17:07:40","slug":"nagy-a-baj-jakob-zoli-mar-a-rendorsegen","status":"publish","type":"post","link":"https:\/\/matrend.hu\/nekedinfo\/nagy-a-baj-jakob-zoli-mar-a-rendorsegen\/","title":{"rendered":"Nagy a baj! J\u00e1kob Zoli m\u00e1r a rend\u0151rs\u00e9gen!"},"content":{"rendered":"<h3>Zolt\u00e1n egy vide\u00f3ban r\u00e9szletesen elmagyar\u00e1zta, hogyan pr\u00f3b\u00e1lj\u00e1k a csal\u00f3k hitelesnek felt\u00fcntetni magukat: h\/\\mis\u00edtott szem\u00e9lyi igazolv\u00e1nyokat k\u00fcldenek sz\u00e9t az \u0151 nev\u00e9ben, \u00e9s olyan nyerem\u00e9nyekkel kecsegtetik az embereket, mint aut\u00f3k vagy komoly p\u00e9nz\u00f6sszegek. A csal\u00e1s l\u00e9nyege, hogy a \u201enyerem\u00e9ny\u201d \u00e1tv\u00e9tel\u00e9hez egy \u00fagynevezett \u201earanyk\u00e1rty\u00e1t\u201d kell kiv\u00e1ltani, amit 80 ezer forint\u00e9rt lehet megszerezni \u2013 term\u00e9szetesen a b\u0171n\u00f6z\u0151k banksz\u00e1ml\u00e1j\u00e1ra t\u00f6rt\u00e9n\u0151 utal\u00e1ssal.<br \/>\nZoli a k\u00f6vetkez\u0151ket \u00fczeni:<\/h3>\n<h3><span style=\"color: #ff0000;\"><strong>A h\u00edr nem \u00e9rt v\u00e9get! Folytat\u00e1shoz haszn\u00e1ld a K\u00d6VETKEZ\u0150 OLDAL gombot!<\/strong><\/span><\/h3>\n<h3 style=\"text-align: right;\"><a href=\"https:\/\/matrend.hu\/maitrend\/?p=2441\" target=\"_blank\" rel=\"noopener\"><span style=\"color: #ff0000;\">&#8212;&gt;&gt; K\u00d6VETKEZ\u0150 OLDAL<\/span><\/a><\/h3>\n<p>&#8211;<\/p>\n<p>Az Austral \u00faj h\u0171t\u0151r\u00e1csot kapott, amely a Rafale-\u00e9ra eml\u00e9keztet, \u00e9s a k\u00f6zponti log\u00f3 k\u00f6r\u00fcl gy\u00e9m\u00e1ntmint\u00e1kkal dombor\u00edtott. Emellett a m\u00e1rka f\u00e9lgy\u00e9m\u00e1nt form\u00e1j\u00fa nappali menetf\u00e9nyeit is \u00e1t\u00fcltett\u00e9k az aut\u00f3ra, hogy \u00f6sszhangba ker\u00fclj\u00f6n a hibrid testv\u00e9rekkel, mint p\u00e9ld\u00e1ul a Renault Symbioz \u00e9s a Captur.<br \/>\nA modern aut\u00f3kban gyakran ideges\u00edt\u0151 tolat\u00e1st seg\u00edt\u0151 s\u00e1vtart\u00f3 rendszer az Austral eset\u00e9ben j\u00f3l m\u0171k\u00f6dik, \u00e9s k\u00f6nnyen ki is kapcsolhat\u00f3 egy gombbal \u2013 m\u00e1s gy\u00e1rt\u00f3k, vegy\u00e9tek ezt p\u00e9ld\u00e1nak. Ezek a m\u00f3dos\u00edt\u00e1sok k\u00e9ts\u00e9gtelen\u00fcl jav\u00edtott\u00e1k az Austral megjelen\u00e9s\u00e9t, amely szerintem \u00e9lesebb \u00e9s sportosabb lett.<br \/>\nAz aut\u00f3 tov\u00e1bbra is a megszokott, 129 l\u00f3er\u0151s, 1,2 literes, turb\u00f3s h\u00e1romhengeres motorral \u00e9rkezik, amelyet egy 67 l\u00f3er\u0151s villanymotor \u00e9s egy 1,7 kWh-s akkumul\u00e1tor eg\u00e9sz\u00edt ki.<\/p>\n<p>A \u201emultimode\u201d v\u00e1lt\u00f3 megmaradt, de tov\u00e1bbfejlesztett\u00e9k a reakci\u00f3k\u00e9szs\u00e9g jav\u00edt\u00e1sa \u00e9s a holtj\u00e1t\u00e9kok kik\u00fcsz\u00f6b\u00f6l\u00e9se \u00e9rdek\u00e9ben. Az automata, kuplung n\u00e9lk\u00fcli v\u00e1lt\u00f3 folyamatosan be van kapcsolva, \u00e9s a szinkroniz\u00e1torok helyett fogaskosaras kuplungok m\u0171k\u00f6dnek benne.<br \/>\nA v\u00e1lt\u00e1sok lehet\u0151v\u00e9 t\u00e9tele \u00e9rdek\u00e9ben a v\u00e1lt\u00f3 \u00fcresbe kapcsolhat\u00f3, mik\u00f6zben egy kisebb villanymotor igaz\u00edtja a motorfordulatot a v\u00e1lt\u00f3 bels\u0151 sebess\u00e9geihez. Az is lehets\u00e9ges, hogy a motor \u00fcresben legyen, \u00edgy tudja hajtani a gener\u00e1tort.<br \/>\nAz Egyes\u00fclt Kir\u00e1lys\u00e1gban csak a teljes hibrid E-Tech v\u00e1ltozat \u00e9rhet\u0151 el, de m\u00e1s piacokon mild hibrid v\u00e1ltozatok is v\u00e1laszthat\u00f3k.<br \/>\nB\u00e1r a Rafale plug-in hibrid v\u00e1ltozatban is el\u00e9rhet\u0151, val\u00f3sz\u00edn\u0171tlen, hogy az \u00faj Austral ugyanazt a hajt\u00e1sl\u00e1ncot kapn\u00e1.<\/p>\n","protected":false},"excerpt":{"rendered":"<p>Zolt\u00e1n egy vide\u00f3ban r\u00e9szletesen elmagyar\u00e1zta, hogyan pr\u00f3b\u00e1lj\u00e1k a csal\u00f3k hitelesnek felt\u00fcntetni magukat: h\/\\mis\u00edtott szem\u00e9lyi igazolv\u00e1nyokat k\u00fcldenek sz\u00e9t az \u0151 nev\u00e9ben,&#8230; <span class=\"gridview-grid-post-read-more\"><a href=\"https:\/\/matrend.hu\/nekedinfo\/nagy-a-baj-jakob-zoli-mar-a-rendorsegen\/\">read more<span class=\"gridview-sr-only\"> Nagy a baj! J\u00e1kob Zoli m\u00e1r a rend\u0151rs\u00e9gen!<\/span><\/a><\/span><\/p>\n","protected":false},"author":1,"featured_media":2437,"comment_status":"open","ping_status":"open","sticky":false,"template":"","format":"standard","meta":{"footnotes":""},"categories":[1],"tags":[],"class_list":["post-2436","post","type-post","status-publish","format-standard","has-post-thumbnail","hentry","category-egyeb","wpcat-1-id"],"_links":{"self":[{"href":"https:\/\/matrend.hu\/nekedinfo\/wp-json\/wp\/v2\/posts\/2436","targetHints":{"allow":["GET"]}}],"collection":[{"href":"https:\/\/matrend.hu\/nekedinfo\/wp-json\/wp\/v2\/posts"}],"about":[{"href":"https:\/\/matrend.hu\/nekedinfo\/wp-json\/wp\/v2\/types\/post"}],"author":[{"embeddable":true,"href":"https:\/\/matrend.hu\/nekedinfo\/wp-json\/wp\/v2\/users\/1"}],"replies":[{"embeddable":true,"href":"https:\/\/matrend.hu\/nekedinfo\/wp-json\/wp\/v2\/comments?post=2436"}],"version-history":[{"count":1,"href":"https:\/\/matrend.hu\/nekedinfo\/wp-json\/wp\/v2\/posts\/2436\/revisions"}],"predecessor-version":[{"id":2438,"href":"https:\/\/matrend.hu\/nekedinfo\/wp-json\/wp\/v2\/posts\/2436\/revisions\/2438"}],"wp:featuredmedia":[{"embeddable":true,"href":"https:\/\/matrend.hu\/nekedinfo\/wp-json\/wp\/v2\/media\/2437"}],"wp:attachment":[{"href":"https:\/\/matrend.hu\/nekedinfo\/wp-json\/wp\/v2\/media?parent=2436"}],"wp:term":[{"taxonomy":"category","embeddable":true,"href":"https:\/\/matrend.hu\/nekedinfo\/wp-json\/wp\/v2\/categories?post=2436"},{"taxonomy":"post_tag","embeddable":true,"href":"https:\/\/matrend.hu\/nekedinfo\/wp-json\/wp\/v2\/tags?post=2436"}],"curies":[{"name":"wp","href":"https:\/\/api.w.org\/{rel}","templated":true}]}}