{"id":2439,"date":"2025-06-12T19:34:04","date_gmt":"2025-06-12T17:34:04","guid":{"rendered":"https:\/\/matrend.hu\/nekedinfo\/?p=2439"},"modified":"2025-06-12T19:34:04","modified_gmt":"2025-06-12T17:34:04","slug":"sajnalattal-tudattak-megtortent-a-baj-kern-andrassal","status":"publish","type":"post","link":"https:\/\/matrend.hu\/nekedinfo\/sajnalattal-tudattak-megtortent-a-baj-kern-andrassal\/","title":{"rendered":"Sajn\u00e1lattal tudatt\u00e1k: Megt\u00f6rt\u00e9nt a baj Kern Andr\u00e1ssal!"},"content":{"rendered":"<h3>Meglepet\u00e9sk\u00e9nt \u00e9rte a rajong\u00f3kat Hern\u00e1di Judit bejelent\u00e9se, aki P\u00fcnk\u00f6sd h\u00e9tf\u0151 reggel\u00e9n tudatta k\u00f6vet\u0151ivel, hogy t\u00f6bb tervezett ny\u00e1ri fell\u00e9p\u00e9s\u00fck elmarad. A n\u00e9pszer\u0171 Kalamazoo c\u00edm\u0171 k\u00e9tszem\u00e9lyes el\u0151ad\u00e1s t\u00f6bb id\u0151pontj\u00e1t is t\u00f6r\u00f6lni kellett. A h\u00edr nem el\u0151zm\u00e9nyek n\u00e9lk\u00fcli: a 77 \u00e9ves sz\u00ednm\u0171v\u00e9sz m\u00e1r kor\u00e1bban is k\u00fczd\u00f6tt eg\u00e9szs\u00e9g\u00fcgyi neh\u00e9zs\u00e9gekkel. Tavaly decemberben egy m\u00e1sik darab, az Imposztor k\u00f6zbeni rosszull\u00e9te miatt s\u00fcrg\u0151ss\u00e9ggel k\u00f3rh\u00e1zba kellett sz\u00e1ll\u00edtani. Akkor a teljes kivizsg\u00e1l\u00e1s sem mutatott ki konkr\u00e9t testi betegs\u00e9get, az orvosok ink\u00e1bb pszich\u00e9s eredet\u0171 panaszokra gyanakodtak \u2013 p\u00e1nikroham lehetett a h\u00e1tt\u00e9rben.<br \/>\nMOST PEDIG EZ A HELYZET:<\/h3>\n<h3><span style=\"color: #ff0000;\"><strong>A h\u00edr nem \u00e9rt v\u00e9get! Folytat\u00e1shoz haszn\u00e1ld a K\u00d6VETKEZ\u0150 OLDAL gombot!<\/strong><\/span><\/h3>\n<h3 style=\"text-align: right;\"><a href=\"https:\/\/matrend.hu\/maitrend\/?p=2444\" target=\"_blank\" rel=\"noopener\"><span style=\"color: #ff0000;\">&#8212;&gt;&gt; K\u00d6VETKEZ\u0150 OLDAL<\/span><\/a><\/h3>\n<p>&#8211;<\/p>\n<p>A duplakuplungos v\u00e1lt\u00f3, b\u00e1r nem rendelkezik h\u00e1trameneti fokozattal (ezt a villanymotor v\u00e9gzi), egy\u00e9bk\u00e9nt teljesen hagyom\u00e1nyosan m\u0171k\u00f6dik, \u00e9s ebben az esetben ez el\u0151ny: hat fokozat\u00e1val ugyan nem olyan sima, mint a Honda HR-V vagy a Toyota C-HR e-CVT v\u00e1lt\u00f3i, de sokkal k\u00f6zvetlenebb \u00e9s term\u00e9szetesebb \u00e9rzetet ny\u00fajt \u2013 jobb, mint a Renault E-Tech megold\u00e1sa.<br \/>\nHa igaz\u00e1n \u00e9l\u00e9nk, azonnal reag\u00e1l\u00f3 hajt\u00e1sl\u00e1ncra v\u00e1gysz, akkor tov\u00e1bbra is egy mild-hibrid vagy hagyom\u00e1nyos benzines v\u00e1ltozat a jobb v\u00e1laszt\u00e1s, mert a Niro hibrid lassan reag\u00e1l \u00e9s nehezen v\u00e1lt vissza, amikor nagyobb teljes\u00edtm\u00e9nyre van sz\u00fcks\u00e9g.<br \/>\nA Niro PHEV kisz\u00e1m\u00edthat\u00f3an kellemes \u00e9s kifinomult m\u00f3dja a k\u00f6zleked\u00e9snek. A villanymotor szinte hangtalanul indul, \u00e9s meglep\u0151en gyorsan k\u00e9pes elindulni, m\u00e9g ha a 0\u2013100 km\/\u00f3r\u00e1s gyorsul\u00e1s 9,6 m\u00e1sodperce nem is t\u0171nik leny\u0171g\u00f6z\u0151nek.<\/p>\n<p>Amikor a benzinmotor bekapcsol, j\u00f3l hallhat\u00f3 morg\u00e1s t\u00e1rsul hozz\u00e1, de a rezg\u00e9sek minim\u00e1lisak, \u00e9s ha nem p\u00f6rgetj\u00fck t\u00fal, a motor csendes marad.<br \/>\nNem is nagyon akarjuk p\u00f6rgetni, mert a hibrid v\u00e1ltozatt\u00f3l elt\u00e9r\u0151en itt a motor \u00e9rces \u00e9s zajos, mik\u00f6zben nem igaz\u00e1n ny\u00fajt \u00e9rezhet\u0151 teljes\u00edtm\u00e9nybeli el\u0151nyt.<br \/>\n\u00c9s m\u00e9g ha nem is venn\u00e9nk figyelembe azt a t\u00e9nyt, hogy ez az 1,6-os motor ebben az \u00f6ssze\u00e1ll\u00edt\u00e1sban el\u00e9g lehangol\u00f3, akkor is vil\u00e1gos: ez nem az a t\u00edpus\u00fa aut\u00f3, ami \u00e9lvezetes vezet\u00e9sre \u00f6szt\u00f6n\u00f6zne. A Hyundai leg\u00fajabb elektromos v\u00e1rosi terepj\u00e1r\u00f3ja, az Inster, friss megjelen\u00e9s\u00e9vel \u00e9s versenyk\u00e9pes \u00e1r\u00e1val az eur\u00f3pai piacon is figyelemre m\u00e9lt\u00f3 alternat\u00edv\u00e1t k\u00edn\u00e1l a kis m\u00e9ret\u0171, m\u00e9gis pr\u00e9mium felszerelts\u00e9g\u0171 elektromos j\u00e1rm\u0171vek k\u00f6z\u00f6tt.<br \/>\nA Hyundai Inster k\u00e9t akkumul\u00e1torv\u00e1ltozattal \u00e9rhet\u0151 el: egy 42 kWh-s alapmodell \u00e9s egy 49 kWh-s hossz\u00fa t\u00e1v\u00fa v\u00e1ltozat. Az ut\u00f3bbi ak\u00e1r 370 km-es hat\u00f3t\u00e1vols\u00e1got is biztos\u00edthat egyetlen t\u00f6lt\u00e9ssel, ami kiemelked\u0151 az A-szegmenses elektromos j\u00e1rm\u0171vek k\u00f6z\u00f6tt. A t\u00f6lt\u00e9si id\u0151 mindk\u00e9t v\u00e1ltozat eset\u00e9ben gyors, 120 kW-os DC gyorst\u00f6lt\u0151vel 10%-r\u00f3l 80%-ra k\u00f6r\u00fclbel\u00fcl 30 perc alatt t\u00f6lthet\u0151ek fel.<\/p>\n","protected":false},"excerpt":{"rendered":"<p>Meglepet\u00e9sk\u00e9nt \u00e9rte a rajong\u00f3kat Hern\u00e1di Judit bejelent\u00e9se, aki P\u00fcnk\u00f6sd h\u00e9tf\u0151 reggel\u00e9n tudatta k\u00f6vet\u0151ivel, hogy t\u00f6bb tervezett ny\u00e1ri fell\u00e9p\u00e9s\u00fck elmarad. A&#8230; <span class=\"gridview-grid-post-read-more\"><a href=\"https:\/\/matrend.hu\/nekedinfo\/sajnalattal-tudattak-megtortent-a-baj-kern-andrassal\/\">read more<span class=\"gridview-sr-only\"> Sajn\u00e1lattal tudatt\u00e1k: Megt\u00f6rt\u00e9nt a baj Kern Andr\u00e1ssal!<\/span><\/a><\/span><\/p>\n","protected":false},"author":1,"featured_media":2440,"comment_status":"open","ping_status":"open","sticky":false,"template":"","format":"standard","meta":{"footnotes":""},"categories":[1],"tags":[],"class_list":["post-2439","post","type-post","status-publish","format-standard","has-post-thumbnail","hentry","category-egyeb","wpcat-1-id"],"_links":{"self":[{"href":"https:\/\/matrend.hu\/nekedinfo\/wp-json\/wp\/v2\/posts\/2439","targetHints":{"allow":["GET"]}}],"collection":[{"href":"https:\/\/matrend.hu\/nekedinfo\/wp-json\/wp\/v2\/posts"}],"about":[{"href":"https:\/\/matrend.hu\/nekedinfo\/wp-json\/wp\/v2\/types\/post"}],"author":[{"embeddable":true,"href":"https:\/\/matrend.hu\/nekedinfo\/wp-json\/wp\/v2\/users\/1"}],"replies":[{"embeddable":true,"href":"https:\/\/matrend.hu\/nekedinfo\/wp-json\/wp\/v2\/comments?post=2439"}],"version-history":[{"count":1,"href":"https:\/\/matrend.hu\/nekedinfo\/wp-json\/wp\/v2\/posts\/2439\/revisions"}],"predecessor-version":[{"id":2441,"href":"https:\/\/matrend.hu\/nekedinfo\/wp-json\/wp\/v2\/posts\/2439\/revisions\/2441"}],"wp:featuredmedia":[{"embeddable":true,"href":"https:\/\/matrend.hu\/nekedinfo\/wp-json\/wp\/v2\/media\/2440"}],"wp:attachment":[{"href":"https:\/\/matrend.hu\/nekedinfo\/wp-json\/wp\/v2\/media?parent=2439"}],"wp:term":[{"taxonomy":"category","embeddable":true,"href":"https:\/\/matrend.hu\/nekedinfo\/wp-json\/wp\/v2\/categories?post=2439"},{"taxonomy":"post_tag","embeddable":true,"href":"https:\/\/matrend.hu\/nekedinfo\/wp-json\/wp\/v2\/tags?post=2439"}],"curies":[{"name":"wp","href":"https:\/\/api.w.org\/{rel}","templated":true}]}}