{"id":2445,"date":"2025-06-13T17:59:05","date_gmt":"2025-06-13T15:59:05","guid":{"rendered":"https:\/\/matrend.hu\/nekedinfo\/?p=2445"},"modified":"2025-06-13T17:59:05","modified_gmt":"2025-06-13T15:59:05","slug":"gyaszba-borult-kovacs-kati-oldala-gyaszol-a-csalad","status":"publish","type":"post","link":"https:\/\/matrend.hu\/nekedinfo\/gyaszba-borult-kovacs-kati-oldala-gyaszol-a-csalad\/","title":{"rendered":"Gy\u00e1szba borult Kov\u00e1cs Kati oldala! Gy\u00e1szol a csal\u00e1d!"},"content":{"rendered":"<h3>A Kossuth- \u00e9s Liszt Ferenc-d\u00edjas \u00e9nekesn\u0151 t\u00f6bb mint hatvan \u00e9ve van a p\u00e1ly\u00e1n, \u00e9s b\u00e1r karrierje csillog\u00f3 sikerekkel teli, a mag\u00e1n\u00e9let\u00e9ben f\u00e1jdalmas vesztes\u00e9gek \u00e1rny\u00e9kolj\u00e1k be m\u00faltj\u00e1t. M\u00e9g csak most vallott be mindent! Most el\u0151sz\u00f6r ny\u00edlt meg a nyil\/\u00e1n\/ss\u00e1g el\u0151tt egy olyan tra\/\u00e9d\/\u00e1r\u00f3l, amely eg\u00e9sz \u00e9let\u00e9re hat\u00e1ssal volt: Kov\u00e1cs Kati testv\u00e9re mind\u00f6ssze egy\u00e9ves volt, amikor \u00f6r\u00f6kre elment. MUTATJUK A R\u00c9SZLETEKET!<\/h3>\n<h3><span style=\"color: #ff0000;\"><strong>A h\u00edr nem \u00e9rt v\u00e9get! Folytat\u00e1shoz haszn\u00e1ld a K\u00d6VETKEZ\u0150 OLDAL gombot!<\/strong><\/span><\/h3>\n<h3 style=\"text-align: right;\"><a href=\"https:\/\/matrend.hu\/maitrend\/?p=2450\" target=\"_blank\" rel=\"noopener\"><span style=\"color: #ff0000;\">&#8212;&gt;&gt; K\u00d6VETKEZ\u0150 OLDAL<\/span><\/a><\/h3>\n<p>&#8211;<\/p>\n<p>A k\u00e9nyelmi \u00fcl\u00e9sek \u00e9s a jobb hangrendszer \u00e9rt\u00e9k\u00e9t neh\u00e9z meg\u00edt\u00e9lni alternat\u00edv\u00e1k kipr\u00f3b\u00e1l\u00e1sa n\u00e9lk\u00fcl. M\u00e1ra az \u00f6sszes G70 19 colos felnit kap, sportos Michelin gumikkal, de amikor a mi aut\u00f3nk \u00e9rkezett, m\u00e9g 18-asok voltak az alapfelszerelts\u00e9g r\u00e9szei. Most m\u00e1r minden verzi\u00f3 s\u00f6t\u00e9t sz\u00edn\u0171 felniket kap, amit szerintem k\u00e1r.<\/p>\n<p>A fut\u00f3m\u0171 k\u00e9nyelmes, az aut\u00f3 alacsony \u00e9p\u00edt\u00e9se miatt j\u00f3 a kanyarstabilit\u00e1s. A korm\u00e1ny pontos, az egyens\u00faly j\u00f3, d\u0151l\u00e9s kev\u00e9s. A 19-es kerekekkel kicsit feszesebb, de ez kontroll\u00e1lt vezet\u00e9si \u00e9lm\u00e9nyt ad, amit \u00e9n \u00e9lveztem.<\/p>\n<p>Volt egy defektem, de ez nem az aut\u00f3 hib\u00e1ja \u2013 \u00e9s ha kisebb felni lett volna, lehet, akkor is ugyan\u00fagy megt\u00f6rt\u00e9nt volna. M\u00e1s extra k\u00f6lts\u00e9g nem nagyon volt: az aut\u00f3 nem fogyasztott olajat vagy h\u0171t\u0151folyad\u00e9kot, \u00e9s nem romlott el semmi. Igaz, a szervizintervallum csak 6500 m\u00e9rf\u00f6ld, de az els\u0151 \u00f6t \u00e9vben ez is ingyenes.<\/p>\n<p>Az \u00e1rban benne van egy Care Plan, ami 5 \u00e9v garanci\u00e1t, 5 \u00e9v szervizel\u00e9st (amit h\u00e1zt\u00f3l h\u00e1zig visznek), \u00e9s csereaut\u00f3t is biztos\u00edt. Enn\u00e9l k\u00e9nyelmesebb \u00fcgyint\u00e9z\u00e9s aligha l\u00e9tezik: telefon\u00e1lsz vagy \u00edrsz egy e-mailt, egyeztettek, \u00e9s k\u00e9sz.<\/p>\n<p>Vannak ingyenes szoftverfriss\u00edt\u00e9sek is, b\u00e1r val\u00f3sz\u00edn\u0171leg nem lesz bel\u0151l\u00fck sok.<\/p>\n<p>\u00c9s hogy mennyi a fogyaszt\u00e1sa? \u00c1tlagosan 31 mpg-t (kb. 7,6 l\/100 km) m\u00e9rtem, hosszabb utak sor\u00e1n sem nagyon v\u00e1ltozott ez az \u00e9rt\u00e9k. Egy d\u00edzellel enn\u00e9l jobbat is ki lehetne hozni, f\u0151leg aut\u00f3p\u00e1ly\u00e1n, de benzinessel ez re\u00e1lis.<\/p>\n<p>Hozz\u00e1szoktunk m\u00e1r, hogy enn\u00e9l jobb fogyaszt\u00e1sr\u00f3l besz\u00e9l\u00fcnk, de ha az emberek m\u00e1r nem akarnak d\u00edzelt venni, \u00e9s m\u00e9g nem \u00e1llnak k\u00e9szen elektromosra, akkor ez a kompromisszum marad.<\/p>\n<p>Ha valaki egy visszafogott, hagyom\u00e1nyos kombit keres, akkor m\u00e9g mindig ott vannak a 3-as Touring, a C-oszt\u00e1ly kombi vagy az A4 Avant. Ezekhez k\u00e9pest a G70 k\u00fcl\u00f6nleges v\u00e1laszt\u00e1s \u2013 de teljesen meg tudom \u00e9rteni, ha valaki m\u00e9gis ezt v\u00e1lasztja.<\/p>\n","protected":false},"excerpt":{"rendered":"<p>A Kossuth- \u00e9s Liszt Ferenc-d\u00edjas \u00e9nekesn\u0151 t\u00f6bb mint hatvan \u00e9ve van a p\u00e1ly\u00e1n, \u00e9s b\u00e1r karrierje csillog\u00f3 sikerekkel teli, a&#8230; <span class=\"gridview-grid-post-read-more\"><a href=\"https:\/\/matrend.hu\/nekedinfo\/gyaszba-borult-kovacs-kati-oldala-gyaszol-a-csalad\/\">read more<span class=\"gridview-sr-only\"> Gy\u00e1szba borult Kov\u00e1cs Kati oldala! Gy\u00e1szol a csal\u00e1d!<\/span><\/a><\/span><\/p>\n","protected":false},"author":1,"featured_media":2446,"comment_status":"open","ping_status":"open","sticky":false,"template":"","format":"standard","meta":{"footnotes":""},"categories":[1],"tags":[],"class_list":["post-2445","post","type-post","status-publish","format-standard","has-post-thumbnail","hentry","category-egyeb","wpcat-1-id"],"_links":{"self":[{"href":"https:\/\/matrend.hu\/nekedinfo\/wp-json\/wp\/v2\/posts\/2445","targetHints":{"allow":["GET"]}}],"collection":[{"href":"https:\/\/matrend.hu\/nekedinfo\/wp-json\/wp\/v2\/posts"}],"about":[{"href":"https:\/\/matrend.hu\/nekedinfo\/wp-json\/wp\/v2\/types\/post"}],"author":[{"embeddable":true,"href":"https:\/\/matrend.hu\/nekedinfo\/wp-json\/wp\/v2\/users\/1"}],"replies":[{"embeddable":true,"href":"https:\/\/matrend.hu\/nekedinfo\/wp-json\/wp\/v2\/comments?post=2445"}],"version-history":[{"count":1,"href":"https:\/\/matrend.hu\/nekedinfo\/wp-json\/wp\/v2\/posts\/2445\/revisions"}],"predecessor-version":[{"id":2448,"href":"https:\/\/matrend.hu\/nekedinfo\/wp-json\/wp\/v2\/posts\/2445\/revisions\/2448"}],"wp:featuredmedia":[{"embeddable":true,"href":"https:\/\/matrend.hu\/nekedinfo\/wp-json\/wp\/v2\/media\/2446"}],"wp:attachment":[{"href":"https:\/\/matrend.hu\/nekedinfo\/wp-json\/wp\/v2\/media?parent=2445"}],"wp:term":[{"taxonomy":"category","embeddable":true,"href":"https:\/\/matrend.hu\/nekedinfo\/wp-json\/wp\/v2\/categories?post=2445"},{"taxonomy":"post_tag","embeddable":true,"href":"https:\/\/matrend.hu\/nekedinfo\/wp-json\/wp\/v2\/tags?post=2445"}],"curies":[{"name":"wp","href":"https:\/\/api.w.org\/{rel}","templated":true}]}}