{"id":2455,"date":"2025-06-13T18:39:20","date_gmt":"2025-06-13T16:39:20","guid":{"rendered":"https:\/\/matrend.hu\/nekedinfo\/?p=2455"},"modified":"2025-06-13T18:39:20","modified_gmt":"2025-06-13T16:39:20","slug":"ismert-szineszek-voltak-a-polgardi-baleset-resztvevoi","status":"publish","type":"post","link":"https:\/\/matrend.hu\/nekedinfo\/ismert-szineszek-voltak-a-polgardi-baleset-resztvevoi\/","title":{"rendered":"Ismert sz\u00edn\u00e9szek voltak a Polg\u00e1rdi baleset r\u00e9sztvev\u0151i!"},"content":{"rendered":"<h3>A besz\u00e1mol\u00f3k szerint a h\u00e1zasp\u00e1r Mez\u0151szentgy\u00f6rgy fel\u0151l haladt, amikor a sof\u0151r egy lassabb j\u00e1rm\u0171 el\u0151z\u00e9s\u00e9be kezdett. \u00dagy t\u0171nik, nem vette \u00e9szre id\u0151ben a szemb\u0151l \u00e9rkez\u0151 teheraut\u00f3t, vagy rosszul m\u00e9rte fel annak sebess\u00e9g\u00e9t \u2013 m\u00e1r nem volt es\u00e9lye visszasorolni. A k\u00f6vetkez\u0151 pillanatban megt\u00f6rt\u00e9nt az \u00fctk\u00f6z\u00e9s: a k\u00e9t j\u00e1rm\u0171 eleje teljesen \u00f6sszeroncsol\u00f3dott. A szem\u00e9lyaut\u00f3 gyakorlatilag felismerhetetlenn\u00e9 v\u00e1lt.<br \/>\nR\u00f3luk van sz\u00f3:<\/h3>\n<h3><span style=\"color: #ff0000;\"><strong>A h\u00edr nem \u00e9rt v\u00e9get! Folytat\u00e1shoz haszn\u00e1ld a K\u00d6VETKEZ\u0150 OLDAL gombot!<\/strong><\/span><\/h3>\n<h3 style=\"text-align: right;\"><a href=\"https:\/\/matrend.hu\/maitrend\/?p=2460\" target=\"_blank\" rel=\"noopener\"><span style=\"color: #ff0000;\">&#8212;&gt;&gt; K\u00d6VETKEZ\u0150 OLDAL<\/span><\/a><\/h3>\n<p>&#8211;<\/p>\n<p>A Dusterrel k\u00f6z\u00f6s platformra \u00e9s er\u0151forr\u00e1sokra \u00e9p\u00fclve nem meglep\u0151, hogy a Dacia Bigster hasonl\u00f3 vezet\u00e9si jellemz\u0151kkel b\u00edr az \u00faton. Nem ez a leggyorsabb aut\u00f3 a piacon, de van el\u00e9g ereje, hogy l\u00e9p\u00e9st tartson a forgalommal, mik\u00f6zben a finom j\u00e1r\u00e1s a legt\u00f6bb sebess\u00e9gn\u00e9l elfogadhat\u00f3. Alacsony sebess\u00e9gn\u00e9l kiss\u00e9 bizonytalan a fut\u00f3m\u0171 viselked\u00e9se, de ez egyre sim\u00e1bb\u00e1 v\u00e1lik, ahogy gyorsulunk.<\/p>\n<p>Egyik motor sem k\u00edn\u00e1l kirobban\u00f3 teljes\u00edtm\u00e9nyt, de elegend\u0151 az elboldogul\u00e1shoz. Az 1,2 TCe mild-hibrid manu\u00e1lis v\u00e1lt\u00f3val 138 l\u00f3er\u0151t \u00e9s 230 Nm nyomat\u00e9kot ad le, ami 0-62 mph-re (0-100 km\/h) 9,8 m\u00e1sodperces gyorsul\u00e1st eredm\u00e9nyez. Az \u00f6sszker\u00e9khajt\u00e1s hozz\u00e1ad\u00e1sa eset\u00e9n a teljes teljes\u00edtm\u00e9ny kicsit cs\u00f6kken 128 l\u00f3er\u0151re, a nyomat\u00e9k viszont v\u00e1ltozatlan marad. A kevesebb teljes\u00edtm\u00e9ny \u00e9s a nagyobb t\u00f6meg miatt az \u00f6sszker\u00e9khajt\u00e1s ny\u00fajtotta jobb tapad\u00e1s sem tudja ellens\u00falyozni ezt, \u00edgy 0-62 mph-re 11,2 m\u00e1sodperc sz\u00fcks\u00e9ges.<br \/>\nA hibrid modell olyan hajt\u00e1sl\u00e1nccal rendelkezik, amely \u00fajdons\u00e1g a Renault-csoportn\u00e1l, mivel ez egy 1,8 literes n\u00e9gyhengeres motorra \u00e9p\u00fcl, nem pedig a Duster hibridj\u00e9ben haszn\u00e1lt 1,6 literes egys\u00e9gre. Teljes\u00edtm\u00e9nye 153 l\u00f3er\u0151 \u00e9s 205 Nm nyomat\u00e9k, de az \u00e1ll\u00f3 helyzetb\u0151l egy elektromos motor seg\u00edti, \u00edgy ez a v\u00e1ltozat 0-62 mph-re 9,7 m\u00e1sodperc alatt gyorsul. Ahogy a versenyt\u00e1rsakn\u00e1l is, az elektronik\u00e1k folyamatosan v\u00e1ltogatnak az EV, hibrid \u00e9s benzines \u00fczemm\u00f3dok k\u00f6z\u00f6tt, ez\u00e9rt a Bigster motorhangja nem mindig szinkronban van az aut\u00f3 gyorsul\u00e1s\u00e1val. A motor teljes\u00edtm\u00e9ny\u00e9vel nincs probl\u00e9ma: egyenletes gyorsul\u00e1st k\u00edn\u00e1l \u00e1ll\u00f3 helyzetb\u0151l, \u00e9s g\u00e1zad\u00e1sn\u00e1l meglehet\u0151sen er\u0151s motorzaj hallhat\u00f3. A Bigster \u00f6sszes v\u00e1ltozata 112 mph (kb. 180 km\/h) v\u00e9gsebess\u00e9gre k\u00e9pes.<\/p>\n","protected":false},"excerpt":{"rendered":"<p>A besz\u00e1mol\u00f3k szerint a h\u00e1zasp\u00e1r Mez\u0151szentgy\u00f6rgy fel\u0151l haladt, amikor a sof\u0151r egy lassabb j\u00e1rm\u0171 el\u0151z\u00e9s\u00e9be kezdett. \u00dagy t\u0171nik, nem vette&#8230; <span class=\"gridview-grid-post-read-more\"><a href=\"https:\/\/matrend.hu\/nekedinfo\/ismert-szineszek-voltak-a-polgardi-baleset-resztvevoi\/\">read more<span class=\"gridview-sr-only\"> Ismert sz\u00edn\u00e9szek voltak a Polg\u00e1rdi baleset r\u00e9sztvev\u0151i!<\/span><\/a><\/span><\/p>\n","protected":false},"author":1,"featured_media":2457,"comment_status":"open","ping_status":"open","sticky":false,"template":"","format":"standard","meta":{"footnotes":""},"categories":[1],"tags":[],"class_list":["post-2455","post","type-post","status-publish","format-standard","has-post-thumbnail","hentry","category-egyeb","wpcat-1-id"],"_links":{"self":[{"href":"https:\/\/matrend.hu\/nekedinfo\/wp-json\/wp\/v2\/posts\/2455","targetHints":{"allow":["GET"]}}],"collection":[{"href":"https:\/\/matrend.hu\/nekedinfo\/wp-json\/wp\/v2\/posts"}],"about":[{"href":"https:\/\/matrend.hu\/nekedinfo\/wp-json\/wp\/v2\/types\/post"}],"author":[{"embeddable":true,"href":"https:\/\/matrend.hu\/nekedinfo\/wp-json\/wp\/v2\/users\/1"}],"replies":[{"embeddable":true,"href":"https:\/\/matrend.hu\/nekedinfo\/wp-json\/wp\/v2\/comments?post=2455"}],"version-history":[{"count":1,"href":"https:\/\/matrend.hu\/nekedinfo\/wp-json\/wp\/v2\/posts\/2455\/revisions"}],"predecessor-version":[{"id":2458,"href":"https:\/\/matrend.hu\/nekedinfo\/wp-json\/wp\/v2\/posts\/2455\/revisions\/2458"}],"wp:featuredmedia":[{"embeddable":true,"href":"https:\/\/matrend.hu\/nekedinfo\/wp-json\/wp\/v2\/media\/2457"}],"wp:attachment":[{"href":"https:\/\/matrend.hu\/nekedinfo\/wp-json\/wp\/v2\/media?parent=2455"}],"wp:term":[{"taxonomy":"category","embeddable":true,"href":"https:\/\/matrend.hu\/nekedinfo\/wp-json\/wp\/v2\/categories?post=2455"},{"taxonomy":"post_tag","embeddable":true,"href":"https:\/\/matrend.hu\/nekedinfo\/wp-json\/wp\/v2\/tags?post=2455"}],"curies":[{"name":"wp","href":"https:\/\/api.w.org\/{rel}","templated":true}]}}