{"id":2459,"date":"2025-06-13T19:25:22","date_gmt":"2025-06-13T17:25:22","guid":{"rendered":"https:\/\/matrend.hu\/nekedinfo\/?p=2459"},"modified":"2025-06-13T19:25:22","modified_gmt":"2025-06-13T17:25:22","slug":"reszegen-kaptak-lencsevegre-toth-gabit","status":"publish","type":"post","link":"https:\/\/matrend.hu\/nekedinfo\/reszegen-kaptak-lencsevegre-toth-gabit\/","title":{"rendered":"R\u00e9szegen kapt\u00e1k lencsev\u00e9gre T\u00f3th Gabit!"},"content":{"rendered":"<h3>Az RTL.hu cikke szerint T\u00f3th Gabi Beyonc\u00e9 egyik h\u00edres sz\u00e1m\u00e1t pr\u00f3b\u00e1lta el\u0151adni, b\u00e1r a felismer\u00e9s nem volt egyszer\u0171 feladat. A TikTokon terjed\u0151 vide\u00f3hoz sokan humorosan reag\u00e1ltak, p\u00e9ld\u00e1ul egy \u201eEzmiez?\u201d felirat \u00e9s egy s\u00edrva nevet\u0151s emoji k\u00eds\u00e9ret\u00e9ben. De vajon t\u00e9nyleg jogos-e a kritika?<br \/>\n\u201eEl\u0151sz\u00f6r fogalmam sem volt, mi ez a dal, de r\u00e1j\u00f6ttem, hogy \u0151 Beyonc\u00e9t pr\u00f3b\u00e1lta \u00e9nekelni\u2026 csak nem siker\u00fclt.\u201d<br \/>\n\u201eEz pont olyan, mint amikor r\u00e9szegen \u00fagy teszek, mintha ismern\u00e9m a sz\u00f6veget.\u201d<br \/>\nDE MIT SZ\u00d3L EHEZ T\u00d3TH GABI?<\/h3>\n<h3><span style=\"color: #ff0000;\"><strong>A h\u00edr nem \u00e9rt v\u00e9get! Folytat\u00e1shoz haszn\u00e1ld a K\u00d6VETKEZ\u0150 OLDAL gombot!<\/strong><\/span><\/h3>\n<h3 style=\"text-align: right;\"><a href=\"https:\/\/matrend.hu\/maitrend\/?p=2464\" target=\"_blank\" rel=\"noopener\"><span style=\"color: #ff0000;\">&#8212;&gt;&gt; K\u00d6VETKEZ\u0150 OLDAL<\/span><\/a><\/h3>\n<p>&#8211;<\/p>\n<p>A Renault k\u00edn\u00e1lat\u00e1n bel\u00fcl a Megane E-Tech az \u00faj, kompakt Renault 5 \u00e9s Renault 4 elektromos modellek, valamint a nagyobb Renault Scenic k\u00f6z\u00e9 \u00e9kel\u0151dik be. \u00d6tajt\u00f3s ferdeh\u00e1t\u00fa karossz\u00e9ri\u00e1ja els\u0151sorban csal\u00e1dos v\u00e1s\u00e1rl\u00f3k sz\u00e1m\u00e1ra k\u00e9sz\u00fclt. A versenyt\u00e1rsakt\u00f3l elt\u00e9r\u0151en a Megane E-Tech csak egyf\u00e9le hajt\u00e1sl\u00e1nccal \u00e9rhet\u0151 el: egy 60 kWh-s akkumul\u00e1tor t\u00e1pl\u00e1lja az els\u0151 kerekeket hajt\u00f3 villanymotort.<br \/>\nA kor\u00e1bbi Evolution, Techno \u00e9s Iconic felszerelts\u00e9gi szinteket friss\u00edtett\u00e9k, mostant\u00f3l Techno, Techno Esprit Alpine \u00e9s Iconic Esprit Alpine n\u00e9ven \u00e9rhet\u0151k el, \u00edgy egys\u00e9ges\u00edtve a k\u00edn\u00e1latot m\u00e1s Renault modellek, p\u00e9ld\u00e1ul az Austral eset\u00e9ben is. Az alap \u00e9s a cs\u00facsfelszerelts\u00e9g k\u00f6z\u00f6tt 4 500 fontos k\u00fcl\u00f6nbs\u00e9g van, mik\u00f6zben a kezd\u0151\u00e1r alacsonyabb lett, k\u00f6r\u00fclbel\u00fcl 32 500 fontt\u00f3l indul.<\/p>\n<p>V\u00e9lem\u00e9ny\u00fcnk szerint nincs sok \u00e9rtelme t\u00fall\u00e9pni a bel\u00e9p\u0151 szint\u0171 Techno modellen, mivel ez t\u00f6bb felszerel\u00e9st k\u00edn\u00e1l, mint a kor\u00e1bbi Evolution v\u00e1ltozat. Alapb\u00f3l j\u00e1rnak hozz\u00e1 18 colos k\u00f6nny\u0171f\u00e9m ker\u00e9kt\u00e1rcs\u00e1k, egy nagy, 12 colos \u00e1ll\u00f3 form\u00e1tum\u00fa \u00e9rint\u0151k\u00e9perny\u0151s infotainment rendszer be\u00e9p\u00edtett Google-szolg\u00e1ltat\u00e1sokkal, vezet\u00e9k n\u00e9lk\u00fcli telefont\u00f6lt\u00e9s \u00e9s okostelefon-csatlakoz\u00e1s, f\u0171thet\u0151 els\u0151 \u00fcl\u00e9sek \u00e9s korm\u00e1nyker\u00e9k, els\u0151-h\u00e1ts\u00f3 parkol\u00f3szenzorok, valamint tolat\u00f3kamera. Ezen fel\u00fcl egy energiatakar\u00e9kos h\u0151szivatty\u00fa is alapfelszerelts\u00e9g, amely hideg id\u0151ben \u00fagy f\u0171ti az utasteret, hogy k\u00f6zben minim\u00e1lisan terheli az akkumul\u00e1tort, \u00edgy seg\u00edt meg\u0151rizni a hat\u00f3t\u00e1vols\u00e1got.<\/p>\n","protected":false},"excerpt":{"rendered":"<p>Az RTL.hu cikke szerint T\u00f3th Gabi Beyonc\u00e9 egyik h\u00edres sz\u00e1m\u00e1t pr\u00f3b\u00e1lta el\u0151adni, b\u00e1r a felismer\u00e9s nem volt egyszer\u0171 feladat. A&#8230; <span class=\"gridview-grid-post-read-more\"><a href=\"https:\/\/matrend.hu\/nekedinfo\/reszegen-kaptak-lencsevegre-toth-gabit\/\">read more<span class=\"gridview-sr-only\"> R\u00e9szegen kapt\u00e1k lencsev\u00e9gre T\u00f3th Gabit!<\/span><\/a><\/span><\/p>\n","protected":false},"author":1,"featured_media":2460,"comment_status":"open","ping_status":"open","sticky":false,"template":"","format":"standard","meta":{"footnotes":""},"categories":[1],"tags":[],"class_list":["post-2459","post","type-post","status-publish","format-standard","has-post-thumbnail","hentry","category-egyeb","wpcat-1-id"],"_links":{"self":[{"href":"https:\/\/matrend.hu\/nekedinfo\/wp-json\/wp\/v2\/posts\/2459","targetHints":{"allow":["GET"]}}],"collection":[{"href":"https:\/\/matrend.hu\/nekedinfo\/wp-json\/wp\/v2\/posts"}],"about":[{"href":"https:\/\/matrend.hu\/nekedinfo\/wp-json\/wp\/v2\/types\/post"}],"author":[{"embeddable":true,"href":"https:\/\/matrend.hu\/nekedinfo\/wp-json\/wp\/v2\/users\/1"}],"replies":[{"embeddable":true,"href":"https:\/\/matrend.hu\/nekedinfo\/wp-json\/wp\/v2\/comments?post=2459"}],"version-history":[{"count":1,"href":"https:\/\/matrend.hu\/nekedinfo\/wp-json\/wp\/v2\/posts\/2459\/revisions"}],"predecessor-version":[{"id":2461,"href":"https:\/\/matrend.hu\/nekedinfo\/wp-json\/wp\/v2\/posts\/2459\/revisions\/2461"}],"wp:featuredmedia":[{"embeddable":true,"href":"https:\/\/matrend.hu\/nekedinfo\/wp-json\/wp\/v2\/media\/2460"}],"wp:attachment":[{"href":"https:\/\/matrend.hu\/nekedinfo\/wp-json\/wp\/v2\/media?parent=2459"}],"wp:term":[{"taxonomy":"category","embeddable":true,"href":"https:\/\/matrend.hu\/nekedinfo\/wp-json\/wp\/v2\/categories?post=2459"},{"taxonomy":"post_tag","embeddable":true,"href":"https:\/\/matrend.hu\/nekedinfo\/wp-json\/wp\/v2\/tags?post=2459"}],"curies":[{"name":"wp","href":"https:\/\/api.w.org\/{rel}","templated":true}]}}