{"id":2468,"date":"2025-06-14T19:28:41","date_gmt":"2025-06-14T17:28:41","guid":{"rendered":"https:\/\/matrend.hu\/nekedinfo\/?p=2468"},"modified":"2025-06-14T19:28:41","modified_gmt":"2025-06-14T17:28:41","slug":"haz-omlott-az-ismert-szineszre","status":"publish","type":"post","link":"https:\/\/matrend.hu\/nekedinfo\/haz-omlott-az-ismert-szineszre\/","title":{"rendered":"H\u00e1z omlott az ismert sz\u00edn\u00e9szre!"},"content":{"rendered":"<h3>A h\u00e1zoml\u00e1s egyik s\u00falyos s\u00e9r\u00fcltje a Budapesti Operettszh\u00e1z egyik t\u00e1ncm\u0171v\u00e9sze, aki a tra\/\u00e9dia idej\u00e9n \u00e9pp a munkahely\u00e9re tartott \u2013 \u00edrja az MTI. Az Operettsz\u00edh\u00e1z munkat\u00e1rsa a k\u00f6zlem\u00e9ny szerint k\u00f3rh\u00e1zi, baleseti ell\u00e1t\u00e1sban r\u00e9szes\u00fcl. Az sz\u00ednh\u00e1z vezet\u00e9se \u00e9s t\u00e1rsulata t\u00e1mogat\u00e1s\u00e1r\u00f3l biztos\u00edtja s\u00e9r\u00fclt t\u00e1rsulati tagj\u00e1t \u00e9s csal\u00e1dj\u00e1t \u2013 \u00edrj\u00e1k.<\/h3>\n<h3><span style=\"color: #ff0000;\"><strong>A h\u00edr nem \u00e9rt v\u00e9get! Folytat\u00e1shoz haszn\u00e1ld a K\u00d6VETKEZ\u0150 OLDAL gombot!<\/strong><\/span><\/h3>\n<h3 style=\"text-align: right;\"><a href=\"https:\/\/matrend.hu\/maitrend\/?p=2473\" target=\"_blank\" rel=\"noopener\"><span style=\"color: #ff0000;\">&#8212;&gt;&gt; K\u00d6VETKEZ\u0150 OLDAL<\/span><\/a><\/h3>\n<p>&#8211;<\/p>\n<p>\u00d6sszess\u00e9g\u00e9ben teh\u00e1t a Tonale j\u00f3val meggy\u0151z\u0151bb aut\u00f3, mint amilyen a neve alapj\u00e1n sejten\u00e9nk (a \u201etonale\u201d angolul kicsit hasonl\u00edt a \u201etoenail\u201d \u2013 \u201ek\u00f6r\u00f6m\u201d sz\u00f3ra, erre utal a vicces megjegyz\u00e9s). B\u00e1r m\u00e9g nem t\u00f6k\u00e9letes, komoly es\u00e9lyes a pr\u00e9mium kompakt SUV-k k\u00f6z\u00f6tt. Ha az er\u0151\u00e1tviteli rendszer\u00e9n (motor + v\u00e1lt\u00f3 + elektronika) m\u00e9g egy kicsit fejlesztenek, amire minden es\u00e9ly megvan, akkor a Tonale k\u00f6nnyen a kateg\u00f3ria legjobbjai k\u00f6z\u00e9 ker\u00fclhet.<\/p>\n<p>\u00c9n m\u00e1r n\u00e9h\u00e1ny h\u00f3napja haszn\u00e1lom a Tonale-t, \u00e9s elmondom a saj\u00e1t tapasztalataimat: az elej\u00e9n egyszer\u0171en rossznak tartottam a hajt\u00e1sl\u00e1ncot. Olyan szinten volt zavar\u00f3, hogy b\u00e1r el lehetett viselni, de kellemetlen volt, f\u0151leg ha \u00f6sszehasonl\u00edtottam a konkurenci\u00e1val.<\/p>\n<p>De \u00e9pp ez a l\u00e9nyege a hossz\u00fa t\u00e1v\u00fa teszteknek: min\u00e9l tov\u00e1bb \u00e9l egy\u00fctt valaki egy aut\u00f3val, ann\u00e1l ink\u00e1bb hozz\u00e1szokik \u2013 vagy \u00e9pp ellenkez\u0151leg, m\u00e9g jobban zavarja. N\u00e1lam v\u00e9g\u00fcl hozz\u00e1szok\u00e1s t\u00f6rt\u00e9nt. Tov\u00e1bbra is objekt\u00edven l\u00e1tom, hogy a hajt\u00e1sl\u00e1nc nem igaz\u00e1n versenyk\u00e9pes m\u00e1s hibridekkel szemben, de ez m\u00e1r nem rontja el sz\u00e1momra az aut\u00f3val kapcsolatos \u00e9lm\u00e9nyt.<\/p>\n<p>A rendszer egy 1,3 literes, n\u00e9gyhengeres turb\u00f3s benzinmotorb\u00f3l \u00e9s egy h\u00e1ts\u00f3 tengelyre szerelt elektromotorb\u00f3l \u00e1ll. Egy\u00fctt 276 l\u00f3er\u0151s teljes\u00edtm\u00e9nyt adnak, \u00e9s 0-r\u00f3l 100 km\/h-ra 6,2 m\u00e1sodperc alatt gyorsul az aut\u00f3 \u2013 legal\u00e1bbis pap\u00edron. Val\u00f3j\u00e1ban viszont sosem t\u0171nik ennyire gyorsnak vagy er\u0151snek, f\u0151leg a k\u00f6z\u00e9ptartom\u00e1nyban tapasztalhat\u00f3 gyenges\u00e9ge miatt. Ha azt akarod, hogy az elektromos motor is bekapcsoljon, el\u00e9g er\u0151sen r\u00e1 kell l\u00e9pned a g\u00e1zra \u2013 nincs meg benne az a k\u00f6nnyed elektromos r\u00e1seg\u00edt\u00e9s, amit sok m\u00e1s PHEV k\u00edn\u00e1l.<\/p>\n<p>Ez\u00e9rt p\u00e9ld\u00e1ul nem t\u00fal b\u00f6lcs dolog gyorsan elindulni egy k\u00f6rforgalomb\u00f3l, \u00e9s az aut\u00f3p\u00e1ly\u00e1s temp\u00f3ra val\u00f3 felgyors\u00edt\u00e1s is t\u00f6bb er\u0151fesz\u00edt\u00e9st ig\u00e9nyel, mint az ember v\u00e1rn\u00e1. R\u00e1ad\u00e1sul amikor a benzinmotor kem\u00e9nyen dolgozik, a hangja morg\u00f3s \u2013 de nem j\u00f3 \u00e9rtelemben, ink\u00e1bb kellemetlen.<\/p>\n<p>Mindehhez k\u00e9pest \u00e9rdekes, hogy egy olvas\u00f3nk, Dave Cornwallb\u00f3l, nemr\u00e9giben megosztotta vel\u00fcnk, mennyire \u00e9lvezi az Alfa Tonale PHEV-j\u00e9t, amelyet k\u00e9t h\u00f3napja haszn\u00e1l. B\u00e1r szkeptikus volt az \u00edg\u00e9rt 48 m\u00e9rf\u00f6ldes (kb. 77 km) tiszt\u00e1n elektromos hat\u00f3t\u00e1vols\u00e1ggal kapcsolatban, \u00e9s gondjai voltak az Alfa saj\u00e1t mobilalkalmaz\u00e1s\u00e1val, a hajt\u00e1sl\u00e1nc vagy a finom m\u0171k\u00f6d\u00e9s hi\u00e1nyoss\u00e1gair\u00f3l egy sz\u00f3t sem eml\u00edtett.<\/p>\n","protected":false},"excerpt":{"rendered":"<p>A h\u00e1zoml\u00e1s egyik s\u00falyos s\u00e9r\u00fcltje a Budapesti Operettszh\u00e1z egyik t\u00e1ncm\u0171v\u00e9sze, aki a tra\/\u00e9dia idej\u00e9n \u00e9pp a munkahely\u00e9re tartott \u2013 \u00edrja&#8230; <span class=\"gridview-grid-post-read-more\"><a href=\"https:\/\/matrend.hu\/nekedinfo\/haz-omlott-az-ismert-szineszre\/\">read more<span class=\"gridview-sr-only\"> H\u00e1z omlott az ismert sz\u00edn\u00e9szre!<\/span><\/a><\/span><\/p>\n","protected":false},"author":1,"featured_media":2469,"comment_status":"open","ping_status":"open","sticky":false,"template":"","format":"standard","meta":{"footnotes":""},"categories":[1],"tags":[],"class_list":["post-2468","post","type-post","status-publish","format-standard","has-post-thumbnail","hentry","category-egyeb","wpcat-1-id"],"_links":{"self":[{"href":"https:\/\/matrend.hu\/nekedinfo\/wp-json\/wp\/v2\/posts\/2468","targetHints":{"allow":["GET"]}}],"collection":[{"href":"https:\/\/matrend.hu\/nekedinfo\/wp-json\/wp\/v2\/posts"}],"about":[{"href":"https:\/\/matrend.hu\/nekedinfo\/wp-json\/wp\/v2\/types\/post"}],"author":[{"embeddable":true,"href":"https:\/\/matrend.hu\/nekedinfo\/wp-json\/wp\/v2\/users\/1"}],"replies":[{"embeddable":true,"href":"https:\/\/matrend.hu\/nekedinfo\/wp-json\/wp\/v2\/comments?post=2468"}],"version-history":[{"count":1,"href":"https:\/\/matrend.hu\/nekedinfo\/wp-json\/wp\/v2\/posts\/2468\/revisions"}],"predecessor-version":[{"id":2470,"href":"https:\/\/matrend.hu\/nekedinfo\/wp-json\/wp\/v2\/posts\/2468\/revisions\/2470"}],"wp:featuredmedia":[{"embeddable":true,"href":"https:\/\/matrend.hu\/nekedinfo\/wp-json\/wp\/v2\/media\/2469"}],"wp:attachment":[{"href":"https:\/\/matrend.hu\/nekedinfo\/wp-json\/wp\/v2\/media?parent=2468"}],"wp:term":[{"taxonomy":"category","embeddable":true,"href":"https:\/\/matrend.hu\/nekedinfo\/wp-json\/wp\/v2\/categories?post=2468"},{"taxonomy":"post_tag","embeddable":true,"href":"https:\/\/matrend.hu\/nekedinfo\/wp-json\/wp\/v2\/tags?post=2468"}],"curies":[{"name":"wp","href":"https:\/\/api.w.org\/{rel}","templated":true}]}}