{"id":2478,"date":"2025-06-15T15:05:10","date_gmt":"2025-06-15T13:05:10","guid":{"rendered":"https:\/\/matrend.hu\/nekedinfo\/?p=2478"},"modified":"2025-06-15T15:05:10","modified_gmt":"2025-06-15T13:05:10","slug":"gyasz-bodi-csabi-tette-kozze-a-halalhirt","status":"publish","type":"post","link":"https:\/\/matrend.hu\/nekedinfo\/gyasz-bodi-csabi-tette-kozze-a-halalhirt\/","title":{"rendered":"Gy\u00e1sz! B\u00f3di Csabi tette k\u00f6zz\u00e9 a hal\u00e1lh\u00edrt!"},"content":{"rendered":"<h3>&#8222;A hal\u00e1l nem semmis\u00edti meg az \u00e9letet, csak \u00e1tv\u00e1ltoztatja. Biztos \u00e9szrevett\u00e9tek,hogy inakt\u00edv voltam, voltunk az elm\u00falt napokban a k\u00f6z\u00f6ss\u00e9gi m\u00e9di\u00e1ban. Sajn\u00e1lattal inform\u00e1llak titeket, hogy hatalmas trag\u00e9dia \u00e9rt minket! Leg\u00e9ny b\u00e1ttya, a faterom \u00e9destestv\u00e9re elt\u00e1vozott! A csal\u00e1dj\u00e1n k\u00edv\u00fcl is mindenki szerette, mert egy becs\u00fcletes, kedves, j\u00f3 humor\u00fa, \u00e9letvid\u00e1m \u00e9s szeretetteljes ember volt, aki mindig a csal\u00e1dj\u00e1nak \u00e9lt. Ilyenkor szokt\u00e1k \u00edrni vagy mondani, hogy: MINDIG A J\u00d3K MENNEK EL! H\u00e1t \u0150 t\u00e9nyleg j\u00f3 volt&#8230;. a sz\u00edv\u00fcnkben \u00f6r\u00f6kk\u00e9 \u00e9lni fog&#8221;<\/h3>\n<h3><span style=\"color: #ff0000;\"><strong>A h\u00edr nem \u00e9rt v\u00e9get! Folytat\u00e1shoz haszn\u00e1ld a K\u00d6VETKEZ\u0150 OLDAL gombot!<\/strong><\/span><\/h3>\n<h3 style=\"text-align: right;\"><a href=\"https:\/\/matrend.hu\/maitrend\/?p=2483\" target=\"_blank\" rel=\"noopener\"><span style=\"color: #ff0000;\">&#8212;&gt;&gt; K\u00d6VETKEZ\u0150 OLDAL<\/span><\/a><\/h3>\n<p>&#8211;<\/p>\n<p>A Citro\u00ebn C5 X maradv\u00e1ny\u00e9rt\u00e9kei nem tartoznak az aut\u00f3 er\u0151ss\u00e9gei k\u00f6z\u00e9. A legjobb v\u00e1laszt\u00e1s ebb\u0151l a szempontb\u00f3l a bel\u00e9p\u0151szint\u0171 \u201eYou!\u201d felszerelts\u00e9g, amely v\u00e1rhat\u00f3an h\u00e1rom \u00e9v vagy 36 000 m\u00e9rf\u00f6ld ut\u00e1n eredeti \u00e9rt\u00e9ke 46,1%-\u00e1t tartja meg. A legdr\u00e1g\u00e1bb plug-in hibrid v\u00e1ltozat eset\u00e9ben ez az ar\u00e1ny 42,4%-ra cs\u00f6kken, ami azt jelenti, hogy egy k\u00f6r\u00fclbel\u00fcl 43 000 fontos aut\u00f3 h\u00e1rom \u00e9v alatt alig t\u00f6bb mint 18 000 fontot fog \u00e9rni. A Skoda Superb valamivel jobban teljes\u00edt, v\u00e1rhat\u00f3an 46 \u00e9s 48 sz\u00e1zal\u00e9k k\u00f6z\u00f6tti maradv\u00e1ny\u00e9rt\u00e9ket tart meg ugyanezen id\u0151szak alatt.<\/p>\n<p>A C5 X egyik legf\u0151bb er\u0151ss\u00e9ge a belt\u00e9r, amely okos elrendez\u00e9ssel, kellemes tapint\u00e1s\u00fa anyagokkal \u00e9s sok fizikai kezel\u0151szervvel v\u00e1rja az utasokat. A Citro\u00ebn C5 X igaz\u00e1n k\u00fcl\u00f6nleges megjelen\u00e9s\u0171 \u2013 b\u00e1r a nagy \u00f6tajt\u00f3s ferdeh\u00e1t\u00fa nem \u00faj \u00f6tlet, ez a modell egy\u00e9rtelm\u0171en Citro\u00ebn maradt. Technikailag a Peugeot 408 \u00e9s a DS 4 modelljeihez \u00e1ll k\u00f6zel (b\u00e1r azokn\u00e1l hosszabb), \u00e1m robusztus, SUV-szer\u0171 megjelen\u00e9st kapott, m\u0171anyag karossz\u00e9riaelemekkel \u00e9s enyh\u00e9n megemelt hasmagass\u00e1ggal. A j\u00f3l ismert dupla \u201echevron\u201d h\u0171t\u0151r\u00e1cs X-alak\u00fa f\u00e9nysz\u00f3r\u00f3megold\u00e1sba megy \u00e1t el\u00f6l, amit a h\u00e1ts\u00f3 l\u00e1mp\u00e1k is t\u00fckr\u00f6znek. Minden kivitel k\u00e9t h\u00e1ts\u00f3 l\u00e9gterel\u0151t kap \u2013 egyet fel\u00fcl, egyet pedig az als\u00f3 csomagt\u00e9rajt\u00f3n.<br \/>\nSz\u00fcks\u00e9g is van a felt\u0171n\u0151 form\u00e1ra, mert a Citro\u00ebn \u00f3vatos volt a sz\u00ednv\u00e1laszt\u00e9kkal: az \u201eAmazonite Grey\u201d (z\u00f6ldes sz\u00fcrke) \u00e9s az \u201eEclipse Blue\u201d (s\u00f6t\u00e9tk\u00e9k) az egyetlen igaz\u00e1n nem sz\u00fcrke t\u00f3nus. Minden v\u00e1ltozat 19 colos alufelnit kap, amelyek form\u00e1jukban szinte megegyeznek \u2013 csak a fel\u00fcletkezel\u00e9s\u00fck t\u00e9r el.<\/p>\n","protected":false},"excerpt":{"rendered":"<p>&#8222;A hal\u00e1l nem semmis\u00edti meg az \u00e9letet, csak \u00e1tv\u00e1ltoztatja. Biztos \u00e9szrevett\u00e9tek,hogy inakt\u00edv voltam, voltunk az elm\u00falt napokban a k\u00f6z\u00f6ss\u00e9gi m\u00e9di\u00e1ban&#8230;. <span class=\"gridview-grid-post-read-more\"><a href=\"https:\/\/matrend.hu\/nekedinfo\/gyasz-bodi-csabi-tette-kozze-a-halalhirt\/\">read more<span class=\"gridview-sr-only\"> Gy\u00e1sz! B\u00f3di Csabi tette k\u00f6zz\u00e9 a hal\u00e1lh\u00edrt!<\/span><\/a><\/span><\/p>\n","protected":false},"author":1,"featured_media":2479,"comment_status":"open","ping_status":"open","sticky":false,"template":"","format":"standard","meta":{"footnotes":""},"categories":[1],"tags":[],"class_list":["post-2478","post","type-post","status-publish","format-standard","has-post-thumbnail","hentry","category-egyeb","wpcat-1-id"],"_links":{"self":[{"href":"https:\/\/matrend.hu\/nekedinfo\/wp-json\/wp\/v2\/posts\/2478","targetHints":{"allow":["GET"]}}],"collection":[{"href":"https:\/\/matrend.hu\/nekedinfo\/wp-json\/wp\/v2\/posts"}],"about":[{"href":"https:\/\/matrend.hu\/nekedinfo\/wp-json\/wp\/v2\/types\/post"}],"author":[{"embeddable":true,"href":"https:\/\/matrend.hu\/nekedinfo\/wp-json\/wp\/v2\/users\/1"}],"replies":[{"embeddable":true,"href":"https:\/\/matrend.hu\/nekedinfo\/wp-json\/wp\/v2\/comments?post=2478"}],"version-history":[{"count":1,"href":"https:\/\/matrend.hu\/nekedinfo\/wp-json\/wp\/v2\/posts\/2478\/revisions"}],"predecessor-version":[{"id":2480,"href":"https:\/\/matrend.hu\/nekedinfo\/wp-json\/wp\/v2\/posts\/2478\/revisions\/2480"}],"wp:featuredmedia":[{"embeddable":true,"href":"https:\/\/matrend.hu\/nekedinfo\/wp-json\/wp\/v2\/media\/2479"}],"wp:attachment":[{"href":"https:\/\/matrend.hu\/nekedinfo\/wp-json\/wp\/v2\/media?parent=2478"}],"wp:term":[{"taxonomy":"category","embeddable":true,"href":"https:\/\/matrend.hu\/nekedinfo\/wp-json\/wp\/v2\/categories?post=2478"},{"taxonomy":"post_tag","embeddable":true,"href":"https:\/\/matrend.hu\/nekedinfo\/wp-json\/wp\/v2\/tags?post=2478"}],"curies":[{"name":"wp","href":"https:\/\/api.w.org\/{rel}","templated":true}]}}