{"id":2484,"date":"2025-06-15T19:36:23","date_gmt":"2025-06-15T17:36:23","guid":{"rendered":"https:\/\/matrend.hu\/nekedinfo\/?p=2484"},"modified":"2025-06-15T19:36:23","modified_gmt":"2025-06-15T17:36:23","slug":"kigyulladt-a-visegradi-hotel-silvanus","status":"publish","type":"post","link":"https:\/\/matrend.hu\/nekedinfo\/kigyulladt-a-visegradi-hotel-silvanus\/","title":{"rendered":"Kigyulladt a visegr\u00e1di Hotel Silvanus"},"content":{"rendered":"<h3>\u00dajra t\u0171z \u00fct\u00f6tt ki a Silvanus Hotelben, mind\u00f6ssze p\u00e1r h\u00f3nappal a tavaszi \u00fajranyit\u00e1s ut\u00e1n. Egyesek szerint besz\u00e9des, hogy az \u00fajabb t\u0171zeset most p\u00e9nteken. A t\u0171z forr\u00e1sa a sz\u00e1lloda wellnesr\u00e9szleg\u00e9ben l\u00e9v\u0151 400 voltos elektromos kapcsol\u00f3szekr\u00e9ny volt. A szentendrei hivat\u00e1sos t\u0171zolt\u00f3k \u00e9s a visegr\u00e1di \u00f6nk\u00e9ntesek gyors beavatkoz\u00e1s\u00e1nak k\u00f6sz\u00f6nhet\u0151en azonban a helyzet nem s\u00falyosbodott.<\/h3>\n<h3><span style=\"color: #ff0000;\"><strong>A h\u00edr nem \u00e9rt v\u00e9get! Folytat\u00e1shoz haszn\u00e1ld a K\u00d6VETKEZ\u0150 OLDAL gombot!<\/strong><\/span><\/h3>\n<h3 style=\"text-align: right;\"><a href=\"https:\/\/matrend.hu\/maitrend\/?p=2489\" target=\"_blank\" rel=\"noopener\"><span style=\"color: #ff0000;\">&#8212;&gt;&gt; K\u00d6VETKEZ\u0150 OLDAL<\/span><\/a><\/h3>\n<p>&#8211;<\/p>\n<p>A Stonic ugyanarra a padl\u00f3lemezre \u00e9p\u00fcl, mint a Kia Rio (amelyet m\u00e1r nem forgalmaznak az Egyes\u00fclt Kir\u00e1lys\u00e1gban), \u00edgy a k\u00e9t modell azonos tengelyt\u00e1vval rendelkezik. Ugyanakkor a Stonic kiss\u00e9 sz\u00e9lesebb, a h\u00e1ts\u00f3 t\u00falny\u00fal\u00e1sa hosszabb, magasabban \u00fcl, \u00e9s a tet\u0151vonala is magasabbra emelkedik. Mindezek ellen\u00e9re a k\u00fcl\u00f6nbs\u00e9gek a supermini testv\u00e9rmodellhez k\u00e9pest m\u00e9rs\u00e9keltek: 42 mm-rel nagyobb a hasmagass\u00e1g, \u00e9s 70 mm-rel magasabb az \u00f6sszmagass\u00e1g.<\/p>\n<p>A Stonic utaster\u00e9ben nincs sok izgalom, \u00e9s b\u00e1r a Kia igyekszik pr\u00e9miumosabb ir\u00e1nyba tolni a modellt, az anyaghaszn\u00e1lat ter\u00e9n nem tal\u00e1lunk t\u00fal sok puha tapint\u00e1s\u00fa fel\u00fcletet.<\/p>\n<p>Vannak kellemesebb r\u00e9szletek \u2013 p\u00e9ld\u00e1ul a kart\u00e1masz \u2013, de az ajt\u00f3kon \u00e9s a l\u00e1bt\u00e9r k\u00f6rny\u00e9k\u00e9n sok a kem\u00e9ny, karcol\u00f3d\u00f3 m\u0171anyag. Ennek ellen\u00e9re az \u00f6sszhat\u00e1s massz\u00edv \u00e9s strapab\u00edr\u00f3: egy kuty\u00e1nak sem lenne k\u00f6nny\u0171 dolga, ha bele akarna harapni valamelyik m\u0171anyag elembe \u2013 az biztos.<\/p>\n<p>Ahol viszont a Stonic igaz\u00e1n j\u00f3l teljes\u00edt, az a m\u0171szerfal elrendez\u00e9se \u2013 k\u00f6sz\u00f6nhet\u0151en r\u00e9szben a 8 colos \u00e9rint\u0151k\u00e9perny\u0151nek, amely minden felszerelts\u00e9gi szinten alap\u00e1ras. Haszn\u00e1lata pofonegyszer\u0171, a men\u00fck k\u00f6z\u00f6tti navig\u00e1l\u00e1st pedig megk\u00f6nny\u00edti, hogy a k\u00e9perny\u0151 alatt fizikai gombokat is tal\u00e1lunk.<\/p>\n<p>Val\u00f3j\u00e1ban a fizikai gombok mennyis\u00e9ge \u00fcd\u00edt\u0151 l\u00e1tv\u00e1ny, k\u00fcl\u00f6n\u00f6sen annak f\u00e9ny\u00e9ben, hogy sok riv\u00e1lisa m\u00e1r \u00e9rint\u0151gombokat haszn\u00e1l, amelyek mozg\u00e1s k\u00f6zben k\u00fcl\u00f6n\u00f6sen ideges\u00edt\u0151ek tudnak lenni. Maga a kijelz\u0151 rendben van: n\u00e9ha kiss\u00e9 lassan reag\u00e1l, f\u0151leg, ha a navig\u00e1ci\u00f3s t\u00e9rk\u00e9pet pr\u00f3b\u00e1lod nagy\u00edtani vagy kicsiny\u00edteni.<\/p>\n<p>Az Apple CarPlay \u00e9s az Android Auto alapfelszerelts\u00e9g, b\u00e1r nem m\u0171k\u00f6dnek vezet\u00e9k n\u00e9lk\u00fcl Bluetooth-on kereszt\u00fcl. Okostelefonodat azonban k\u00f6nnyed\u00e9n csatlakoztathatod a kl\u00edmavez\u00e9rl\u0151k alatt tal\u00e1lhat\u00f3 USB-port seg\u00edts\u00e9g\u00e9vel, \u00e9s a rendszer ezt k\u00f6vet\u0151en j\u00f3l m\u0171k\u00f6dik. A m\u0171szeregys\u00e9gben tal\u00e1lhat\u00f3 4,2 colos kijelz\u0151 is meg\u00fajult, \u00e9s \u00e9lesebb grafik\u00e1t k\u00edn\u00e1l.<\/p>\n<p>Funkcion\u00e1lis szempontb\u00f3l viszont a Stonic SUV-identit\u00e1sa kiss\u00e9 f\u00e9lk\u00e9sznek t\u0171nik \u2013 p\u00e9ld\u00e1ul a Ford Puma-hoz k\u00e9pest. Ahelyett, hogy k\u00e9nyelmesen oldalra becs\u00faszn\u00e1l a vezet\u0151\u00fcl\u00e9sbe, le kell ereszkedni, ami miatt a kil\u00e1t\u00e1s sem mondhat\u00f3 igaz\u00e1n &#8222;parancsol\u00f3nak&#8221;.<\/p>\n<p>A fejteret tekintve b\u0151s\u00e9ges a hely, \u00e9s az \u00fcl\u00e9s magass\u00e1ga is \u00e1ll\u00edthat\u00f3. A jobb oldali kar seg\u00edts\u00e9g\u00e9vel ak\u00e1r egy val\u00f3di crossoverhez hasonl\u00f3 \u00fcl\u00e9smagass\u00e1g is be\u00e1ll\u00edthat\u00f3. \u00d6sszess\u00e9g\u00e9ben azonban ez nem egy olyan vezet\u00e9si poz\u00edci\u00f3, amely azonnal a k\u00f6nny\u0171 besz\u00e1ll\u00e1st vagy a k\u00e9nyelmet sugallja.<\/p>\n","protected":false},"excerpt":{"rendered":"<p>\u00dajra t\u0171z \u00fct\u00f6tt ki a Silvanus Hotelben, mind\u00f6ssze p\u00e1r h\u00f3nappal a tavaszi \u00fajranyit\u00e1s ut\u00e1n. Egyesek szerint besz\u00e9des, hogy az \u00fajabb&#8230; <span class=\"gridview-grid-post-read-more\"><a href=\"https:\/\/matrend.hu\/nekedinfo\/kigyulladt-a-visegradi-hotel-silvanus\/\">read more<span class=\"gridview-sr-only\"> Kigyulladt a visegr\u00e1di Hotel Silvanus<\/span><\/a><\/span><\/p>\n","protected":false},"author":1,"featured_media":2485,"comment_status":"open","ping_status":"open","sticky":false,"template":"","format":"standard","meta":{"footnotes":""},"categories":[1],"tags":[],"class_list":["post-2484","post","type-post","status-publish","format-standard","has-post-thumbnail","hentry","category-egyeb","wpcat-1-id"],"_links":{"self":[{"href":"https:\/\/matrend.hu\/nekedinfo\/wp-json\/wp\/v2\/posts\/2484","targetHints":{"allow":["GET"]}}],"collection":[{"href":"https:\/\/matrend.hu\/nekedinfo\/wp-json\/wp\/v2\/posts"}],"about":[{"href":"https:\/\/matrend.hu\/nekedinfo\/wp-json\/wp\/v2\/types\/post"}],"author":[{"embeddable":true,"href":"https:\/\/matrend.hu\/nekedinfo\/wp-json\/wp\/v2\/users\/1"}],"replies":[{"embeddable":true,"href":"https:\/\/matrend.hu\/nekedinfo\/wp-json\/wp\/v2\/comments?post=2484"}],"version-history":[{"count":1,"href":"https:\/\/matrend.hu\/nekedinfo\/wp-json\/wp\/v2\/posts\/2484\/revisions"}],"predecessor-version":[{"id":2486,"href":"https:\/\/matrend.hu\/nekedinfo\/wp-json\/wp\/v2\/posts\/2484\/revisions\/2486"}],"wp:featuredmedia":[{"embeddable":true,"href":"https:\/\/matrend.hu\/nekedinfo\/wp-json\/wp\/v2\/media\/2485"}],"wp:attachment":[{"href":"https:\/\/matrend.hu\/nekedinfo\/wp-json\/wp\/v2\/media?parent=2484"}],"wp:term":[{"taxonomy":"category","embeddable":true,"href":"https:\/\/matrend.hu\/nekedinfo\/wp-json\/wp\/v2\/categories?post=2484"},{"taxonomy":"post_tag","embeddable":true,"href":"https:\/\/matrend.hu\/nekedinfo\/wp-json\/wp\/v2\/tags?post=2484"}],"curies":[{"name":"wp","href":"https:\/\/api.w.org\/{rel}","templated":true}]}}