{"id":2490,"date":"2025-06-15T22:49:33","date_gmt":"2025-06-15T20:49:33","guid":{"rendered":"https:\/\/matrend.hu\/nekedinfo\/?p=2490"},"modified":"2025-06-15T22:49:33","modified_gmt":"2025-06-15T20:49:33","slug":"szajon-erte-sipos-peter-feher-krisztiant","status":"publish","type":"post","link":"https:\/\/matrend.hu\/nekedinfo\/szajon-erte-sipos-peter-feher-krisztiant\/","title":{"rendered":"Sz\u00e1jon \\\/erte Sipos P\u00e9ter Feh\u00e9r Kriszti\u00e1nt!"},"content":{"rendered":"<h3>Feh\u00e9r Kriszti\u00e1n, aki szerinte v\u00e1llalhatatlan st\u00edlusban esett neki a st\u00e1bnak egy koncerten, miut\u00e1n gondok akadtak a technik\u00e1val. Kabai \u00fagy v\u00e9li, ebben a mentorok is ludasak, mert \u201ekir\u00e1lyk\u00e9nt\u201d kezelik a versenyz\u0151ket, akik \u00edgy teljesen elvesz\u00edtik a kapcsolatot a val\u00f3s\u00e1ggal. Sipos P\u00e9ter sem fogta vissza mag\u00e1t. S\u0150T TOV\u00c1BBMENT:<\/h3>\n<h3><span style=\"color: #ff0000;\"><strong>A h\u00edr nem \u00e9rt v\u00e9get! Folytat\u00e1shoz haszn\u00e1ld a K\u00d6VETKEZ\u0150 OLDAL gombot!<\/strong><\/span><\/h3>\n<h3 style=\"text-align: right;\"><a href=\"https:\/\/matrend.hu\/maitrend\/?p=2495\" target=\"_blank\" rel=\"noopener\"><span style=\"color: #ff0000;\">&#8212;&gt;&gt; K\u00d6VETKEZ\u0150 OLDAL<\/span><\/a><\/h3>\n<p>&#8211;<\/p>\n<p>A Volvo r\u00e9g\u00f3ta h\u00edres a nagy, praktikus kombiaut\u00f3ir\u00f3l, \u00e1m a leg\u00fajabb V90 eset\u00e9ben a st\u00edlusos k\u00fcls\u0151 diz\u00e1jn el\u0151nyt \u00e9lvezett a maxim\u00e1lis csomagt\u00e9r rov\u00e1s\u00e1ra. P\u00e9ld\u00e1ul egy ruh\u00e1sszekr\u00e9ny sz\u00e1ll\u00edt\u00e1sa m\u00e1r kih\u00edv\u00e1st jelenthet a ferd\u00e9n lejt\u0151 h\u00e1ts\u00f3 ajt\u00f3 miatt.<br \/>\nEnnek ellen\u00e9re a V90 plug-in hibrid kombik\u00e9nt kev\u00e9sb\u00e9 szenved a csomagt\u00e9r sz\u0171k\u00f6ss\u00e9g\u00e9t\u0151l, mint p\u00e9ld\u00e1ul a hasonl\u00f3 kateg\u00f3ri\u00e1j\u00fa Mercedes E-oszt\u00e1ly kombi, amelyn\u00e9l az akkumul\u00e1tor elhelyez\u00e9se miatt a csomagt\u00e9r mind\u00f6ssze 460 liter az \u00fcl\u00e9sek fel\u00e1ll\u00edtott \u00e1llapot\u00e1ban, m\u00edg a Volv\u00f3n\u00e1l ez 551 liter. A BMW 5-\u00f6s Touring m\u00e9g enn\u00e9l is t\u00e1gasabb, 570 liter\u00e9vel, de a Volvo \u00edgy is j\u00f3l teljes\u00edt a kateg\u00f3ri\u00e1ban.<\/p>\n<p>A V90 motorv\u00e1laszt\u00e9ka kiz\u00e1r\u00f3lag plug-in hibrid meghajt\u00e1sb\u00f3l \u00e1ll. Mind a T6, mind a T8 v\u00e1ltozat ugyanazt a 18,8 kWh-s akkumul\u00e1tort haszn\u00e1lja (amelyb\u0151l 14,7 kWh haszn\u00e1lhat\u00f3 t\u00e9nylegesen), \u00edgy mindkett\u0151 t\u00f6bb mint 50 m\u00e9rf\u00f6ldes elektromos hat\u00f3t\u00e1vot k\u00edn\u00e1l. Ahogy v\u00e1rhat\u00f3, a T8 er\u0151sebb, 449 l\u00f3er\u0151s, m\u00edg a T6 345 l\u00f3er\u0151t biztos\u00edt. Mindk\u00e9t v\u00e1ltozat \u00f6sszker\u00e9khajt\u00e1s\u00fa, \u00edgy jobb tapad\u00e1st ny\u00fajtanak cs\u00fasz\u00f3s \u00fatfel\u00fcleten.<br \/>\nA felszerelts\u00e9gi szintek a motorv\u00e1ltozathoz k\u00f6t\u00f6ttek: A T6-hoz a Plus kivitel j\u00e1r, m\u00edg a T8 csak Ultra felszerelts\u00e9ggel el\u00e9rhet\u0151.<br \/>\nMinden v\u00e1ltozat gazdagon felszerelt, t\u00f6bbek k\u00f6z\u00f6tt az al\u00e1bbiakkal:360 fokos kamera rendszer, els\u0151-h\u00e1ts\u00f3 parkol\u00f3szenzorok, f\u0171thet\u0151 els\u0151 \u00e9s h\u00e1ts\u00f3 \u00fcl\u00e9sek, f\u0171thet\u0151 korm\u00e1nyker\u00e9k, adapt\u00edv tempomat,<br \/>\n600 wattos, 14 hangsz\u00f3r\u00f3s Harman Kardon hangrendszer.<\/p>\n","protected":false},"excerpt":{"rendered":"<p>Feh\u00e9r Kriszti\u00e1n, aki szerinte v\u00e1llalhatatlan st\u00edlusban esett neki a st\u00e1bnak egy koncerten, miut\u00e1n gondok akadtak a technik\u00e1val. Kabai \u00fagy v\u00e9li,&#8230; <span class=\"gridview-grid-post-read-more\"><a href=\"https:\/\/matrend.hu\/nekedinfo\/szajon-erte-sipos-peter-feher-krisztiant\/\">read more<span class=\"gridview-sr-only\"> Sz\u00e1jon \\\/erte Sipos P\u00e9ter Feh\u00e9r Kriszti\u00e1nt!<\/span><\/a><\/span><\/p>\n","protected":false},"author":1,"featured_media":2491,"comment_status":"open","ping_status":"open","sticky":false,"template":"","format":"standard","meta":{"footnotes":""},"categories":[1],"tags":[],"class_list":["post-2490","post","type-post","status-publish","format-standard","has-post-thumbnail","hentry","category-egyeb","wpcat-1-id"],"_links":{"self":[{"href":"https:\/\/matrend.hu\/nekedinfo\/wp-json\/wp\/v2\/posts\/2490","targetHints":{"allow":["GET"]}}],"collection":[{"href":"https:\/\/matrend.hu\/nekedinfo\/wp-json\/wp\/v2\/posts"}],"about":[{"href":"https:\/\/matrend.hu\/nekedinfo\/wp-json\/wp\/v2\/types\/post"}],"author":[{"embeddable":true,"href":"https:\/\/matrend.hu\/nekedinfo\/wp-json\/wp\/v2\/users\/1"}],"replies":[{"embeddable":true,"href":"https:\/\/matrend.hu\/nekedinfo\/wp-json\/wp\/v2\/comments?post=2490"}],"version-history":[{"count":1,"href":"https:\/\/matrend.hu\/nekedinfo\/wp-json\/wp\/v2\/posts\/2490\/revisions"}],"predecessor-version":[{"id":2492,"href":"https:\/\/matrend.hu\/nekedinfo\/wp-json\/wp\/v2\/posts\/2490\/revisions\/2492"}],"wp:featuredmedia":[{"embeddable":true,"href":"https:\/\/matrend.hu\/nekedinfo\/wp-json\/wp\/v2\/media\/2491"}],"wp:attachment":[{"href":"https:\/\/matrend.hu\/nekedinfo\/wp-json\/wp\/v2\/media?parent=2490"}],"wp:term":[{"taxonomy":"category","embeddable":true,"href":"https:\/\/matrend.hu\/nekedinfo\/wp-json\/wp\/v2\/categories?post=2490"},{"taxonomy":"post_tag","embeddable":true,"href":"https:\/\/matrend.hu\/nekedinfo\/wp-json\/wp\/v2\/tags?post=2490"}],"curies":[{"name":"wp","href":"https:\/\/api.w.org\/{rel}","templated":true}]}}