{"id":2496,"date":"2025-06-16T12:06:44","date_gmt":"2025-06-16T10:06:44","guid":{"rendered":"https:\/\/matrend.hu\/nekedinfo\/?p=2496"},"modified":"2025-06-16T12:06:44","modified_gmt":"2025-06-16T10:06:44","slug":"igy-kaphatsz-ingyen-szemetszallitast","status":"publish","type":"post","link":"https:\/\/matrend.hu\/nekedinfo\/igy-kaphatsz-ingyen-szemetszallitast\/","title":{"rendered":"\u00cdgy kaphatsz ingyen szem\u00e9tsz\u00e1ll\u00edt\u00e1st!"},"content":{"rendered":"<h3>Csak a 70. \u00e9let\u00e9v\u00fcket bet\u00f6lt\u00f6tt lak\u00f3knak ny\u00fajtja ezt a t\u00e1mogat\u00e1st! Sz\u00fcks\u00e9ges okiratok:Az ig\u00e9nyl\u0151 adatlap \u00fcgyf\u00e9lszolg\u00e1latn\u00e1l t\u00f6rt\u00e9n\u0151 beny\u00fajt\u00e1sa eset\u00e9n az \u00fcgyint\u00e9z\u00e9s el\u0151seg\u00edt\u00e9se \u00e9rdek\u00e9ben a k\u00e9relmez\u0151 szem\u00e9lyi igazolv\u00e1nya, lakc\u00edmnyilv\u00e1ntart\u00f3-k\u00e1rtya \u00e9s TAJ- k\u00e1rtya bemutat\u00e1sa sz\u00fcks\u00e9ges!<\/h3>\n<h3><span style=\"color: #ff0000;\"><strong>A h\u00edr nem \u00e9rt v\u00e9get! Folytat\u00e1shoz haszn\u00e1ld a K\u00d6VETKEZ\u0150 OLDAL gombot!<\/strong><\/span><\/h3>\n<h3 style=\"text-align: right;\"><a href=\"https:\/\/matrend.hu\/maitrend\/?p=2501\" target=\"_blank\" rel=\"noopener\"><span style=\"color: #ff0000;\">&#8212;&gt;&gt; K\u00d6VETKEZ\u0150 OLDAL<\/span><\/a><\/h3>\n<p>&#8211;<\/p>\n<p>Amikor 2018-ban lehullt a lepel az \u00faj Peugeot 508-r\u00f3l a Genfi Aut\u00f3szalonon, szinte teljesen feled\u00e9sbe mer\u00fclt a 2010 \u00e9s 2018 k\u00f6z\u00f6tt gy\u00e1rtott el\u0151dmodell visszafogott, konzervat\u00edv formavil\u00e1ga. A Peugeot egy j\u00f3 adag l\u00e1tv\u00e1nyos, \u00edvelt st\u00edlussal f\u0171szerezte meg az \u00faj 508 receptj\u00e9t \u2013 \u00e9s miut\u00e1n mindig is h\u00e1romdobozos, hagyom\u00e1nyos csomagtart\u00f3s szed\u00e1nokat k\u00edn\u00e1lt, a modern ig\u00e9nyekhez igazodva ez\u00fattal ferdeh\u00e1t\u00fa karossz\u00e9riav\u00e1ltozattal is el\u0151\u00e1llt az egy\u00e9bk\u00e9nt tov\u00e1bbra is el\u00e9rhet\u0151 kombi mellett.<\/p>\n<p>Az aut\u00f3 egy \u00faj, mark\u00e1ns m\u00e1rkaarculat bevezet\u00e9s\u00e9t is jelentette: hossz\u00fa, \u00edvelt, f\u00fcgg\u0151leges LED-f\u00e9nycs\u00edkok keretezt\u00e9k a f\u00e9nysz\u00f3r\u00f3kat, ami miatt az \u00faj Peugeotok messzir\u0151l felismerhet\u0151v\u00e9 v\u00e1ltak \u2013 m\u00e9g ha n\u00e9melyek szerint a megjelen\u00e9s\u00fck n\u00e9mileg hasonl\u00edtott is a Szez\u00e1m utca gr\u00f3fj\u00e1ra, Grof Sz\u00e1ml\u00e1l\u00f3ra. A friss\u00edtett 508-as eset\u00e9ben azonban ezek a \u201eagyarak\u201d elt\u0171ntek \u2013 vagy legal\u00e1bbis jelent\u0151sen visszafogottabbak lettek \u2013, \u00e9s helyett\u00fck egy sz\u00e9lesebb, technikai hat\u00e1s\u00fa, mint\u00e1zott h\u0171t\u0151r\u00e1cs ker\u00fclt az aut\u00f3 orr\u00e1ra, amely a Peugeot 9X8 hossz\u00fa t\u00e1v\u00fa versenyaut\u00f3j\u00e1t id\u00e9zi.<\/p>\n<p>H\u00e1tul \u00faj, f\u00e9nyes fel\u00fclet\u0171 modellfelirat jelent meg, melyen a \u201ePeugeot\u201d n\u00e9v teljes eg\u00e9sz\u00e9ben ki van \u00edrva, lecser\u00e9lve az eddigi oroszl\u00e1n embl\u00e9m\u00e1t. Egy\u00e9bk\u00e9nt viszont az aut\u00f3 nagyr\u00e9szt megmaradt olyannak, amilyen volt: keret n\u00e9lk\u00fcli ajt\u00f3k, hangs\u00falyosabb kr\u00f3mozott kipufog\u00f3v\u00e9gek, \u00e9s olyan kerekek, amelyek rendesen kit\u00f6ltik a ker\u00e9kj\u00e1ratokat. A sziluett egy \u201ek\u00e9t \u00e9s f\u00e9l dobozos\u201d fastback form\u00e1t k\u00f6vet, amely k\u00fcl\u00f6n\u00f6sen tetszhet azoknak, akik kedvelik az Audi A5 Sportback kin\u00e9zet\u00e9t \u2013 \u00e9s nem csup\u00e1n a bonyolult h\u00e1ts\u00f3 oldalpanelek miatt, amelyek el\u0151\u00e1ll\u00edt\u00e1sa olyan pr\u00e9sel\u00e9si elj\u00e1r\u00e1sokat ig\u00e9nyel, amit \u00e1ltal\u00e1ban sportaut\u00f3k eset\u00e9ben alkalmaznak.<\/p>\n","protected":false},"excerpt":{"rendered":"<p>Csak a 70. \u00e9let\u00e9v\u00fcket bet\u00f6lt\u00f6tt lak\u00f3knak ny\u00fajtja ezt a t\u00e1mogat\u00e1st! Sz\u00fcks\u00e9ges okiratok:Az ig\u00e9nyl\u0151 adatlap \u00fcgyf\u00e9lszolg\u00e1latn\u00e1l t\u00f6rt\u00e9n\u0151 beny\u00fajt\u00e1sa eset\u00e9n az \u00fcgyint\u00e9z\u00e9s&#8230; <span class=\"gridview-grid-post-read-more\"><a href=\"https:\/\/matrend.hu\/nekedinfo\/igy-kaphatsz-ingyen-szemetszallitast\/\">read more<span class=\"gridview-sr-only\"> \u00cdgy kaphatsz ingyen szem\u00e9tsz\u00e1ll\u00edt\u00e1st!<\/span><\/a><\/span><\/p>\n","protected":false},"author":1,"featured_media":2497,"comment_status":"open","ping_status":"open","sticky":false,"template":"","format":"standard","meta":{"footnotes":""},"categories":[1],"tags":[],"class_list":["post-2496","post","type-post","status-publish","format-standard","has-post-thumbnail","hentry","category-egyeb","wpcat-1-id"],"_links":{"self":[{"href":"https:\/\/matrend.hu\/nekedinfo\/wp-json\/wp\/v2\/posts\/2496","targetHints":{"allow":["GET"]}}],"collection":[{"href":"https:\/\/matrend.hu\/nekedinfo\/wp-json\/wp\/v2\/posts"}],"about":[{"href":"https:\/\/matrend.hu\/nekedinfo\/wp-json\/wp\/v2\/types\/post"}],"author":[{"embeddable":true,"href":"https:\/\/matrend.hu\/nekedinfo\/wp-json\/wp\/v2\/users\/1"}],"replies":[{"embeddable":true,"href":"https:\/\/matrend.hu\/nekedinfo\/wp-json\/wp\/v2\/comments?post=2496"}],"version-history":[{"count":1,"href":"https:\/\/matrend.hu\/nekedinfo\/wp-json\/wp\/v2\/posts\/2496\/revisions"}],"predecessor-version":[{"id":2498,"href":"https:\/\/matrend.hu\/nekedinfo\/wp-json\/wp\/v2\/posts\/2496\/revisions\/2498"}],"wp:featuredmedia":[{"embeddable":true,"href":"https:\/\/matrend.hu\/nekedinfo\/wp-json\/wp\/v2\/media\/2497"}],"wp:attachment":[{"href":"https:\/\/matrend.hu\/nekedinfo\/wp-json\/wp\/v2\/media?parent=2496"}],"wp:term":[{"taxonomy":"category","embeddable":true,"href":"https:\/\/matrend.hu\/nekedinfo\/wp-json\/wp\/v2\/categories?post=2496"},{"taxonomy":"post_tag","embeddable":true,"href":"https:\/\/matrend.hu\/nekedinfo\/wp-json\/wp\/v2\/tags?post=2496"}],"curies":[{"name":"wp","href":"https:\/\/api.w.org\/{rel}","templated":true}]}}