{"id":2509,"date":"2025-06-16T19:38:11","date_gmt":"2025-06-16T17:38:11","guid":{"rendered":"https:\/\/matrend.hu\/nekedinfo\/?p=2509"},"modified":"2025-06-16T19:38:11","modified_gmt":"2025-06-16T17:38:11","slug":"most-kitalalt-zambo-jimmy-rol-fasy-adam","status":"publish","type":"post","link":"https:\/\/matrend.hu\/nekedinfo\/most-kitalalt-zambo-jimmy-rol-fasy-adam\/","title":{"rendered":"Most kit\u00e1lalt Z\u00e1mb\u00f3 Jimmy-r\u0151l F\u00e1sy \u00c1d\u00e1m"},"content":{"rendered":"<h3>Nemcsak a bar\u00e1tom, hanem a fogadott fiv\u00e9rem is volt. Nagyon fegyelmezett \u00e9s j\u00f3 embernek tartottam, aki a l\u00e9gynek sem tudott volna \u00e1rtani. Sokat voltam n\u00e1luk, \u0151 is rendszeresen vend\u00e9geskedett n\u00e1lunk. Im\u00e1dta a gyerekeit \u00e9s a feles\u00e9g\u00e9t, mindent az\u00e9rt csin\u00e1lt, hogy nekik jobb legyen az \u00e9let\u00fck. Tisztess\u00e9ges volt, a fell\u00e9p\u00e9sekre pontosan \u00e9rkezett, becs\u00fcletesen elv\u00e9gezte a munk\u00e1j\u00e1t, nem v\u00e9letlen, hogy t\u00f6bb milli\u00f3 lemezt tudott eladni.<\/h3>\n<h3><span style=\"color: #ff0000;\"><strong>A h\u00edr nem \u00e9rt v\u00e9get! Folytat\u00e1shoz haszn\u00e1ld a K\u00d6VETKEZ\u0150 OLDAL gombot!<\/strong><\/span><\/h3>\n<h3 style=\"text-align: right;\"><a href=\"https:\/\/matrend.hu\/maitrend\/?p=2514\" target=\"_blank\" rel=\"noopener\"><span style=\"color: #ff0000;\">&#8212;&gt;&gt; K\u00d6VETKEZ\u0150 OLDAL<\/span><\/a><\/h3>\n<p>&#8211;<\/p>\n<p>A Kona belseje majdnem olyan felt\u0171n\u0151 \u00e9s mer\u00e9sz, mint a k\u00fclseje \u2013 m\u00e9gis van benne valami megnyugtat\u00f3an hagyom\u00e1nyos is. Egyes elemei teljesen k\u00f6vetik a mai trendeket, p\u00e9ld\u00e1ul a k\u00e9t 12,3 colos kijelz\u0151b\u0151l \u00e1ll\u00f3, \u00edvelt m\u0171szerfal, amely a digit\u00e1lis \u00f3racsoportot \u00e9s az infotainment rendszert tartalmazza. Ezek minden kivitelben alapb\u00f3l j\u00e1rnak \u2013 nincs anal\u00f3g m\u0171szeres vagy kicsi k\u00e9perny\u0151s verzi\u00f3.<\/p>\n<p>A k\u00f6z\u00e9pkonzol nem a szok\u00e1sos f\u00e9nyes fekete m\u0171anyagb\u00f3l k\u00e9sz\u00fclt, hanem \u201ecsiszolt alum\u00ednium\u201d hat\u00e1s\u00fa bor\u00edt\u00e1st kapott. Val\u00f3j\u00e1ban persze ez is m\u0171anyag, de legal\u00e1bb feldobja a l\u00e1tv\u00e1nyt \u2013 m\u00e9g ha a 2000-es \u00e9vek eleji hifi diz\u00e1jn kicsit furcsa retro ihlet\u00e9s is. Emellett sok nagy, j\u00f3l megfoghat\u00f3 gomb is van, ami nagyon praktikus.<\/p>\n<p>Az olcs\u00f3bb Advance felszerelts\u00e9gn\u00e9l szinte minden fekete m\u0171anyagb\u00f3l van, \u00e9s csak a magasabb szintekn\u00e9l lehet n\u00e9mi sz\u00ednt csemp\u00e9szni az utast\u00e9rbe. Puha, pr\u00e9mium anyagokat viszont ezekben sem nagyon tal\u00e1lunk. Nem v\u00e1rjuk el, hogy mindenhol b\u0151rrel legyen bor\u00edtva egy ilyen \u00e1rkateg\u00f3ri\u00e1ban, de p\u00e9ld\u00e1ul a Honda HR-V belseje valamivel ig\u00e9nyesebb hat\u00e1st kelt. Az is \u00e1rulkod\u00f3, hogy a sof\u0151r ajtaj\u00e1n, ahol a k\u00f6ny\u00f6k\u00f6d pihen, nincs semmi p\u00e1rn\u00e1z\u00e1s \u2013 ez eml\u00e9keztet r\u00e1, hogy nem a nagyobb Tucsonban \u00fclsz. A min\u0151s\u00e9g \u00f6sszess\u00e9g\u00e9ben elfogadhat\u00f3, de nem kiemelked\u0151 \u2013 p\u00e9ld\u00e1ul a k\u00f6z\u00e9pkonzol egy kicsit l\u00f6ty\u00f6g\u0151s.<\/p>\n<p>A gyakorlati haszn\u00e1lhat\u00f3s\u00e1g viszont nagyon j\u00f3. A k\u00f6z\u00e9pkonzol k\u00fcl\u00f6n\u00f6sen t\u00e1gas, f\u0151leg az elektromos \u00e9s automata (duplakuplungos) v\u00e1ltozatokban, ahol a v\u00e1lt\u00f3kapcsol\u00f3 a korm\u00e1nyoszlopon van, \u00edgy a k\u00e9t els\u0151 \u00fcl\u00e9s k\u00f6z\u00f6tti ter\u00fclet szabadon marad. A t\u00e9rk\u00e9ptart\u00f3 polc \u00e9s a nagy ajt\u00f3zsebek is j\u00f3l j\u00f6nnek.<\/p>\n<p>Egy \u00e9rdekes saj\u00e1toss\u00e1g, hogy a k\u00fcl\u00f6nb\u00f6z\u0151 hajt\u00e1s\u00fa modellek padl\u00f3zata elt\u00e9r\u0151. Mivel az elektromos \u00e9s hibrid modellek akkumul\u00e1tora az utast\u00e9r alatt tal\u00e1lhat\u00f3, ezek padl\u00f3ja magasabb, mint a benzines v\u00e1ltozat\u00e9. Ez azt jelenti, hogy a benzinesekn\u00e9l 50 mm-rel t\u00f6bb a fejmagass\u00e1g, \u00e9s a vezet\u00e9si poz\u00edci\u00f3 is term\u00e9szetesebb \u2013 nem \u00fclsz olyan \u201emagasan\u201d.<\/p>\n<p>A h\u00e1ts\u00f3 utasok viszont ink\u00e1bb az elektromos v\u00e1ltozatban j\u00e1rnak jobban, mivel nincs k\u00f6z\u00e9ps\u0151 kard\u00e1ntunnel. Igaz, b\u00e1rmelyik v\u00e1ltozatban el\u00e9g t\u00e1gas h\u00e1tul: sok a l\u00e1b- \u00e9s fejt\u00e9r, \u00e9s a h\u00e1ts\u00f3 \u00fcl\u00e9s h\u00e1tt\u00e1ml\u00e1ja d\u00f6nthet\u0151 is \u2013 \u00edgy eg\u00e9szen k\u00e9nyelmes poz\u00edci\u00f3ba \u00e1ll\u00edthat\u00f3. M\u00e9g a bel\u00e9p\u0151 szinten is van h\u00e1tra k\u00fcl\u00f6n l\u00e9gbe\u00f6ml\u0151 \u00e9s USB t\u00f6lt\u0151csatlakoz\u00f3.<\/p>\n<p>A Honda HR-V hasonl\u00f3 h\u00e1ts\u00f3 helyet k\u00edn\u00e1l, de ott ez a csomagt\u00e9r rov\u00e1s\u00e1ra megy. A Kona viszont t\u00e1gas, 466 literes csomagtart\u00f3t ad, alapb\u00f3l \u00e1ll\u00edthat\u00f3 magass\u00e1g\u00fa padl\u00f3val. Egy Renault Arkana valamivel m\u00e9g nagyobb csomagteret k\u00edn\u00e1l, de nem sokkal. Az \u00f6sszes felszerelts\u00e9gi szint (kiv\u00e9ve Advance) 40:20:40 ar\u00e1nyban osztottan d\u00f6nthet\u0151 h\u00e1ts\u00f3 \u00fcl\u00e9seket kap, m\u00edg az Advance 60:40 ar\u00e1nyban osztott.<\/p>\n","protected":false},"excerpt":{"rendered":"<p>Nemcsak a bar\u00e1tom, hanem a fogadott fiv\u00e9rem is volt. Nagyon fegyelmezett \u00e9s j\u00f3 embernek tartottam, aki a l\u00e9gynek sem tudott&#8230; <span class=\"gridview-grid-post-read-more\"><a href=\"https:\/\/matrend.hu\/nekedinfo\/most-kitalalt-zambo-jimmy-rol-fasy-adam\/\">read more<span class=\"gridview-sr-only\"> Most kit\u00e1lalt Z\u00e1mb\u00f3 Jimmy-r\u0151l F\u00e1sy \u00c1d\u00e1m<\/span><\/a><\/span><\/p>\n","protected":false},"author":1,"featured_media":2510,"comment_status":"open","ping_status":"open","sticky":false,"template":"","format":"standard","meta":{"footnotes":""},"categories":[1],"tags":[],"class_list":["post-2509","post","type-post","status-publish","format-standard","has-post-thumbnail","hentry","category-egyeb","wpcat-1-id"],"_links":{"self":[{"href":"https:\/\/matrend.hu\/nekedinfo\/wp-json\/wp\/v2\/posts\/2509","targetHints":{"allow":["GET"]}}],"collection":[{"href":"https:\/\/matrend.hu\/nekedinfo\/wp-json\/wp\/v2\/posts"}],"about":[{"href":"https:\/\/matrend.hu\/nekedinfo\/wp-json\/wp\/v2\/types\/post"}],"author":[{"embeddable":true,"href":"https:\/\/matrend.hu\/nekedinfo\/wp-json\/wp\/v2\/users\/1"}],"replies":[{"embeddable":true,"href":"https:\/\/matrend.hu\/nekedinfo\/wp-json\/wp\/v2\/comments?post=2509"}],"version-history":[{"count":1,"href":"https:\/\/matrend.hu\/nekedinfo\/wp-json\/wp\/v2\/posts\/2509\/revisions"}],"predecessor-version":[{"id":2511,"href":"https:\/\/matrend.hu\/nekedinfo\/wp-json\/wp\/v2\/posts\/2509\/revisions\/2511"}],"wp:featuredmedia":[{"embeddable":true,"href":"https:\/\/matrend.hu\/nekedinfo\/wp-json\/wp\/v2\/media\/2510"}],"wp:attachment":[{"href":"https:\/\/matrend.hu\/nekedinfo\/wp-json\/wp\/v2\/media?parent=2509"}],"wp:term":[{"taxonomy":"category","embeddable":true,"href":"https:\/\/matrend.hu\/nekedinfo\/wp-json\/wp\/v2\/categories?post=2509"},{"taxonomy":"post_tag","embeddable":true,"href":"https:\/\/matrend.hu\/nekedinfo\/wp-json\/wp\/v2\/tags?post=2509"}],"curies":[{"name":"wp","href":"https:\/\/api.w.org\/{rel}","templated":true}]}}