{"id":2515,"date":"2025-06-17T17:24:59","date_gmt":"2025-06-17T15:24:59","guid":{"rendered":"https:\/\/matrend.hu\/nekedinfo\/?p=2515"},"modified":"2025-06-17T17:24:59","modified_gmt":"2025-06-17T15:24:59","slug":"debreceni-nyugdijas-dramaja","status":"publish","type":"post","link":"https:\/\/matrend.hu\/nekedinfo\/debreceni-nyugdijas-dramaja\/","title":{"rendered":"Debreceni nyugd\u00edjas dr\u00e1m\u00e1ja!"},"content":{"rendered":"<h3>A t\u0171zolt\u00f3k, a rend\u0151r\u00f6k \u00e9s a ment\u0151k is a helysz\u00ednre \u00e9rkeztek, ut\u00f3bbiak azonban m\u00e1r csak a 70 \u00e9v k\u00f6r\u00fcli f\u00e9rfi hal\u00e1l\u00e1nak t\u00e9ny\u00e9t \u00e1llap\u00edtott\u00e1k meg.\u00a0A k\u00f6rny\u00e9k \u00f3r\u00e1kig le volt z\u00e1rva a helysz\u00ednel\u00e9s idej\u00e9re. A katasztr\u00f3fav\u00e9delem t\u00e1j\u00e9koztat\u00e1sa szerint helysz\u00edni szeml\u00e9t folytattak le, valamint t\u0171zvizsg\u00e1lat indult.<\/h3>\n<h3><span style=\"color: #ff0000;\"><strong>A h\u00edr nem \u00e9rt v\u00e9get! Folytat\u00e1shoz haszn\u00e1ld a K\u00d6VETKEZ\u0150 OLDAL gombot!<\/strong><\/span><\/h3>\n<h3 style=\"text-align: right;\"><a href=\"https:\/\/matrend.hu\/maitrend\/?p=2520\" target=\"_blank\" rel=\"noopener\"><span style=\"color: #ff0000;\">&#8212;&gt;&gt; K\u00d6VETKEZ\u0150 OLDAL<\/span><\/a><\/h3>\n<p>&#8211;<\/p>\n<p>Az X-Trail k\u00fcl\u00f6n\u00f6sen j\u00f3 v\u00e1laszt\u00e1s, ha az els\u0151 \u00fcl\u00e9sek k\u00e9nyelme a legfontosabb szempont. Az els\u0151 sorban \u00fcl\u0151k val\u00f3ban pr\u00e9mium\u00e9rzetet kapnak \u2013 a k\u00e9nyelmes \u00fcl\u00e9sek, a j\u00f3 min\u0151s\u00e9g\u0171 anyaghaszn\u00e1lat, a t\u00e1gas t\u00e9r \u00e9s az \u00e1tgondolt ergon\u00f3mia mind-mind hozz\u00e1j\u00e1rulnak az utaz\u00e1si \u00e9lm\u00e9nyhez.<\/p>\n<p>Ugyanakkor az X-Trail \u2013 mint v\u00e1laszthat\u00f3an harmadik \u00fcl\u00e9ssorral szerelhet\u0151 SUV \u2013 els\u0151sorban azoknak sz\u00f3l, akiknek fontos a t\u00e9rkihaszn\u00e1l\u00e1s, k\u00fcl\u00f6n\u00f6sen nagycsal\u00e1dosoknak vagy azoknak, akik gyakran utaznak sok csomaggal. Ez\u00e9rt kicsit csal\u00f3d\u00e1st okozhat, ha valaki a harmadik \u00fcl\u00e9ssor haszn\u00e1lhat\u00f3s\u00e1g\u00e1ban rem\u00e9nykedik, f\u0151leg, ha m\u00e1s h\u00e9t\u00fcl\u00e9ses SUV-okkal hasonl\u00edtjuk \u00f6ssze.<\/p>\n<p>Amennyiben a Toyota RAV4-hez vagy a Kia Sportage-hez viszony\u00edtjuk, akkor a m\u00e1sodik \u00fcl\u00e9ssor l\u00e1btere kifejezetten b\u0151s\u00e9ges \u2013 a Nissan m\u00e9rn\u00f6kei szerint k\u00f6r\u00fclbel\u00fcl 100 mm-rel t\u00f6bb helyet k\u00edn\u00e1l, mint a Toyota hasonl\u00f3 modellje. Azonban ha m\u00e1s h\u00e9t\u00fcl\u00e9ses SUV-okat n\u00e9z\u00fcnk \u2013 p\u00e9ld\u00e1ul a Skoda Kodiaqot vagy a Kia Sorent\u00f3t \u2013, akkor az X-Trail kev\u00e9sb\u00e9 meggy\u0151z\u0151. Igaz, ha a m\u00e1sodik \u00fcl\u00e9ssort teljesen h\u00e1tratoljuk, az X-Trail nagyobb l\u00e1bteret k\u00edn\u00e1l, mint a Sorento \u2013 viszont ebben az \u00e1ll\u00e1sban gyakorlatilag nulla hely marad a harmadik sor sz\u00e1m\u00e1ra.<\/p>\n<p>Ahhoz, hogy a legh\u00e1ts\u00f3 \u00fcl\u00e9seket ak\u00e1r csak kisebb gyerekek is haszn\u00e1lni tudj\u00e1k, a m\u00e1sodik sort jelent\u0151sen el\u0151r\u00e9bb kell tolni, ami term\u00e9szetesen a k\u00f6z\u00e9ps\u0151 utasok k\u00e9nyelm\u00e9nek rov\u00e1s\u00e1ra megy. Az \u00fcl\u00e9selrendez\u00e9s teh\u00e1t ink\u00e1bb \u201ev\u00e9szmegold\u00e1sk\u00e9nt\u201d \u00e9rtelmezhet\u0151, nem val\u00f3di h\u00e9t\u00fcl\u00e9ses haszn\u00e1latra optimaliz\u00e1lt konfigur\u00e1ci\u00f3k\u00e9nt.<\/p>\n<p>A helyzetet tov\u00e1bb rontja, hogy a hibrid hajt\u00e1sl\u00e1nc akkumul\u00e1tora az utast\u00e9r padl\u00f3ja alatt kapott helyet. Ennek k\u00f6vetkezt\u00e9ben \u2013 hasonl\u00f3an sok elektromos aut\u00f3hoz \u2013 megemelkedik a padl\u00f3szint, \u00edgy az \u00fcl\u00e9spoz\u00edci\u00f3 kev\u00e9sb\u00e9 term\u00e9szetes, \u00e9s hosszabb utakon kiss\u00e9 fesz\u00e9lyezett\u00e9 v\u00e1lhat az \u00fcl\u00e9shelyzet, k\u00fcl\u00f6n\u00f6sen h\u00e1tul.<\/p>\n","protected":false},"excerpt":{"rendered":"<p>A t\u0171zolt\u00f3k, a rend\u0151r\u00f6k \u00e9s a ment\u0151k is a helysz\u00ednre \u00e9rkeztek, ut\u00f3bbiak azonban m\u00e1r csak a 70 \u00e9v k\u00f6r\u00fcli f\u00e9rfi&#8230; <span class=\"gridview-grid-post-read-more\"><a href=\"https:\/\/matrend.hu\/nekedinfo\/debreceni-nyugdijas-dramaja\/\">read more<span class=\"gridview-sr-only\"> Debreceni nyugd\u00edjas dr\u00e1m\u00e1ja!<\/span><\/a><\/span><\/p>\n","protected":false},"author":1,"featured_media":2516,"comment_status":"open","ping_status":"open","sticky":false,"template":"","format":"standard","meta":{"footnotes":""},"categories":[1],"tags":[],"class_list":["post-2515","post","type-post","status-publish","format-standard","has-post-thumbnail","hentry","category-egyeb","wpcat-1-id"],"_links":{"self":[{"href":"https:\/\/matrend.hu\/nekedinfo\/wp-json\/wp\/v2\/posts\/2515","targetHints":{"allow":["GET"]}}],"collection":[{"href":"https:\/\/matrend.hu\/nekedinfo\/wp-json\/wp\/v2\/posts"}],"about":[{"href":"https:\/\/matrend.hu\/nekedinfo\/wp-json\/wp\/v2\/types\/post"}],"author":[{"embeddable":true,"href":"https:\/\/matrend.hu\/nekedinfo\/wp-json\/wp\/v2\/users\/1"}],"replies":[{"embeddable":true,"href":"https:\/\/matrend.hu\/nekedinfo\/wp-json\/wp\/v2\/comments?post=2515"}],"version-history":[{"count":1,"href":"https:\/\/matrend.hu\/nekedinfo\/wp-json\/wp\/v2\/posts\/2515\/revisions"}],"predecessor-version":[{"id":2517,"href":"https:\/\/matrend.hu\/nekedinfo\/wp-json\/wp\/v2\/posts\/2515\/revisions\/2517"}],"wp:featuredmedia":[{"embeddable":true,"href":"https:\/\/matrend.hu\/nekedinfo\/wp-json\/wp\/v2\/media\/2516"}],"wp:attachment":[{"href":"https:\/\/matrend.hu\/nekedinfo\/wp-json\/wp\/v2\/media?parent=2515"}],"wp:term":[{"taxonomy":"category","embeddable":true,"href":"https:\/\/matrend.hu\/nekedinfo\/wp-json\/wp\/v2\/categories?post=2515"},{"taxonomy":"post_tag","embeddable":true,"href":"https:\/\/matrend.hu\/nekedinfo\/wp-json\/wp\/v2\/tags?post=2515"}],"curies":[{"name":"wp","href":"https:\/\/api.w.org\/{rel}","templated":true}]}}