{"id":2518,"date":"2025-06-17T17:58:08","date_gmt":"2025-06-17T15:58:08","guid":{"rendered":"https:\/\/matrend.hu\/nekedinfo\/?p=2518"},"modified":"2025-06-17T17:58:08","modified_gmt":"2025-06-17T15:58:08","slug":"mi-tortent-molnar-viktor-hatalmas-dramaja","status":"publish","type":"post","link":"https:\/\/matrend.hu\/nekedinfo\/mi-tortent-molnar-viktor-hatalmas-dramaja\/","title":{"rendered":"Mi t\u00f6rt\u00e9nt Moln\u00e1r Viktor hatalmas dr\u00e1m\u00e1ja!"},"content":{"rendered":"<h3>Moln\u00e1r Viktor a Kincsvad\u00e1szok \u00e1lland\u00f3 tagja, aki kor\u00e1bban el\u00e1rulta, hogy a csal\u00e1dj\u00e1ban ap\u00e1r\u00f3l fi\u00fara sz\u00e1ll a m\u0171keresked\u0151i szakma, ugyanis Viktor \u00e9desapja is gy\u0171jt\u0151 volt, \u00e9s k\u00f6nnyen elk\u00e9pezhet\u0151, hogy a fia, is ezt az utat k\u00f6veti majd. \u00c9n voltam a legid\u0151sebb gyerek a csal\u00e1dban, a h\u00fagom 3, az \u00f6cs\u00e9m 7 \u00e9vvel fiatalabb n\u00e1lam. Koromfeket\u00e9re \u00e9gtem minden \u00e9vben\u201d \u2013 eml\u00e9kezett vissza.<\/h3>\n<h3><span style=\"color: #ff0000;\"><strong>A h\u00edr nem \u00e9rt v\u00e9get! Folytat\u00e1shoz haszn\u00e1ld a K\u00d6VETKEZ\u0150 OLDAL gombot!<\/strong><\/span><\/h3>\n<h3 style=\"text-align: right;\"><a href=\"https:\/\/matrend.hu\/maitrend\/?p=2523\" target=\"_blank\" rel=\"noopener\"><span style=\"color: #ff0000;\">&#8212;&gt;&gt; K\u00d6VETKEZ\u0150 OLDAL<\/span><\/a><\/h3>\n<p>&#8211;<\/p>\n<p>B\u00e1rmilyen \u00faton is jutott el id\u00e1ig, ez az aut\u00f3 k\u00e9ts\u00e9gtelen\u00fcl figyelemfelkelt\u0151. A Hyundai maga is k\u00fcl\u00f6nleges szerepet sz\u00e1n neki: \u00fagy nevezi, hogy \u201eh\u00edd az elektromos mobilit\u00e1s j\u00f6v\u0151j\u00e9hez\u201d. A formatervez\u00e9si elvet, amely alapj\u00e1n sz\u00fcletett, pedig \u201eoptimista futurizmusnak\u201d keresztelt\u00e9k el. Ez a kifejez\u00e9s nem csak j\u00f3l hangzik, de val\u00f3ban t\u00fckr\u00f6zi azt a hangulatot, amit a gy\u00e1rt\u00f3 k\u00f6zvet\u00edteni szeretne \u2013 egyfajta el\u0151remutat\u00f3, m\u00e9gis emberk\u00f6zeli j\u00f6v\u0151k\u00e9pet. St\u00edlus\u00e1ban eml\u00e9keztet arra, amit pr\u00f3b\u00e1l el\u00e9rni az EQ jelz\u00e9s\u0171 elektromos modelljeivel, de azok sokszor ink\u00e1bb form\u00e1tlanul semlegesnek hatnak. A Hyundai ezzel szemben egy sokkal \u00e9rdekesebb, r\u00e9szleteiben gazdagabb vizu\u00e1lis vil\u00e1got teremtett.<\/p>\n<p>De vajon mindez puszt\u00e1n l\u00e1tv\u00e1ny, vagy van m\u00f6g\u00f6tte val\u00f3di funkcion\u00e1lis haszon is? Igenis van. Az akt\u00edv l\u00e9gbe\u00f6ml\u0151k \u00e9s a l\u00e9g\u00e1raml\u00e1st ir\u00e1ny\u00edt\u00f3 ker\u00e9kj\u00e1rati megold\u00e1sok r\u00e9v\u00e9n a l\u00e9gellen\u00e1ll\u00e1si t\u00e9nyez\u0151 mind\u00f6ssze 0,21, ami kimagasl\u00f3an j\u00f3 \u00e9rt\u00e9k. \u00d6sszehasonl\u00edt\u00e1sk\u00e9pp: a EQS k\u00e9t \u00e9vvel ezel\u0151tt 0,20-ig jutott, de a Model 3 m\u00e1r \u201ecsak\u201d 0,23, m\u00edg egy \u00e1tlagos csal\u00e1di ferdeh\u00e1t\u00fa k\u00f6r\u00fclbel\u00fcl 0,27 k\u00f6r\u00fcl mozog. A Hyundai teh\u00e1t nemcsak sz\u00e9p aut\u00f3t tervezett, hanem olyat is, amely a l\u00e9gellen\u00e1ll\u00e1s szempontj\u00e1b\u00f3l kiemelked\u0151 hat\u00e9konys\u00e1got k\u00edn\u00e1l.<\/p>\n<p>A bel\u00e9p\u0151szint\u0171 v\u00e1ltozat egy h\u00e1ts\u00f3 tengelyre szerelt, 225 l\u00f3er\u0151s villanymotorral m\u0171k\u00f6dik, amit \u00fcgyesen \u00e9s kompaktan integr\u00e1ltak a t\u00f6bbleng\u0151karos h\u00e1ts\u00f3 fut\u00f3m\u0171be. Az els\u0151 felf\u00fcggeszt\u00e9s hagyom\u00e1nyos MacPherson rendszer\u0171, \u00e9s itt tal\u00e1lhat\u00f3 a m\u00e1sodik villanymotor a magasabb szint\u0171 \u00f6sszker\u00e9khajt\u00e1s\u00fa verzi\u00f3kban. Ezek egy\u00fcttesen 321 l\u00f3er\u0151t biztos\u00edtanak \u2013 nem elegend\u0151t ugyan ahhoz, hogy a Performance modellekre vad\u00e1szni lehessen, de elegend\u0151 ahhoz, hogy egy \u00e9lvezetes, dinamikus elektromos aut\u00f3r\u00f3l besz\u00e9lhess\u00fcnk. Term\u00e9szetesen nem kiz\u00e1rt, hogy a j\u00f6v\u0151ben egy sportosabb, \u201eN\u201d jelz\u00e9s\u0171 kivitel is \u00e9rkezik, amely m\u00e1r komolyabb riv\u00e1lis lehetne az izmosabb Tesl\u00e1k sz\u00e1m\u00e1ra.<\/p>\n<p>Az energiaell\u00e1t\u00e1sr\u00f3l egy padl\u00f3ba \u00e9p\u00edtett l\u00edtium-ion akkumul\u00e1tor gondoskodik, amelynek hasznos kapacit\u00e1sa k\u00f6zel 77,4 kWh \u2013 ez nagyj\u00e1b\u00f3l megegyezik a Model 3 hasonl\u00f3 szint\u0171 verzi\u00f3j\u00e1val, \u00e9s m\u00e9g t\u00f6bbet is ny\u00fajt, mint p\u00e9ld\u00e1ul a i4 bel\u00e9p\u0151szint\u0171, eDrive35 jelz\u00e9s\u0171 v\u00e1ltozata.<\/p>\n","protected":false},"excerpt":{"rendered":"<p>Moln\u00e1r Viktor a Kincsvad\u00e1szok \u00e1lland\u00f3 tagja, aki kor\u00e1bban el\u00e1rulta, hogy a csal\u00e1dj\u00e1ban ap\u00e1r\u00f3l fi\u00fara sz\u00e1ll a m\u0171keresked\u0151i szakma, ugyanis Viktor&#8230; <span class=\"gridview-grid-post-read-more\"><a href=\"https:\/\/matrend.hu\/nekedinfo\/mi-tortent-molnar-viktor-hatalmas-dramaja\/\">read more<span class=\"gridview-sr-only\"> Mi t\u00f6rt\u00e9nt Moln\u00e1r Viktor hatalmas dr\u00e1m\u00e1ja!<\/span><\/a><\/span><\/p>\n","protected":false},"author":1,"featured_media":2520,"comment_status":"open","ping_status":"open","sticky":false,"template":"","format":"standard","meta":{"footnotes":""},"categories":[1],"tags":[],"class_list":["post-2518","post","type-post","status-publish","format-standard","has-post-thumbnail","hentry","category-egyeb","wpcat-1-id"],"_links":{"self":[{"href":"https:\/\/matrend.hu\/nekedinfo\/wp-json\/wp\/v2\/posts\/2518","targetHints":{"allow":["GET"]}}],"collection":[{"href":"https:\/\/matrend.hu\/nekedinfo\/wp-json\/wp\/v2\/posts"}],"about":[{"href":"https:\/\/matrend.hu\/nekedinfo\/wp-json\/wp\/v2\/types\/post"}],"author":[{"embeddable":true,"href":"https:\/\/matrend.hu\/nekedinfo\/wp-json\/wp\/v2\/users\/1"}],"replies":[{"embeddable":true,"href":"https:\/\/matrend.hu\/nekedinfo\/wp-json\/wp\/v2\/comments?post=2518"}],"version-history":[{"count":1,"href":"https:\/\/matrend.hu\/nekedinfo\/wp-json\/wp\/v2\/posts\/2518\/revisions"}],"predecessor-version":[{"id":2521,"href":"https:\/\/matrend.hu\/nekedinfo\/wp-json\/wp\/v2\/posts\/2518\/revisions\/2521"}],"wp:featuredmedia":[{"embeddable":true,"href":"https:\/\/matrend.hu\/nekedinfo\/wp-json\/wp\/v2\/media\/2520"}],"wp:attachment":[{"href":"https:\/\/matrend.hu\/nekedinfo\/wp-json\/wp\/v2\/media?parent=2518"}],"wp:term":[{"taxonomy":"category","embeddable":true,"href":"https:\/\/matrend.hu\/nekedinfo\/wp-json\/wp\/v2\/categories?post=2518"},{"taxonomy":"post_tag","embeddable":true,"href":"https:\/\/matrend.hu\/nekedinfo\/wp-json\/wp\/v2\/tags?post=2518"}],"curies":[{"name":"wp","href":"https:\/\/api.w.org\/{rel}","templated":true}]}}