{"id":2529,"date":"2025-06-17T21:55:22","date_gmt":"2025-06-17T19:55:22","guid":{"rendered":"https:\/\/matrend.hu\/nekedinfo\/?p=2529"},"modified":"2025-06-17T21:55:22","modified_gmt":"2025-06-17T19:55:22","slug":"megszunt-a-taj-kartya-igy-lehet-igazolni-hogy-van-tb-nk","status":"publish","type":"post","link":"https:\/\/matrend.hu\/nekedinfo\/megszunt-a-taj-kartya-igy-lehet-igazolni-hogy-van-tb-nk\/","title":{"rendered":"Megsz\u0171nt a TAJ-k\u00e1rtya! \u00cdgy lehet igazolni, hogy van TB-nk!"},"content":{"rendered":"<h3>A digit\u00e1lis rendszer ki\u00e9p\u00edt\u00e9s\u00e9hez a korm\u00e1ny \u00f6sszesen csaknem 290 milli\u00f3 forintos t\u00e1mogat\u00e1st biztos\u00edt. Ebb\u0151l 198 milli\u00f3 forintot az eg\u00e9szs\u00e9gbiztos\u00edt\u00e1si szervek kapnak, m\u00edg a fennmarad\u00f3 90 milli\u00f3 forintot a Magyar \u00c1llamkincst\u00e1r haszn\u00e1lhatja fel a sz\u00fcks\u00e9ges informatikai fejleszt\u00e9sekre. A korm\u00e1nyhat\u00e1rozat nem a TAJ-k\u00e1rty\u00e1ra, hanem a TB-kisk\u00f6nyvre vonatkozik. A korm\u00e1nyhat\u00e1rozat az e-TB kisk\u00f6nyv megval\u00f3s\u00edt\u00e1s\u00e1t szolg\u00e1l\u00f3 elektronikus nyilv\u00e1ntart\u00e1s kialak\u00edt\u00e1s\u00e1hoz sz\u00fcks\u00e9ges forr\u00e1s biztos\u00edt\u00e1s\u00e1r\u00f3l sz\u00f3l, a TAJ-k\u00e1rty\u00e1t (T\u00e1rsadalombiztos\u00edt\u00e1si Azonos\u00edt\u00f3 Jelet igazol\u00f3 hat\u00f3s\u00e1gi igazolv\u00e1ny) nem \u00e9rinti &#8211; hangs\u00falyozt\u00e1k.<br \/>\nA mostani l\u00e9p\u00e9s nem el\u0151zm\u00e9ny n\u00e9lk\u00fcli:<\/h3>\n<h3><span style=\"color: #ff0000;\"><strong>A h\u00edr nem \u00e9rt v\u00e9get! Folytat\u00e1shoz haszn\u00e1ld a K\u00d6VETKEZ\u0150 OLDAL gombot!<\/strong><\/span><\/h3>\n<h3 style=\"text-align: right;\"><a href=\"https:\/\/matrend.hu\/maitrend\/?p=2533\" target=\"_blank\" rel=\"noopener\"><span style=\"color: #ff0000;\">&#8212;&gt;&gt; K\u00d6VETKEZ\u0150 OLDAL<\/span><\/a><\/h3>\n<p>&#8211;<\/p>\n<p>A Hyundai Ioniq 5 kiz\u00e1r\u00f3lag \u00f6tajt\u00f3s, \u00f6t\u00fcl\u00e9ses ferdeh\u00e1t\u00fa karossz\u00e9ri\u00e1val \u00e9rhet\u0151 el \u2013 ha valami elt\u00e9r\u0151re v\u00e1gysz, akkor az \u00e1ramvonalas Ioniq 6 lehet a megfelel\u0151 v\u00e1laszt\u00e1s, amely megjelen\u00e9s\u00e9ben is egyedi. H\u00e1romf\u00e9le hajt\u00e1sl\u00e1nc k\u00f6z\u00fcl lehet v\u00e1lasztani: az Advance \u00e9s Premium v\u00e1ltozatok h\u00e1ts\u00f3ker\u00e9k-meghajt\u00e1ssal kaphat\u00f3k, 63 kWh-s vagy 84 kWh-s akkumul\u00e1torral. Az N Line \u00e9s a f\u00f6l\u00f6tte l\u00e9v\u0151 felszerelts\u00e9gek \u00e1ra az\u00e9rt magasabb, mert ezek kiz\u00e1r\u00f3lag a nagyobb akkumul\u00e1torral \u00e9rhet\u0151k el, valamint v\u00e1laszthat\u00f3 hozz\u00e1juk h\u00e1ts\u00f3- vagy \u00f6sszker\u00e9khajt\u00e1s is.<br \/>\nAz Ioniq 5 legnagyobb er\u0151ss\u00e9gei a k\u00e9nyelmes fut\u00f3m\u0171 \u00e9s a k\u00f6nnyen kezelhet\u0151, felhaszn\u00e1l\u00f3bar\u00e1t teljes\u00edtm\u00e9ny. A Hyundai a modellt kifejezetten a szegmens k\u00e9nyelmesebb v\u00e9g\u00e9be poz\u00edcion\u00e1lta, \u00e9s b\u00e1r van n\u00e9h\u00e1ny r\u00e9szlet, amin lehetne m\u00e9g jav\u00edtani, \u00f6sszess\u00e9g\u00e9ben ez a be\u00e1ll\u00edt\u00e1s logikusabb v\u00e1laszt\u00e1s, mint n\u00e9h\u00e1ny feszesebb hangol\u00e1s\u00fa, de vezet\u00e9si \u00e9lm\u00e9nyben nem jobb vet\u00e9lyt\u00e1rs.<\/p>\n<p>A v\u00e1s\u00e1rl\u00f3k egy vagy k\u00e9tmotoros v\u00e1ltozat k\u00f6z\u00fcl v\u00e1laszthatnak. A k\u00e9t egy\u00e9ni motoros opci\u00f3 168 vagy 225 l\u00f3er\u0151t k\u00edn\u00e1l, mindkett\u0151 350 Nm maxim\u00e1lis nyomat\u00e9k lead\u00e1s\u00e1ra k\u00e9pes. A gyeng\u00e9bbik modell egy kisebb, 63 kWh-s akkumul\u00e1torral rendelkezik, m\u00edg az er\u0151sebbik a 84 kWh-s v\u00e1ltozatot haszn\u00e1lja \u2013 ez a csomag a modellfriss\u00edt\u00e9s sor\u00e1n v\u00e1ltotta le a kor\u00e1bbi 77,4 kWh-s akkumul\u00e1tort.<br \/>\nA k\u00edn\u00e1lat cs\u00facs\u00e1n az AWD (\u00f6sszker\u00e9khajt\u00e1s\u00fa) v\u00e1ltozat tal\u00e1lhat\u00f3, amelyn\u00e9l egy m\u00e1sodik motor is ker\u00fclt az els\u0151 tengelyre, ezzel a teljes\u00edtm\u00e9ny 321 l\u00f3er\u0151re, a nyomat\u00e9k pedig 605 Nm-re n\u0151tt. Ez a n\u00e9gyker\u00e9k-meghajt\u00e1s\u00fa verzi\u00f3 kiz\u00e1r\u00f3lag a 84 kWh-s akkumul\u00e1torral \u00e9rhet\u0151 el.<\/p>\n","protected":false},"excerpt":{"rendered":"<p>A digit\u00e1lis rendszer ki\u00e9p\u00edt\u00e9s\u00e9hez a korm\u00e1ny \u00f6sszesen csaknem 290 milli\u00f3 forintos t\u00e1mogat\u00e1st biztos\u00edt. Ebb\u0151l 198 milli\u00f3 forintot az eg\u00e9szs\u00e9gbiztos\u00edt\u00e1si szervek&#8230; <span class=\"gridview-grid-post-read-more\"><a href=\"https:\/\/matrend.hu\/nekedinfo\/megszunt-a-taj-kartya-igy-lehet-igazolni-hogy-van-tb-nk\/\">read more<span class=\"gridview-sr-only\"> Megsz\u0171nt a TAJ-k\u00e1rtya! \u00cdgy lehet igazolni, hogy van TB-nk!<\/span><\/a><\/span><\/p>\n","protected":false},"author":1,"featured_media":2530,"comment_status":"open","ping_status":"open","sticky":false,"template":"","format":"standard","meta":{"footnotes":""},"categories":[1],"tags":[],"class_list":["post-2529","post","type-post","status-publish","format-standard","has-post-thumbnail","hentry","category-egyeb","wpcat-1-id"],"_links":{"self":[{"href":"https:\/\/matrend.hu\/nekedinfo\/wp-json\/wp\/v2\/posts\/2529","targetHints":{"allow":["GET"]}}],"collection":[{"href":"https:\/\/matrend.hu\/nekedinfo\/wp-json\/wp\/v2\/posts"}],"about":[{"href":"https:\/\/matrend.hu\/nekedinfo\/wp-json\/wp\/v2\/types\/post"}],"author":[{"embeddable":true,"href":"https:\/\/matrend.hu\/nekedinfo\/wp-json\/wp\/v2\/users\/1"}],"replies":[{"embeddable":true,"href":"https:\/\/matrend.hu\/nekedinfo\/wp-json\/wp\/v2\/comments?post=2529"}],"version-history":[{"count":1,"href":"https:\/\/matrend.hu\/nekedinfo\/wp-json\/wp\/v2\/posts\/2529\/revisions"}],"predecessor-version":[{"id":2531,"href":"https:\/\/matrend.hu\/nekedinfo\/wp-json\/wp\/v2\/posts\/2529\/revisions\/2531"}],"wp:featuredmedia":[{"embeddable":true,"href":"https:\/\/matrend.hu\/nekedinfo\/wp-json\/wp\/v2\/media\/2530"}],"wp:attachment":[{"href":"https:\/\/matrend.hu\/nekedinfo\/wp-json\/wp\/v2\/media?parent=2529"}],"wp:term":[{"taxonomy":"category","embeddable":true,"href":"https:\/\/matrend.hu\/nekedinfo\/wp-json\/wp\/v2\/categories?post=2529"},{"taxonomy":"post_tag","embeddable":true,"href":"https:\/\/matrend.hu\/nekedinfo\/wp-json\/wp\/v2\/tags?post=2529"}],"curies":[{"name":"wp","href":"https:\/\/api.w.org\/{rel}","templated":true}]}}