{"id":2532,"date":"2025-06-18T08:31:15","date_gmt":"2025-06-18T06:31:15","guid":{"rendered":"https:\/\/matrend.hu\/nekedinfo\/?p=2532"},"modified":"2025-06-18T08:31:15","modified_gmt":"2025-06-18T06:31:15","slug":"most-tenyleg-capat-lattak-a-balatonnal","status":"publish","type":"post","link":"https:\/\/matrend.hu\/nekedinfo\/most-tenyleg-capat-lattak-a-balatonnal\/","title":{"rendered":"Most t\u00e9nyleg C\u00e1p\u00e1t l\u00e1ttak a Balatonn\u00e1l"},"content":{"rendered":"<h3>Sz\u00e1ri Zsolt, a Balatoni Halgazd\u00e1lkod\u00e1si Nonprofit Zrt. vez\u00e9rigazgat\u00f3ja azonban nyugtat\u00f3 magyar\u00e1zatot adott a Somogy V\u00e1rmegyei H\u00edrport\u00e1l sz\u00e1m\u00e1ra: \u201eIgen val\u00f3sz\u00edn\u0171tlen, hogy a vi\/e\u00f3n egy c\u00e1pa l\u00e1that\u00f3, erre pedig t\u00f6bb magyar\u00e1zat is van.\u201d<br \/>\nEgyr\u00e9szt, a c\u00e1p\u00e1k s\u00f3s v\u00edzi \u00e9l\u0151l\u00e9nyek, \u00edgy a Balaton \u00e9desvize teljesen alkalmatlan lenne sz\u00e1mukra, nem besz\u00e9lve arr\u00f3l a v\u00e1llalhatatlanul hossz\u00fa \u00fatr\u00f3l, amit meg kellene tenni\u00fck, hogy eljussanak ide.<\/h3>\n<h3><span style=\"color: #ff0000;\"><strong>A h\u00edr nem \u00e9rt v\u00e9get! Folytat\u00e1shoz haszn\u00e1ld a K\u00d6VETKEZ\u0150 OLDAL gombot!<\/strong><\/span><\/h3>\n<h3 style=\"text-align: right;\"><a href=\"https:\/\/matrend.hu\/maitrend\/?p=2536\" target=\"_blank\" rel=\"noopener\"><span style=\"color: #ff0000;\">&#8212;&gt;&gt; K\u00d6VETKEZ\u0150 OLDAL<\/span><\/a><\/h3>\n<p>&#8211;<\/p>\n<p>L\u00e1that\u00f3 teh\u00e1t, hogy a BYD nagyon komoly tervekkel k\u00e9sz\u00fcl. A gy\u00e1rt\u00f3 eddig is ismert volt az elektromos buszair\u00f3l, amelyekb\u0151l m\u00e1r j\u00f3 sokat eladott vil\u00e1gszerte \u2013 most viszont teljes er\u0151bedob\u00e1ssal az elektromos szem\u00e9lyaut\u00f3k piac\u00e1ra koncentr\u00e1l. A kor\u00e1bbi, 2014-ben bemutatott BYD E6 modell \u2013 ami dr\u00e1ga volt, \u00e9s technol\u00f3giailag nem volt t\u00fal kifinomult \u2013 ink\u00e1bb csak tapogat\u00f3z\u00e1snak sz\u00e1m\u00edtott. Az Atto 3 viszont m\u00e1r teljesen m\u00e1s szintet k\u00e9pvisel: ez egy komolyan vett, modern villanyaut\u00f3.<\/p>\n<p>A benne tal\u00e1lhat\u00f3 akkumul\u00e1tor is saj\u00e1t fejleszt\u00e9s, a BYD \u00e1ltal \u201eBlade Battery\u201d-nek nevezett t\u00edpus. Ellent\u00e9tben a legt\u00f6bb mai elektromos aut\u00f3ban haszn\u00e1lt akkumul\u00e1torral \u2013 amelyek nikkel-, mang\u00e1n-, kobalt- vagy alum\u00edniumalap\u00faak \u2013, a Blade Battery l\u00edtium-vas-foszf\u00e1t (LFP) technol\u00f3gi\u00e1t alkalmaz. Ez t\u00f6bb szempontb\u00f3l is el\u0151ny\u00f6s: nem tartalmaz vitatott eredet\u0171 kobaltot, r\u00e1ad\u00e1sul ezek az akkuk nyugodtan t\u00f6lthet\u0151k teljes kapacit\u00e1sra, nem ig\u00e9nyelnek nagy biztons\u00e1gi tartal\u00e9kot, teh\u00e1t a teljes \u00e9s a t\u00e9nylegesen haszn\u00e1lhat\u00f3 kapacit\u00e1s k\u00f6zel azonos. Emellett ezek az akkumul\u00e1torok kev\u00e9sb\u00e9 hajlamosak az elhaszn\u00e1l\u00f3d\u00e1sra is, teh\u00e1t hosszabb \u00e9lettartamot \u00edg\u00e9rnek. A h\u00e1tr\u00e1nyuk, hogy kisebb az energias\u0171r\u0171s\u00e9g\u00fck \u2013 vagyis ugyanannyi energia t\u00e1rol\u00e1s\u00e1hoz nagyobb \u00e9s nehezebb akkura van sz\u00fcks\u00e9g \u2013, illetve korl\u00e1tozottabb a teljes\u00edtm\u00e9ny\u00fck, teh\u00e1t nem tudnak olyan gyorsan leadni vagy felvenni energi\u00e1t.<\/p>\n<p>Az Atto 3-nak azonban nincs is sz\u00fcks\u00e9ge t\u00fal nagy teljes\u00edtm\u00e9nyre: a benne l\u00e9v\u0151 elektromos motor 201 l\u00f3er\u0151t tud leadni, ami ebben a kompakt SUV-kateg\u00f3ri\u00e1ban teljesen megfelel\u0151. A gyorst\u00f6lt\u00e9s viszont nem kiemelked\u0151: a BYD \u00e1ltal megadott 88 kW-os t\u00f6lt\u00e9si cs\u00facsteljes\u00edtm\u00e9ny alacsonyabb, mint amit t\u00f6bb versenyt\u00e1rs k\u00edn\u00e1l.<\/p>\n<p>\u00d6sszess\u00e9g\u00e9ben azonban az Atto 3 egy j\u00f3l \u00f6sszerakott, gondosan tervezett elektromos aut\u00f3, amellyel a BYD nem csak egyszer\u0171en jelen k\u00edv\u00e1n lenni Eur\u00f3p\u00e1ban, hanem komolyan versenyezni akar a m\u00e1r bej\u00e1ratott m\u00e1rk\u00e1kkal. Az aut\u00f3 m\u00f6g\u00f6tt modern technol\u00f3gia, komoly tapasztalat \u00e9s egyre b\u0151v\u00fcl\u0151 modellpaletta \u00e1ll \u2013 \u00edgy \u00e9rdemes lesz figyelemmel k\u00eds\u00e9rni, hogyan alakul a BYD eur\u00f3pai t\u00f6rt\u00e9nete a k\u00f6vetkez\u0151 \u00e9vekben.<\/p>\n","protected":false},"excerpt":{"rendered":"<p>Sz\u00e1ri Zsolt, a Balatoni Halgazd\u00e1lkod\u00e1si Nonprofit Zrt. vez\u00e9rigazgat\u00f3ja azonban nyugtat\u00f3 magyar\u00e1zatot adott a Somogy V\u00e1rmegyei H\u00edrport\u00e1l sz\u00e1m\u00e1ra: \u201eIgen val\u00f3sz\u00edn\u0171tlen, hogy&#8230; <span class=\"gridview-grid-post-read-more\"><a href=\"https:\/\/matrend.hu\/nekedinfo\/most-tenyleg-capat-lattak-a-balatonnal\/\">read more<span class=\"gridview-sr-only\"> Most t\u00e9nyleg C\u00e1p\u00e1t l\u00e1ttak a Balatonn\u00e1l<\/span><\/a><\/span><\/p>\n","protected":false},"author":1,"featured_media":2533,"comment_status":"open","ping_status":"open","sticky":false,"template":"","format":"standard","meta":{"footnotes":""},"categories":[1],"tags":[],"class_list":["post-2532","post","type-post","status-publish","format-standard","has-post-thumbnail","hentry","category-egyeb","wpcat-1-id"],"_links":{"self":[{"href":"https:\/\/matrend.hu\/nekedinfo\/wp-json\/wp\/v2\/posts\/2532","targetHints":{"allow":["GET"]}}],"collection":[{"href":"https:\/\/matrend.hu\/nekedinfo\/wp-json\/wp\/v2\/posts"}],"about":[{"href":"https:\/\/matrend.hu\/nekedinfo\/wp-json\/wp\/v2\/types\/post"}],"author":[{"embeddable":true,"href":"https:\/\/matrend.hu\/nekedinfo\/wp-json\/wp\/v2\/users\/1"}],"replies":[{"embeddable":true,"href":"https:\/\/matrend.hu\/nekedinfo\/wp-json\/wp\/v2\/comments?post=2532"}],"version-history":[{"count":1,"href":"https:\/\/matrend.hu\/nekedinfo\/wp-json\/wp\/v2\/posts\/2532\/revisions"}],"predecessor-version":[{"id":2534,"href":"https:\/\/matrend.hu\/nekedinfo\/wp-json\/wp\/v2\/posts\/2532\/revisions\/2534"}],"wp:featuredmedia":[{"embeddable":true,"href":"https:\/\/matrend.hu\/nekedinfo\/wp-json\/wp\/v2\/media\/2533"}],"wp:attachment":[{"href":"https:\/\/matrend.hu\/nekedinfo\/wp-json\/wp\/v2\/media?parent=2532"}],"wp:term":[{"taxonomy":"category","embeddable":true,"href":"https:\/\/matrend.hu\/nekedinfo\/wp-json\/wp\/v2\/categories?post=2532"},{"taxonomy":"post_tag","embeddable":true,"href":"https:\/\/matrend.hu\/nekedinfo\/wp-json\/wp\/v2\/tags?post=2532"}],"curies":[{"name":"wp","href":"https:\/\/api.w.org\/{rel}","templated":true}]}}