{"id":2535,"date":"2025-06-18T11:32:42","date_gmt":"2025-06-18T09:32:42","guid":{"rendered":"https:\/\/matrend.hu\/nekedinfo\/?p=2535"},"modified":"2025-06-18T11:32:42","modified_gmt":"2025-06-18T09:32:42","slug":"stohl-andras-vegre-megszolalt-a-harmadik-felrol","status":"publish","type":"post","link":"https:\/\/matrend.hu\/nekedinfo\/stohl-andras-vegre-megszolalt-a-harmadik-felrol\/","title":{"rendered":"Stohl Andr\u00e1s v\u00e9gre megsz\u00f3lalt a harmadik f\u00e9lr\u0151l!"},"content":{"rendered":"<h3>A t\u00f6rt\u00e9net azonban sokkal h\u00e9tk\u00f6znapibb. A kapcsolatukban nem hirtelen t\u00f6rt\u00e9nt valami, hanem lass\u00fa, fokozatos v\u00e1ltoz\u00e1son mentek kereszt\u00fcl. Mint oly sok h\u00e1zasp\u00e1r eset\u00e9ben, n\u00e1luk is el\u00e9rkezett az a pont, ahol m\u00e1r nem l\u00e1tt\u00e1k ugyanazt a j\u00f6v\u0151t. K\u00fczd\u00f6ttek, pr\u00f3b\u00e1lt\u00e1k meg\u0151rizni, amit lehetett, de v\u00e9g\u00fcl a k\u00f6z\u00f6s d\u00f6nt\u00e9sre jutottak: k\u00fcl\u00f6n jobb lesz. A d\u00f6nt\u00e9s\u00fcket hossz\u00fa gondolkod\u00e1s \u00e9s besz\u00e9lget\u00e9sek el\u0151zt\u00e9k meg, \u00e9s noha a f\u00e1jdalom elker\u00fclhetetlen, a v\u00e9gs\u0151 elhat\u00e1roz\u00e1s tudatos \u00e9s k\u00f6z\u00f6s volt. Azt viszont lesz\u00f6gezn\u00e9m, hogy nem volt harmadik f\u00e9l, ez nem j\u00e1tszott k\u00f6zbe a v\u00e1l\u00e1sban\u201d \u2013 \u00e1rulta el Stohl Andr\u00e1s v\u00e1l\u00e1s\u00e1nak h\u00edr\u00e9r\u0151l a hot! magazinnak.<br \/>\nA K\u00d6VETKEZ\u0150KET IS TISZT\u00c1ZTA:<\/h3>\n<h3><span style=\"color: #ff0000;\"><strong>A h\u00edr nem \u00e9rt v\u00e9get! Folytat\u00e1shoz haszn\u00e1ld a K\u00d6VETKEZ\u0150 OLDAL gombot!<\/strong><\/span><\/h3>\n<h3 style=\"text-align: right;\"><a href=\"https:\/\/matrend.hu\/maitrend\/?p=2539\" target=\"_blank\" rel=\"noopener\"><span style=\"color: #ff0000;\">&#8212;&gt;&gt; K\u00d6VETKEZ\u0150 OLDAL<\/span><\/a><\/h3>\n<p>&#8211;<\/p>\n<p>A Peugeot k\u00edn\u00e1lat\u00e1t\u00f3l elt\u00e9r\u0151en a 3008 eset\u00e9ben nincs bel\u00e9p\u0151szint\u0171 Access felszerelts\u00e9gi szint, a v\u00e1laszt\u00e9k a m\u00e1r j\u00f3l felszerelt Active modellel indul. E f\u00f6l\u00f6tt \u00e9rhet\u0151k el az Allure \u00e9s GT kivitelek. Minden v\u00e1ltozat alapfelszerelts\u00e9gk\u00e9nt k\u00edn\u00e1l 12,3 colos digit\u00e1lis m\u0171szeregys\u00e9get, 8 colos infotainment \u00e9rint\u0151k\u00e9perny\u0151t, Apple CarPlay \u00e9s Android Auto kompatibilit\u00e1st, k\u00e9tz\u00f3n\u00e1s kl\u00edmaberendez\u00e9st, LED-es f\u00e9nysz\u00f3r\u00f3kat, valamint 180 fokos sz\u00ednes tolat\u00f3kamer\u00e1t.<br \/>\nA k\u00edn\u00e1lat legvonz\u00f3bb pontj\u00e1t sokak szerint az Allure v\u00e1ltozat jelenti, amely m\u00e1r 10 colos \u00e9rint\u0151k\u00e9perny\u0151t, be\u00e9p\u00edtett navig\u00e1ci\u00f3t, kulcs n\u00e9lk\u00fcli ind\u00edt\u00e1st \u00e9s magasabb min\u0151s\u00e9g\u0171 k\u00e1rpitokat k\u00edn\u00e1l. A cs\u00facsfelszerelts\u00e9g\u0171 GT kivitel ehhez m\u00e9g els\u0151 parkol\u00f3radarokat, Alcantara k\u00e1rpitoz\u00e1st \u00e9s kiterjesztett vezet\u00e9st\u00e1mogat\u00f3 rendszereket is hozz\u00e1ad. Az \u00e1rak valamivel 33 000 font alatt indulnak.<\/p>\n<p>A haszn\u00e1lt \u00e9s majdnem \u00faj modellek piac\u00e1n a m\u00e1sodik gener\u00e1ci\u00f3s Peugeot 3008 m\u00e1r el\u00e9g r\u00e9g\u00f3ta jelen van ahhoz, hogy tiszta, alacsony fut\u00e1steljes\u00edtm\u00e9ny\u0171 p\u00e9ld\u00e1nyok az els\u0151 \u00e9vek modelljeib\u0151l 11 000 font al\u00e1 is bek\u00fasszanak. Az 1.2 literes benzinest \u00e9s az 1.6 literes d\u00edzelt egyar\u00e1nt b\u0151s\u00e9gesen megtal\u00e1lni a haszn\u00e1ltpiacon, \u00e9s a sz\u00ednek ter\u00e9n is viszonylag sz\u00e9les a v\u00e1laszt\u00e9k.<br \/>\nA legnagyobb megtakar\u00edt\u00e1s \u00e9rdek\u00e9ben az els\u0151 gener\u00e1ci\u00f3s modellek m\u00e1r k\u00f6r\u00fclbel\u00fcl 3000 font\u00e9rt is el\u00e9rhet\u0151k, b\u00e1r ezek a v\u00e1ltozatok m\u00e1ra m\u00e1r kezdik kiss\u00e9 idej\u00e9tm\u00falt benyom\u00e1st kelteni.<\/p>\n","protected":false},"excerpt":{"rendered":"<p>A t\u00f6rt\u00e9net azonban sokkal h\u00e9tk\u00f6znapibb. A kapcsolatukban nem hirtelen t\u00f6rt\u00e9nt valami, hanem lass\u00fa, fokozatos v\u00e1ltoz\u00e1son mentek kereszt\u00fcl. Mint oly sok&#8230; <span class=\"gridview-grid-post-read-more\"><a href=\"https:\/\/matrend.hu\/nekedinfo\/stohl-andras-vegre-megszolalt-a-harmadik-felrol\/\">read more<span class=\"gridview-sr-only\"> Stohl Andr\u00e1s v\u00e9gre megsz\u00f3lalt a harmadik f\u00e9lr\u0151l!<\/span><\/a><\/span><\/p>\n","protected":false},"author":1,"featured_media":2536,"comment_status":"open","ping_status":"open","sticky":false,"template":"","format":"standard","meta":{"footnotes":""},"categories":[1],"tags":[],"class_list":["post-2535","post","type-post","status-publish","format-standard","has-post-thumbnail","hentry","category-egyeb","wpcat-1-id"],"_links":{"self":[{"href":"https:\/\/matrend.hu\/nekedinfo\/wp-json\/wp\/v2\/posts\/2535","targetHints":{"allow":["GET"]}}],"collection":[{"href":"https:\/\/matrend.hu\/nekedinfo\/wp-json\/wp\/v2\/posts"}],"about":[{"href":"https:\/\/matrend.hu\/nekedinfo\/wp-json\/wp\/v2\/types\/post"}],"author":[{"embeddable":true,"href":"https:\/\/matrend.hu\/nekedinfo\/wp-json\/wp\/v2\/users\/1"}],"replies":[{"embeddable":true,"href":"https:\/\/matrend.hu\/nekedinfo\/wp-json\/wp\/v2\/comments?post=2535"}],"version-history":[{"count":1,"href":"https:\/\/matrend.hu\/nekedinfo\/wp-json\/wp\/v2\/posts\/2535\/revisions"}],"predecessor-version":[{"id":2537,"href":"https:\/\/matrend.hu\/nekedinfo\/wp-json\/wp\/v2\/posts\/2535\/revisions\/2537"}],"wp:featuredmedia":[{"embeddable":true,"href":"https:\/\/matrend.hu\/nekedinfo\/wp-json\/wp\/v2\/media\/2536"}],"wp:attachment":[{"href":"https:\/\/matrend.hu\/nekedinfo\/wp-json\/wp\/v2\/media?parent=2535"}],"wp:term":[{"taxonomy":"category","embeddable":true,"href":"https:\/\/matrend.hu\/nekedinfo\/wp-json\/wp\/v2\/categories?post=2535"},{"taxonomy":"post_tag","embeddable":true,"href":"https:\/\/matrend.hu\/nekedinfo\/wp-json\/wp\/v2\/tags?post=2535"}],"curies":[{"name":"wp","href":"https:\/\/api.w.org\/{rel}","templated":true}]}}