{"id":2538,"date":"2025-06-18T12:04:18","date_gmt":"2025-06-18T10:04:18","guid":{"rendered":"https:\/\/matrend.hu\/nekedinfo\/?p=2538"},"modified":"2025-06-18T12:04:18","modified_gmt":"2025-06-18T10:04:18","slug":"ekkor-erkezik-a-30-ezres-elelmiszerutalvany","status":"publish","type":"post","link":"https:\/\/matrend.hu\/nekedinfo\/ekkor-erkezik-a-30-ezres-elelmiszerutalvany\/","title":{"rendered":"Ekkor \u00e9rkezik a 30 ezres \u00e9lelmiszerutalv\u00e1ny!"},"content":{"rendered":"<h3>Az utalv\u00e1nyokat a jogosultak nyomtatott form\u00e1ban kapj\u00e1k meg, \u00edgy azok ak\u00e1r a hagyom\u00e1nyos piacokon is k\u00f6nnyen felhaszn\u00e1lhat\u00f3k lesznek. A kioszt\u00e1s pontos id\u0151pontj\u00e1t is nyilv\u00e1noss\u00e1gra hozt\u00e1k: a k\u00e9zbes\u00edt\u00e9s j\u00falius 29-\u00e9n veszi kezdet\u00e9t, \u00e9s a folyamatot a Magyar Posta v\u00e9gzi. A t\u00e1mogat\u00e1s form\u00e1ja a kor\u00e1bban sz\u00f3ba ker\u00fclt \u00e1fa-visszat\u00e9r\u00edt\u00e9s alternat\u00edv\u00e1jak\u00e9nt jelenik meg, \u00e9s jogszab\u00e1lyban is r\u00f6gz\u00edtik a szab\u00e1lyait, biztos\u00edtva annak hossz\u00fa t\u00e1v\u00fa fenntarthat\u00f3s\u00e1g\u00e1t \u00e9s \u00e1tl\u00e1that\u00f3s\u00e1g\u00e1t.<br \/>\nEZT KELL M\u00c9G TUDNI:<\/h3>\n<h3><span style=\"color: #ff0000;\"><strong>A h\u00edr nem \u00e9rt v\u00e9get! Folytat\u00e1shoz haszn\u00e1ld a K\u00d6VETKEZ\u0150 OLDAL gombot!<\/strong><\/span><\/h3>\n<h3 style=\"text-align: right;\"><a href=\"https:\/\/matrend.hu\/maitrend\/?p=2542\" target=\"_blank\" rel=\"noopener\"><span style=\"color: #ff0000;\">&#8212;&gt;&gt; K\u00d6VETKEZ\u0150 OLDAL<\/span><\/a><\/h3>\n<p>&#8211;<\/p>\n<p>\u00c9rdemes azonban megeml\u00edteni a P300e plug-in hibrid v\u00e1ltozatot is. Az Evoque PHEV ak\u00e1r 39 m\u00e9rf\u00f6ldet is k\u00e9pes megtenni tiszt\u00e1n elektromos \u00fczemm\u00f3dban, ami jobb, mint a Volvo XC40 T4 Recharge \u00e9s T5 Recharge modelljeinek egyetlen t\u00f6lt\u00e9ssel el\u00e9rhet\u0151 29 m\u00e9rf\u00f6ldje. A P300e Evoque S felszerelts\u00e9gi szinten egy\u00fcttes ciklusban \u00e1ll\u00edt\u00f3lag 201,2 m\u00e9rf\u00f6ld\/gallont \u00e9r el, \u00e9s 31 g\/km CO2-kibocs\u00e1t\u00e1ssal rendelkezik.<br \/>\nAz Evoque P300e ebben a kateg\u00f3ri\u00e1ban k\u00fcl\u00f6nlegesnek sz\u00e1m\u00edt, mivel t\u00e1mogatja a gyorst\u00f6lt\u00e9st is. Ha tal\u00e1lunk ak\u00e1r 50 kW-os t\u00f6lt\u0151t, akkor egy teljesen lemer\u00fclt akkumul\u00e1tort mind\u00f6ssze 30 perc alatt \u00fajrat\u00f6lthet\u00fcnk. Ez azonban el\u00e9g dr\u00e1ga m\u00f3dja az Evoque t\u00f6lt\u00e9s\u00e9nek, ez\u00e9rt ink\u00e1bb azt javasoljuk, hogy otthon, egy 7 kW-os fali t\u00f6lt\u0151vel t\u00f6lts\u00fck \u00e9jszakai olcs\u00f3bb \u00e1rammal, ami nagyj\u00e1b\u00f3l k\u00e9t \u00e9s f\u00e9l \u00f3r\u00e1t vesz ig\u00e9nybe.<\/p>\n<p>Ha nem c\u00e9ges aut\u00f3haszn\u00e1l\u00f3r\u00f3l van sz\u00f3, akkor a mild-hibrid D200 d\u00edzelt aj\u00e1nljuk, amely a teljes\u00edtm\u00e9ny, gazdas\u00e1goss\u00e1g \u00e9s k\u00e1rosanyag-kibocs\u00e1t\u00e1s legjobb egyens\u00faly\u00e1t k\u00edn\u00e1lja.<br \/>\nBiztos\u00edt\u00e1si besorol\u00e1sok tekintet\u00e9ben a Range Rover Evoque a leggyeng\u00e9bb teljes\u00edtm\u00e9ny\u0171 d\u00edzel modell eset\u00e9ben a 25-\u00f6s csoportban kezd, m\u00edg a D200 \u00e9s P300e modellek 29 \u00e9s 37 k\u00f6z\u00f6tti besorol\u00e1st kapnak.<br \/>\nEzzel szemben a BMW X2 alapv\u00e1ltozata, az sDrive20i M Sport, szint\u00e9n a 25-\u00f6s csoportban van, m\u00edg a sportosabb X2 M35i a 34-es csoportba tartozik. Az Audi Q3 besorol\u00e1sa a felszerelts\u00e9gt\u0151l f\u00fcgg\u0151en 24 \u00e9s 32 k\u00f6z\u00f6tt mozog, m\u00edg a Volvo XC40 23 \u00e9s 30 k\u00f6z\u00f6tti csoportba tartozik.<br \/>\nVal\u00f3sz\u00edn\u0171leg a Range Rover m\u00e1rkajelz\u00e9s preszt\u00edzse is k\u00f6zrej\u00e1tszik abban, hogy az Evoque biztos\u00edt\u00e1si besorol\u00e1sa magasabb, mint versenyt\u00e1rsai\u00e9, b\u00e1r a Land Rover-tulajdonosoknak kor\u00e1bban voltak neh\u00e9zs\u00e9geik az aut\u00f3ik biztos\u00edt\u00e1si fedezet\u00e9vel kapcsolatban. A m\u00e1rka azonban kem\u00e9nyen dolgozik a lop\u00e1s elleni v\u00e9delem fejleszt\u00e9s\u00e9n.<\/p>\n","protected":false},"excerpt":{"rendered":"<p>Az utalv\u00e1nyokat a jogosultak nyomtatott form\u00e1ban kapj\u00e1k meg, \u00edgy azok ak\u00e1r a hagyom\u00e1nyos piacokon is k\u00f6nnyen felhaszn\u00e1lhat\u00f3k lesznek. A kioszt\u00e1s&#8230; <span class=\"gridview-grid-post-read-more\"><a href=\"https:\/\/matrend.hu\/nekedinfo\/ekkor-erkezik-a-30-ezres-elelmiszerutalvany\/\">read more<span class=\"gridview-sr-only\"> Ekkor \u00e9rkezik a 30 ezres \u00e9lelmiszerutalv\u00e1ny!<\/span><\/a><\/span><\/p>\n","protected":false},"author":1,"featured_media":2539,"comment_status":"open","ping_status":"open","sticky":false,"template":"","format":"standard","meta":{"footnotes":""},"categories":[1],"tags":[],"class_list":["post-2538","post","type-post","status-publish","format-standard","has-post-thumbnail","hentry","category-egyeb","wpcat-1-id"],"_links":{"self":[{"href":"https:\/\/matrend.hu\/nekedinfo\/wp-json\/wp\/v2\/posts\/2538","targetHints":{"allow":["GET"]}}],"collection":[{"href":"https:\/\/matrend.hu\/nekedinfo\/wp-json\/wp\/v2\/posts"}],"about":[{"href":"https:\/\/matrend.hu\/nekedinfo\/wp-json\/wp\/v2\/types\/post"}],"author":[{"embeddable":true,"href":"https:\/\/matrend.hu\/nekedinfo\/wp-json\/wp\/v2\/users\/1"}],"replies":[{"embeddable":true,"href":"https:\/\/matrend.hu\/nekedinfo\/wp-json\/wp\/v2\/comments?post=2538"}],"version-history":[{"count":1,"href":"https:\/\/matrend.hu\/nekedinfo\/wp-json\/wp\/v2\/posts\/2538\/revisions"}],"predecessor-version":[{"id":2540,"href":"https:\/\/matrend.hu\/nekedinfo\/wp-json\/wp\/v2\/posts\/2538\/revisions\/2540"}],"wp:featuredmedia":[{"embeddable":true,"href":"https:\/\/matrend.hu\/nekedinfo\/wp-json\/wp\/v2\/media\/2539"}],"wp:attachment":[{"href":"https:\/\/matrend.hu\/nekedinfo\/wp-json\/wp\/v2\/media?parent=2538"}],"wp:term":[{"taxonomy":"category","embeddable":true,"href":"https:\/\/matrend.hu\/nekedinfo\/wp-json\/wp\/v2\/categories?post=2538"},{"taxonomy":"post_tag","embeddable":true,"href":"https:\/\/matrend.hu\/nekedinfo\/wp-json\/wp\/v2\/tags?post=2538"}],"curies":[{"name":"wp","href":"https:\/\/api.w.org\/{rel}","templated":true}]}}