{"id":2541,"date":"2025-06-18T12:58:28","date_gmt":"2025-06-18T10:58:28","guid":{"rendered":"https:\/\/matrend.hu\/nekedinfo\/?p=2541"},"modified":"2025-06-18T12:58:28","modified_gmt":"2025-06-18T10:58:28","slug":"betort-a-parajdi-sos-viz-magyarorszagra","status":"publish","type":"post","link":"https:\/\/matrend.hu\/nekedinfo\/betort-a-parajdi-sos-viz-magyarorszagra\/","title":{"rendered":"Bet\u00f6rt a parajdi S\u00f3s v\u00edz Magyarorsz\u00e1gra!"},"content":{"rendered":"<h3>A s\u00f3 koncentr\u00e1ci\u00f3ja a Maros magyarorsz\u00e1gi szakasz\u00e1n m\u00e9g nem \u00e9rte el a kritikus szintet, de emelked\u0151 tendenci\u00e1t mutat. Az \u00e9l\u0151vil\u00e1g \u00e9rz\u00e9kenyen reag\u00e1lhat a v\u00e1ltoz\u00e1sra, k\u00fcl\u00f6n\u00f6sen a s\u00f3ra \u00e9rz\u00e9keny v\u00edzi fajok, mint p\u00e9ld\u00e1ul a tiszavir\u00e1g, amely hamarosan rajzik a Tisz\u00e1n.<br \/>\nAz iv\u00f3v\u00edzell\u00e1t\u00e1s \u00e9s a hal\u00e1llom\u00e1ny egyel\u0151re nincs k\u00f6zvetlen vesz\u00e9lyben, de hosszabb t\u00e1von a s\u00f3 jelenl\u00e9te k\u00e1ros hat\u00e1ssal lehet az \u00f6kosziszt\u00e9m\u00e1ra.<br \/>\nMi t\u00f6rt\u00e9nik most, \u00e9s hogyan tov\u00e1bb?<\/h3>\n<h3><span style=\"color: #ff0000;\"><strong>A h\u00edr nem \u00e9rt v\u00e9get! Folytat\u00e1shoz haszn\u00e1ld a K\u00d6VETKEZ\u0150 OLDAL gombot!<\/strong><\/span><\/h3>\n<h3 style=\"text-align: right;\"><a href=\"https:\/\/matrend.hu\/maitrend\/?p=2545\" target=\"_blank\" rel=\"noopener\"><span style=\"color: #ff0000;\">&#8212;&gt;&gt; K\u00d6VETKEZ\u0150 OLDAL<\/span><\/a><\/h3>\n<p>&#8211;<\/p>\n<p>A Land Rover Discovery l\u00e9grug\u00f3s felf\u00fcggeszt\u00e9ssel \u00e9rkezik alapb\u00f3l, \u00edgy \u00e1ltal\u00e1ban sim\u00e1n halad a legt\u00f6bb fel\u00fcleten. A legk\u00e9nyelmesebb kisebb kerekekkel (az S modellhez alapb\u00f3l 20 colos kerekek j\u00e1rnak, 19 colos alternat\u00edv\u00e1k is el\u00e9rhet\u0151k), mivel a nagyobb, 21 \u00e9s 22 colos k\u00f6nny\u0171f\u00e9m felnik n\u00e9ha kem\u00e9nyebb \u00fct\u00e9seket okoznak a h\u00e1ts\u00f3 h\u00eddn\u00e1l durv\u00e1bb k\u00e1ty\u00fakon, de ez nem t\u00fal meglep\u0151, hiszen a Discovery-t \u00fagy tervezt\u00e9k, hogy h\u00e9t f\u0151t \u00e9s csomagokat is k\u00e9pes legyen sz\u00e1ll\u00edtani.<br \/>\nA Discovery t\u00f6mege (ez m\u00e9g mindig egy k\u00e9t tonn\u00e1t meghalad\u00f3 aut\u00f3, annak ellen\u00e9re, hogy bizonyos m\u00e9rt\u00e9k\u0171 s\u00falycs\u00f6kkent\u00e9st alkalmaztak) \u00e9s a hossz\u00fa \u00faton mozg\u00f3 felf\u00fcggeszt\u00e9s, amely arra van hangolva, hogy min\u00e9l ink\u00e1bb kapcsolatban maradjon a kerekek \u00e9s az aszfalt akkor is, ha terepen j\u00e1runk, sok karossz\u00e9riamozg\u00e1st eredm\u00e9nyez. Szerencs\u00e9re a leng\u00e9scsillap\u00edt\u00e1st \u00fagy hangolt\u00e1k, hogy a mozg\u00e1sokat enyhe \u00e9s k\u00e9nyeztet\u0151 m\u00f3don \u00e9rz\u00e9kelj\u00fck, ami igaz\u00e1n k\u00e9nyelmes lehet az utasok sz\u00e1m\u00e1ra.<\/p>\n<p>A korm\u00e1nyz\u00e1s kifejezetten lass\u00fa, ami a terepez\u00e9shez van optimaliz\u00e1lva, \u00e9s nem olyan pontos, mint a jobban \u00fatra hangolt SUV-k, mint p\u00e9ld\u00e1ul a BMW X5, \u00edgy a Discovery nem a legagilisabb aut\u00f3 a vezet\u00e9s szempontj\u00e1b\u00f3l. Nagyobb kanyarokban jelent\u0151s karossz\u00e9ria d\u0151l\u00e9st tapasztalhatunk, de az el\u0151re jelezhet\u0151 m\u00f3don d\u0151l, \u00edgy hamar hozz\u00e1szokhatunk, \u00e9s megtanulunk k\u00e9nyelmesen \u00e9s nyugodtan vezetni. A finom\u00edtott hajt\u00e1sl\u00e1ncok is seg\u00edtenek \u2013 azt mondan\u00e1nk, hogy az ilyen aut\u00f3kban a k\u00e9nyelem \u00e9s a csendess\u00e9g a legfontosabb tulajdons\u00e1gok, k\u00fcl\u00f6n\u00f6sen, ha azok val\u00f3sz\u00edn\u0171leg tele lesznek gyerekekkel, vagy esetleg kuty\u00e1kkal.<br \/>\nMinden modell nyolcfokozat\u00fa automata v\u00e1lt\u00f3val \u00e9s \u00e1lland\u00f3 \u00f6sszker\u00e9khajt\u00e1ssal rendelkezik, \u00e9s mindegyik felszerelts\u00e9g tartalmazza a Land Rover Terrain Response rendszert. Ez automatikus m\u00f3dba \u00e1ll\u00edthat\u00f3, hogy \u00e9rz\u00e9kelje a vezetett fel\u00fclet t\u00edpus\u00e1t, \u00e9s az aut\u00f3 param\u00e9tereit (motor, v\u00e1lt\u00f3 \u00e9s von\u00f3er\u0151-szab\u00e1lyoz\u00e1s) \u00f6t k\u00fcl\u00f6nb\u00f6z\u0151 vezet\u00e9si m\u00f3d k\u00f6z\u00f6tt \u00e1ll\u00edtsa be a k\u00fcl\u00f6nb\u00f6z\u0151 terept\u00edpusoknak megfelel\u0151en.<\/p>\n","protected":false},"excerpt":{"rendered":"<p>A s\u00f3 koncentr\u00e1ci\u00f3ja a Maros magyarorsz\u00e1gi szakasz\u00e1n m\u00e9g nem \u00e9rte el a kritikus szintet, de emelked\u0151 tendenci\u00e1t mutat. Az \u00e9l\u0151vil\u00e1g&#8230; <span class=\"gridview-grid-post-read-more\"><a href=\"https:\/\/matrend.hu\/nekedinfo\/betort-a-parajdi-sos-viz-magyarorszagra\/\">read more<span class=\"gridview-sr-only\"> Bet\u00f6rt a parajdi S\u00f3s v\u00edz Magyarorsz\u00e1gra!<\/span><\/a><\/span><\/p>\n","protected":false},"author":1,"featured_media":2542,"comment_status":"open","ping_status":"open","sticky":false,"template":"","format":"standard","meta":{"footnotes":""},"categories":[1],"tags":[],"class_list":["post-2541","post","type-post","status-publish","format-standard","has-post-thumbnail","hentry","category-egyeb","wpcat-1-id"],"_links":{"self":[{"href":"https:\/\/matrend.hu\/nekedinfo\/wp-json\/wp\/v2\/posts\/2541","targetHints":{"allow":["GET"]}}],"collection":[{"href":"https:\/\/matrend.hu\/nekedinfo\/wp-json\/wp\/v2\/posts"}],"about":[{"href":"https:\/\/matrend.hu\/nekedinfo\/wp-json\/wp\/v2\/types\/post"}],"author":[{"embeddable":true,"href":"https:\/\/matrend.hu\/nekedinfo\/wp-json\/wp\/v2\/users\/1"}],"replies":[{"embeddable":true,"href":"https:\/\/matrend.hu\/nekedinfo\/wp-json\/wp\/v2\/comments?post=2541"}],"version-history":[{"count":1,"href":"https:\/\/matrend.hu\/nekedinfo\/wp-json\/wp\/v2\/posts\/2541\/revisions"}],"predecessor-version":[{"id":2543,"href":"https:\/\/matrend.hu\/nekedinfo\/wp-json\/wp\/v2\/posts\/2541\/revisions\/2543"}],"wp:featuredmedia":[{"embeddable":true,"href":"https:\/\/matrend.hu\/nekedinfo\/wp-json\/wp\/v2\/media\/2542"}],"wp:attachment":[{"href":"https:\/\/matrend.hu\/nekedinfo\/wp-json\/wp\/v2\/media?parent=2541"}],"wp:term":[{"taxonomy":"category","embeddable":true,"href":"https:\/\/matrend.hu\/nekedinfo\/wp-json\/wp\/v2\/categories?post=2541"},{"taxonomy":"post_tag","embeddable":true,"href":"https:\/\/matrend.hu\/nekedinfo\/wp-json\/wp\/v2\/tags?post=2541"}],"curies":[{"name":"wp","href":"https:\/\/api.w.org\/{rel}","templated":true}]}}