{"id":2544,"date":"2025-06-18T20:08:52","date_gmt":"2025-06-18T18:08:52","guid":{"rendered":"https:\/\/matrend.hu\/nekedinfo\/?p=2544"},"modified":"2025-06-18T20:08:52","modified_gmt":"2025-06-18T18:08:52","slug":"stohl-andras-ujra-apa-lesz","status":"publish","type":"post","link":"https:\/\/matrend.hu\/nekedinfo\/stohl-andras-ujra-apa-lesz\/","title":{"rendered":"Stohl Andr\u00e1s \u00fajra apa lesz!"},"content":{"rendered":"<h3>A v\u00e1l\u00e1s h\u00edre sokakat meglepett, hiszen Stohl Andr\u00e1s \u00e9s Vica kapcsolata k\u00edv\u00fclr\u0151l harmonikusnak t\u0171nt. A sz\u00edn\u00e9sz kor\u00e1bban boldogan mes\u00e9lt arr\u00f3l, mennyire v\u00e1rta, hogy feles\u00e9g\u00e9nek nevezhesse szerelm\u00e9t.\u00a0Stohl Andr\u00e1s l\u00e1that\u00f3an nem hagyja, hogy a v\u00e1l\u00e1s \u00e1rny\u00e9ka r\u00e1telepedjen az \u00e9let\u00e9re.<\/h3>\n<h3><span style=\"color: #ff0000;\"><strong>A h\u00edr nem \u00e9rt v\u00e9get! Folytat\u00e1shoz haszn\u00e1ld a K\u00d6VETKEZ\u0150 OLDAL gombot!<\/strong><\/span><\/h3>\n<h3 style=\"text-align: right;\"><a href=\"https:\/\/matrend.hu\/maitrend\/?p=2548\" target=\"_blank\" rel=\"noopener\"><span style=\"color: #ff0000;\">&#8212;&gt;&gt; K\u00d6VETKEZ\u0150 OLDAL<\/span><\/a><\/h3>\n<p>&#8211;<\/p>\n<p>Az akkumul\u00e1tor szerves r\u00e9sze az aut\u00f3 v\u00e1z\u00e1nak, \u00e9s rendk\u00edv\u00fcl lapos, mind\u00f6ssze 110 mm vastags\u00e1g\u00fa. Ennek k\u00f6sz\u00f6nhet\u0151en az MG 4, legyen ak\u00e1r ferdeh\u00e1t\u00fa vagy szed\u00e1n, val\u00f3ban alacsony aut\u00f3nak \u00e9rz\u0151dik vezet\u00e9s k\u00f6zben, nem egy neh\u00e9zkes, magas SUV-nak. A legt\u00f6bb v\u00e1ltozat h\u00e1tul hajt, azaz egy h\u00e1ts\u00f3 motor dolgozik benn\u00fck \u2013 az alapmodellben 168 l\u00f3er\u0151, a hosszabb hat\u00f3t\u00e1v\u00faban 201 l\u00f3er\u0151, m\u00edg a 77 kWh-s Extended Range eset\u00e9ben 241 l\u00f3er\u0151 \u00e1ll rendelkez\u00e9sre. Azonban ha valaki igaz\u00e1n nagy teljes\u00edtm\u00e9nyre vagy n\u00e9gyker\u00e9k-meghajt\u00e1sra v\u00e1gyik, ott van az MG 4 XPower, ami k\u00e9t motorral \u00e9s elk\u00e9peszt\u0151, 429 l\u00f3er\u0151s teljes\u00edtm\u00e9nnyel gyors\u00edtja fel az aut\u00f3t szinte versenyaut\u00f3s temp\u00f3ra.<\/p>\n<p>A formatervez\u00e9s tekintet\u00e9ben az MG 4 sokkal ink\u00e1bb egy klasszikus ferdeh\u00e1t\u00fa, mintsem a manaps\u00e1g divatos, SUV-jelleg\u0171 elektromos modellek. Hossza 4287 mm, teh\u00e1t r\u00f6videbb, mint p\u00e9ld\u00e1ul a Kia Niro EV, a Volkswagen ID.3 vagy a Cupra Born. Tal\u00e1n a Renault M\u00e9gane E-Tech Electric \u00e1ll hozz\u00e1 a legk\u00f6zelebb, de a Citro\u00ebn \u00eb-C4 \u00e9s a Peugeot e-2008 is hasonl\u00f3 v\u00e1s\u00e1rl\u00f3kat c\u00e9loz meg, \u00e9s hamarosan \u00e9rkeznek az elektromos Peugeot 308 \u00e9s a Vauxhall Astra is ebbe a szegmensbe.<\/p>\n<p>Egy ilyen zs\u00fafolt \u00e9s versenyt\u00e1rsakt\u00f3l hemzseg\u0151 kateg\u00f3ri\u00e1ban az MG 4-nek musz\u00e1j kit\u0171nnie valamivel. \u00c9s ezt f\u0151k\u00e9nt a mer\u00e9sz, karakteres k\u00fcls\u0151 diz\u00e1jnj\u00e1val pr\u00f3b\u00e1lja el\u00e9rni, ami egy nagy v\u00e1lt\u00e1s a kor\u00e1bbi MG modellek kiss\u00e9 fant\u00e1zi\u00e1tlan, jellegtelen k\u00fclsej\u00e9hez k\u00e9pest. Igaz, a kis m\u00e9ret\u0171 kerekek n\u00e9mileg olcs\u00f3 hat\u00e1st keltenek, de ezt ellens\u00falyozz\u00e1k az \u00e9les vonalak, a hatalmas f\u00e9nysz\u00f3r\u00f3k \u00e9s a l\u00e1tv\u00e1nyos h\u00e1ts\u00f3 diz\u00e1jnelemek, k\u00f6zt\u00fck a fekete panelbe integr\u00e1lt h\u00e1ts\u00f3 l\u00e1mp\u00e1k \u00e9s a csomagt\u00e9rajt\u00f3ra simul\u00f3 spoiler, amelyek egy\u00fctt egy nagyon hat\u00e1rozott, fiatalos \u00e9s modern megjelen\u00e9st k\u00f6lcs\u00f6n\u00f6znek az aut\u00f3nak. \u00d6sszess\u00e9g\u00e9ben teh\u00e1t az MG 4 nemcsak a teljes\u00edtm\u00e9ny\u00e9vel \u00e9s technik\u00e1j\u00e1val, de a st\u00edlus\u00e1val is megpr\u00f3b\u00e1l kit\u0171nni a t\u00f6megb\u0151l.<\/p>\n","protected":false},"excerpt":{"rendered":"<p>A v\u00e1l\u00e1s h\u00edre sokakat meglepett, hiszen Stohl Andr\u00e1s \u00e9s Vica kapcsolata k\u00edv\u00fclr\u0151l harmonikusnak t\u0171nt. A sz\u00edn\u00e9sz kor\u00e1bban boldogan mes\u00e9lt arr\u00f3l,&#8230; <span class=\"gridview-grid-post-read-more\"><a href=\"https:\/\/matrend.hu\/nekedinfo\/stohl-andras-ujra-apa-lesz\/\">read more<span class=\"gridview-sr-only\"> Stohl Andr\u00e1s \u00fajra apa lesz!<\/span><\/a><\/span><\/p>\n","protected":false},"author":1,"featured_media":2545,"comment_status":"open","ping_status":"open","sticky":false,"template":"","format":"standard","meta":{"footnotes":""},"categories":[1],"tags":[],"class_list":["post-2544","post","type-post","status-publish","format-standard","has-post-thumbnail","hentry","category-egyeb","wpcat-1-id"],"_links":{"self":[{"href":"https:\/\/matrend.hu\/nekedinfo\/wp-json\/wp\/v2\/posts\/2544","targetHints":{"allow":["GET"]}}],"collection":[{"href":"https:\/\/matrend.hu\/nekedinfo\/wp-json\/wp\/v2\/posts"}],"about":[{"href":"https:\/\/matrend.hu\/nekedinfo\/wp-json\/wp\/v2\/types\/post"}],"author":[{"embeddable":true,"href":"https:\/\/matrend.hu\/nekedinfo\/wp-json\/wp\/v2\/users\/1"}],"replies":[{"embeddable":true,"href":"https:\/\/matrend.hu\/nekedinfo\/wp-json\/wp\/v2\/comments?post=2544"}],"version-history":[{"count":1,"href":"https:\/\/matrend.hu\/nekedinfo\/wp-json\/wp\/v2\/posts\/2544\/revisions"}],"predecessor-version":[{"id":2546,"href":"https:\/\/matrend.hu\/nekedinfo\/wp-json\/wp\/v2\/posts\/2544\/revisions\/2546"}],"wp:featuredmedia":[{"embeddable":true,"href":"https:\/\/matrend.hu\/nekedinfo\/wp-json\/wp\/v2\/media\/2545"}],"wp:attachment":[{"href":"https:\/\/matrend.hu\/nekedinfo\/wp-json\/wp\/v2\/media?parent=2544"}],"wp:term":[{"taxonomy":"category","embeddable":true,"href":"https:\/\/matrend.hu\/nekedinfo\/wp-json\/wp\/v2\/categories?post=2544"},{"taxonomy":"post_tag","embeddable":true,"href":"https:\/\/matrend.hu\/nekedinfo\/wp-json\/wp\/v2\/tags?post=2544"}],"curies":[{"name":"wp","href":"https:\/\/api.w.org\/{rel}","templated":true}]}}