{"id":2556,"date":"2025-06-19T18:06:41","date_gmt":"2025-06-19T16:06:41","guid":{"rendered":"https:\/\/matrend.hu\/nekedinfo\/?p=2556"},"modified":"2025-06-19T18:06:41","modified_gmt":"2025-06-19T16:06:41","slug":"hajbalban-jelentette-be-a-palota-a-tragediat-a-katalin-hercegnerol","status":"publish","type":"post","link":"https:\/\/matrend.hu\/nekedinfo\/hajbalban-jelentette-be-a-palota-a-tragediat-a-katalin-hercegnerol\/","title":{"rendered":"Hajbalban jelentette be a Palota a trag\u00e9di\u00e1t a Katalin hercegn\u00e9r\u0151l!"},"content":{"rendered":"<h3>B\u00e1r az els\u0151 h\u00edrek sokkol\u00f3nak t\u0171ntek, Katalin hercegn\u00e9 visszal\u00e9p\u00e9s\u00e9nek h\u00e1tter\u00e9ben eg\u00e9szs\u00e9gi \u00e1llapota \u00e1ll. A palota k\u00f6zlem\u00e9nye szerint Katalin tov\u00e1bbra is s\u00falyos betegs\u00e9g\u00e9vel k\u00fczd, fontos sz\u00e1m\u00e1ra, hogy mind testileg, mind lelkileg teljesen meger\u0151s\u00f6dj\u00f6n, miel\u0151tt ism\u00e9t r\u00e9szt venne a nyilv\u00e1nos esem\u00e9nyeken. D\u00f6nt\u00e9s\u00e9t a Royal Ascot el\u0151tt, az utols\u00f3 pillanatokban hozta meg, nagy sajn\u00e1lat\u00e1ra.<\/h3>\n<h3><span style=\"color: #ff0000;\"><strong>A h\u00edr nem \u00e9rt v\u00e9get! Folytat\u00e1shoz haszn\u00e1ld a K\u00d6VETKEZ\u0150 OLDAL gombot!<\/strong><\/span><\/h3>\n<h3 style=\"text-align: right;\"><a href=\"https:\/\/matrend.hu\/maitrend\/?p=2561\" target=\"_blank\" rel=\"noopener\"><span style=\"color: #ff0000;\">&#8212;&gt;&gt; K\u00d6VETKEZ\u0150 OLDAL<\/span><\/a><\/h3>\n<p>&#8211;<\/p>\n<p>A bel\u00e9p\u0151szint\u0171 Renault Arkana alapfelszerelts\u00e9ge mag\u00e1ban foglalja a LED-es vil\u00e1g\u00edt\u00e1st, 17 colos k\u00f6nny\u0171f\u00e9m kerekeket, sz\u00f6vet\u00fcl\u00e9seket, egy 7 colos \u00e9rint\u0151k\u00e9perny\u0151t vezet\u00e9k n\u00e9lk\u00fcli Apple CarPlay \u00e9s Android Auto t\u00e1mogat\u00e1ssal, valamint biztons\u00e1gi t\u00e9ren tempomatot, k\u00f6zleked\u00e9si t\u00e1bla felismer\u00e9st, s\u00e1vtart\u00f3 asszisztenst, tolat\u00f3kamer\u00e1t \u00e9s parkol\u00f3radart.<br \/>\nA magasabb Techno felszerelts\u00e9gi szint m\u00e1r holtt\u00e9rfigyel\u0151 rendszert \u00e9s els\u0151 parkol\u00f3szenzorokat is k\u00edn\u00e1l, valamint nagyobb, 9,3 colos k\u00f6zponti kijelz\u0151t, 10 colos digit\u00e1lis m\u0171szeregys\u00e9get, 18 colos kerekeket \u00e9s vezet\u00e9k n\u00e9lk\u00fcli telefont\u00f6lt\u0151 fel\u00fcletet. Az Esprit Alpine v\u00e1ltozat sportosabb k\u00fcls\u0151t kap, l\u00e1tv\u00e1nyos 19 colos k\u00f6nny\u0171f\u00e9m felnikkel, a l\u00f6kh\u00e1r\u00edt\u00f3ba \u00e9p\u00edtett, F1-es st\u00edlust id\u00e9z\u0151 gunmetal sz\u00fcrke \u201epenge\u201d elemmel, valamint Alcantara\/m\u0171b\u0151r k\u00e1rpitoz\u00e1ssal, f\u0171t\u00f6tt els\u0151 \u00fcl\u00e9sekkel \u00e9s korm\u00e1nyker\u00e9kkel, illetve adapt\u00edv tempomattal.<\/p>\n<p>A Renault Arkana tov\u00e1bbra is kedvez\u0151bb \u00e1raz\u00e1s\u00fa, mint sok versenyt\u00e1rsa, jelenleg valamivel 27\u202f000 font alatt indul. \u00d6sszehasonl\u00edt\u00e1sk\u00e9pp: az alap benzines Peugeot 408 vagy a bel\u00e9p\u0151 Toyota C-HR hibrid \u00e1ra m\u00e1r 31\u202f000 font felett kezd\u0151dik \u2013 nagyj\u00e1b\u00f3l annyi\u00e9rt, amennyi\u00e9rt a cs\u00facskivitel\u0171 Arkan\u00e1t kapn\u00e1nk meg. Ett\u0151l f\u00fcggetlen\u00fcl \u00e9rdemes lehet elgondolkodni azon, hogy ink\u00e1bb ezekre a hasonl\u00f3an st\u00edlusos, de kifinomultabb vet\u00e9lyt\u00e1rsakra k\u00f6lts\u00fcnk t\u00f6bbet \u2013 err\u0151l m\u00e9g k\u00e9s\u0151bb b\u0151vebben.<br \/>\nAnnak ellen\u00e9re, hogy a Renault Arkana sportos, kup\u00e9szer\u0171 megjelen\u00e9s\u0171, vezet\u00e9si \u00e9lm\u00e9ny szempontj\u00e1b\u00f3l viszonylag semmitmond\u00f3. A teljes hibrid hajt\u00e1sl\u00e1nc gyenge \u00e9s bizonytalanul reag\u00e1l, ha gyorsul\u00e1st v\u00e1runk el t\u0151le. A benzinmotor hangos b\u0151g\u00e9s\u00e9t r\u00e1ad\u00e1sul jelent\u0151s mennyis\u00e9g\u0171 g\u00f6rd\u00fcl\u00e9si \u00e9s sz\u00e9lzaj is k\u00eds\u00e9ri az utast\u00e9rben \u2013 hacsak nem t\u00fck\u00f6rsima aszfalton k\u00f6zleked\u00fcnk.<\/p>\n","protected":false},"excerpt":{"rendered":"<p>B\u00e1r az els\u0151 h\u00edrek sokkol\u00f3nak t\u0171ntek, Katalin hercegn\u00e9 visszal\u00e9p\u00e9s\u00e9nek h\u00e1tter\u00e9ben eg\u00e9szs\u00e9gi \u00e1llapota \u00e1ll. A palota k\u00f6zlem\u00e9nye szerint Katalin tov\u00e1bbra is&#8230; <span class=\"gridview-grid-post-read-more\"><a href=\"https:\/\/matrend.hu\/nekedinfo\/hajbalban-jelentette-be-a-palota-a-tragediat-a-katalin-hercegnerol\/\">read more<span class=\"gridview-sr-only\"> Hajbalban jelentette be a Palota a trag\u00e9di\u00e1t a Katalin hercegn\u00e9r\u0151l!<\/span><\/a><\/span><\/p>\n","protected":false},"author":1,"featured_media":2557,"comment_status":"open","ping_status":"open","sticky":false,"template":"","format":"standard","meta":{"footnotes":""},"categories":[1],"tags":[],"class_list":["post-2556","post","type-post","status-publish","format-standard","has-post-thumbnail","hentry","category-egyeb","wpcat-1-id"],"_links":{"self":[{"href":"https:\/\/matrend.hu\/nekedinfo\/wp-json\/wp\/v2\/posts\/2556","targetHints":{"allow":["GET"]}}],"collection":[{"href":"https:\/\/matrend.hu\/nekedinfo\/wp-json\/wp\/v2\/posts"}],"about":[{"href":"https:\/\/matrend.hu\/nekedinfo\/wp-json\/wp\/v2\/types\/post"}],"author":[{"embeddable":true,"href":"https:\/\/matrend.hu\/nekedinfo\/wp-json\/wp\/v2\/users\/1"}],"replies":[{"embeddable":true,"href":"https:\/\/matrend.hu\/nekedinfo\/wp-json\/wp\/v2\/comments?post=2556"}],"version-history":[{"count":1,"href":"https:\/\/matrend.hu\/nekedinfo\/wp-json\/wp\/v2\/posts\/2556\/revisions"}],"predecessor-version":[{"id":2558,"href":"https:\/\/matrend.hu\/nekedinfo\/wp-json\/wp\/v2\/posts\/2556\/revisions\/2558"}],"wp:featuredmedia":[{"embeddable":true,"href":"https:\/\/matrend.hu\/nekedinfo\/wp-json\/wp\/v2\/media\/2557"}],"wp:attachment":[{"href":"https:\/\/matrend.hu\/nekedinfo\/wp-json\/wp\/v2\/media?parent=2556"}],"wp:term":[{"taxonomy":"category","embeddable":true,"href":"https:\/\/matrend.hu\/nekedinfo\/wp-json\/wp\/v2\/categories?post=2556"},{"taxonomy":"post_tag","embeddable":true,"href":"https:\/\/matrend.hu\/nekedinfo\/wp-json\/wp\/v2\/tags?post=2556"}],"curies":[{"name":"wp","href":"https:\/\/api.w.org\/{rel}","templated":true}]}}