{"id":2559,"date":"2025-06-19T18:50:29","date_gmt":"2025-06-19T16:50:29","guid":{"rendered":"https:\/\/matrend.hu\/nekedinfo\/?p=2559"},"modified":"2025-06-19T18:50:29","modified_gmt":"2025-06-19T16:50:29","slug":"kiderult-ok-lesznek-a-farm-vip-kovetkezo-evad-szereploi","status":"publish","type":"post","link":"https:\/\/matrend.hu\/nekedinfo\/kiderult-ok-lesznek-a-farm-vip-kovetkezo-evad-szereploi\/","title":{"rendered":"Kider\u00fclt! \u0150k lesznek a Farm VIP k\u00f6vetkez\u0151 \u00c9VAD szerepl\u0151i!"},"content":{"rendered":"<h3>A m\u0171sor egyik h\u00e1zigazd\u00e1ja, G\u00e1sp\u00e1r Zsolti jelenleg igencsak fesz\u00fclt viszonyban van testv\u00e9r\u00e9vel, G\u00e1sp\u00e1r Gy\u0151z\u0151vel, akir\u0151l viszont a h\u00edrek szerint \u00fagy tudni, hogy j\u00e1t\u00e9kosk\u00e9nt csatlakozik a m\u0171sorhoz. A rajong\u00f3k izgatottan v\u00e1rj\u00e1k, vajon mire sz\u00e1m\u00edthatnak: kib\u00e9k\u00fcl\u00e9s vagy m\u00e9g nagyobb fesz\u00fclts\u00e9g?<\/h3>\n<h3><span style=\"color: #ff0000;\"><strong>A h\u00edr nem \u00e9rt v\u00e9get! Folytat\u00e1shoz haszn\u00e1ld a K\u00d6VETKEZ\u0150 OLDAL gombot!<\/strong><\/span><\/h3>\n<h3 style=\"text-align: right;\"><a href=\"https:\/\/matrend.hu\/maitrend\/?p=2564\" target=\"_blank\" rel=\"noopener\"><span style=\"color: #ff0000;\">&#8212;&gt;&gt; K\u00d6VETKEZ\u0150 OLDAL<\/span><\/a><\/h3>\n<p>&#8211;<\/p>\n<p>A technikai fel\u00e9p\u00edt\u00e9se egy\u00e9bk\u00e9nt meglehet\u0151sen egyszer\u0171: nincs adapt\u00edv leng\u00e9scsillap\u00edt\u00f3 vagy l\u00e9grug\u00f3z\u00e1s, m\u00e9gis a legt\u00f6bb tulajdonos sz\u00e1m\u00e1ra val\u00f3sz\u00edn\u0171leg pont megfelel\u0151 kompromisszumot ny\u00fajt a k\u00e9nyelem \u00e9s a menettulajdons\u00e1gok k\u00f6z\u00f6tt. A V60 sportos \u00e9s modern k\u00fcls\u0151t k\u00edn\u00e1l, m\u00e9gis nyugodt, kiegyens\u00falyozott vezet\u00e9si \u00e9lm\u00e9nyt ny\u00fajt. K\u00f6nny\u0171, k\u00f6zepesen gyors \u00e9s sz\u0171rt \u00e9rz\u00e9s\u0171 korm\u00e1nyz\u00e1sa van, ami miatt nem f\u00e1raszt\u00f3 a vezet\u00e9se, \u00e9s egyszer\u0171 vele a parkol\u00e1s vagy man\u0151verez\u00e9s. Lehet vele pontosan kanyarodni, ha kell, de k\u00fcl\u00f6n\u00f6sebb jutalom nem j\u00e1r \u00e9rte \u2013 teh\u00e1t nem fogjuk azt \u00e9rezni, hogy az aut\u00f3 \u201ej\u00e1tszik vel\u00fcnk\u201d vagy visszajelz\u00e9st ad a dinamikusabb vezet\u00e9ssel kapcsolatban.<\/p>\n<p>A fut\u00f3m\u0171 stabil, a karossz\u00e9ria nem t\u0171nik neh\u00e9zkesnek a kanyarokban vagy az \u00fathull\u00e1mok kezel\u00e9s\u00e9n\u00e9l. Ha egy sz\u0171kebb kanyaron gyorsan akarunk \u00e1thajtani, akkor \u00e9rezni lehet, ahogy a h\u00e1ts\u00f3 elektromos tengely \u201ebetolja\u201d az aut\u00f3t a kanyarba, \u00e9s az aut\u00f3 alv\u00e1z\u00e1ban enyhe forg\u00e1s, elfordul\u00e1s t\u00f6rt\u00e9nik alattunk. M\u00e9gis, az aut\u00f3 fut\u00f3m\u0171v\u00e9t alapvet\u0151en k\u00e9nyelmesre \u00e9s biztons\u00e1gosra hangolt\u00e1k \u2013 a dinamizmus \u00e9s az \u00e9l\u00e9nk kanyarmenet csup\u00e1n m\u00e1sodlagos, alkalmi szempontok.<\/p>\n<p>A Volvo egy\u00e9bk\u00e9nt \u00fczemanyag-takar\u00e9kos Michelin Primacy abroncsokat haszn\u00e1l, ezek viszont korl\u00e1tozz\u00e1k az aut\u00f3 tapad\u00e1s\u00e1t. Ha t\u00fal gyorsan akarunk venni egy \u00e9lesebb kanyart, az aut\u00f3 alulkorm\u00e1nyzotts\u00e1ggal (teh\u00e1t az els\u0151 kerekek cs\u00fasz\u00e1s\u00e1val) fog reag\u00e1lni, de a menetstabiliz\u00e1l\u00f3 rendszer j\u00f3l m\u0171k\u00f6dik \u00e9s nem zavar\u00f3 m\u00f3don avatkozik k\u00f6zbe. Az viszont val\u00f3sz\u00edn\u0171, hogy a legt\u00f6bb tulajdonos nem fogja b\u00e1nni ezt a kompromisszumot \u2013 nem cser\u00e9ln\u00e9nek el p\u00e1r kilom\u00e9ter elektromos hat\u00f3t\u00e1vot vagy n\u00e9h\u00e1ny sz\u00e1zal\u00e9knyi fogyaszt\u00e1si el\u0151nyt egy sportosabb tapad\u00e1sra. Mert sz\u00e1mukra ink\u00e1bb a hat\u00e9konys\u00e1g, a k\u00e9nyelem \u00e9s az egyszer\u0171 haszn\u00e1lhat\u00f3s\u00e1g sz\u00e1m\u00edt.<\/p>\n","protected":false},"excerpt":{"rendered":"<p>A m\u0171sor egyik h\u00e1zigazd\u00e1ja, G\u00e1sp\u00e1r Zsolti jelenleg igencsak fesz\u00fclt viszonyban van testv\u00e9r\u00e9vel, G\u00e1sp\u00e1r Gy\u0151z\u0151vel, akir\u0151l viszont a h\u00edrek szerint \u00fagy&#8230; <span class=\"gridview-grid-post-read-more\"><a href=\"https:\/\/matrend.hu\/nekedinfo\/kiderult-ok-lesznek-a-farm-vip-kovetkezo-evad-szereploi\/\">read more<span class=\"gridview-sr-only\"> Kider\u00fclt! \u0150k lesznek a Farm VIP k\u00f6vetkez\u0151 \u00c9VAD szerepl\u0151i!<\/span><\/a><\/span><\/p>\n","protected":false},"author":1,"featured_media":2560,"comment_status":"open","ping_status":"open","sticky":false,"template":"","format":"standard","meta":{"footnotes":""},"categories":[1],"tags":[],"class_list":["post-2559","post","type-post","status-publish","format-standard","has-post-thumbnail","hentry","category-egyeb","wpcat-1-id"],"_links":{"self":[{"href":"https:\/\/matrend.hu\/nekedinfo\/wp-json\/wp\/v2\/posts\/2559","targetHints":{"allow":["GET"]}}],"collection":[{"href":"https:\/\/matrend.hu\/nekedinfo\/wp-json\/wp\/v2\/posts"}],"about":[{"href":"https:\/\/matrend.hu\/nekedinfo\/wp-json\/wp\/v2\/types\/post"}],"author":[{"embeddable":true,"href":"https:\/\/matrend.hu\/nekedinfo\/wp-json\/wp\/v2\/users\/1"}],"replies":[{"embeddable":true,"href":"https:\/\/matrend.hu\/nekedinfo\/wp-json\/wp\/v2\/comments?post=2559"}],"version-history":[{"count":1,"href":"https:\/\/matrend.hu\/nekedinfo\/wp-json\/wp\/v2\/posts\/2559\/revisions"}],"predecessor-version":[{"id":2561,"href":"https:\/\/matrend.hu\/nekedinfo\/wp-json\/wp\/v2\/posts\/2559\/revisions\/2561"}],"wp:featuredmedia":[{"embeddable":true,"href":"https:\/\/matrend.hu\/nekedinfo\/wp-json\/wp\/v2\/media\/2560"}],"wp:attachment":[{"href":"https:\/\/matrend.hu\/nekedinfo\/wp-json\/wp\/v2\/media?parent=2559"}],"wp:term":[{"taxonomy":"category","embeddable":true,"href":"https:\/\/matrend.hu\/nekedinfo\/wp-json\/wp\/v2\/categories?post=2559"},{"taxonomy":"post_tag","embeddable":true,"href":"https:\/\/matrend.hu\/nekedinfo\/wp-json\/wp\/v2\/tags?post=2559"}],"curies":[{"name":"wp","href":"https:\/\/api.w.org\/{rel}","templated":true}]}}