{"id":2562,"date":"2025-06-19T20:22:29","date_gmt":"2025-06-19T18:22:29","guid":{"rendered":"https:\/\/matrend.hu\/nekedinfo\/?p=2562"},"modified":"2025-06-19T20:22:29","modified_gmt":"2025-06-19T18:22:29","slug":"tobbe-mar-nem-all-szinpadra-csuja-imre","status":"publish","type":"post","link":"https:\/\/matrend.hu\/nekedinfo\/tobbe-mar-nem-all-szinpadra-csuja-imre\/","title":{"rendered":"T\u00f6bb\u00e9 m\u00e1r nem \u00e1ll sz\u00ednpadra Csuja Imre."},"content":{"rendered":"<h3>A sz\u00ednm\u0171v\u00e9sz visszavonul\u00e1sa nem \u00e9rkezett v\u00e1ratlanul: kor\u00e1bban t\u00f6bbsz\u00f6r is utalt arra, hogy 65 \u00e9ves kora ut\u00e1n m\u00e1r nem szeretne \u00faj kih\u00edv\u00e1sokat v\u00e1llalni a sz\u00ednpadon. Egy, a Best magazinnak adott interj\u00faban \u0151szint\u00e9n vallott egy neh\u00e9z pillanatr\u00f3l: egy el\u0151ad\u00e1s sor\u00e1n leblokkolt, nem jutott esz\u00e9be a sz\u00f6veg \u2014 ez a meging\u00e1s m\u00e9ly nyomot hagyott benne, \u00e9s egy\u00e9rtelm\u0171v\u00e9 tette sz\u00e1m\u00e1ra, hogy ideje lass\u00edtani.<br \/>\nMEGSZ\u00d3LALT F\u00c9LELM\u00c9R\u0150L IS:<\/h3>\n<h3><span style=\"color: #ff0000;\"><strong>A h\u00edr nem \u00e9rt v\u00e9get! Folytat\u00e1shoz haszn\u00e1ld a K\u00d6VETKEZ\u0150 OLDAL gombot!<\/strong><\/span><\/h3>\n<h3 style=\"text-align: right;\"><a href=\"https:\/\/matrend.hu\/maitrend\/?p=2567\" target=\"_blank\" rel=\"noopener\"><span style=\"color: #ff0000;\">&#8212;&gt;&gt; K\u00d6VETKEZ\u0150 OLDAL<\/span><\/a><\/h3>\n<p>&#8211;<\/p>\n<p>Az \u00f6t\u00f6dik gener\u00e1ci\u00f3s Subaru Forester egy olyan kombin\u00e1ci\u00f3t k\u00edn\u00e1l, amely a robusztus fel\u00e9p\u00edt\u00e9st, a megfelel\u0151 terepj\u00e1r\u00f3 k\u00e9pess\u00e9get \u00e9s a saj\u00e1tos m\u00e9rn\u00f6ki megold\u00e1sokat \u00f6tv\u00f6zi, mindezt \u00fagy, hogy luxusosabbnak \u00e9s vezet\u0151bar\u00e1tabbnak \u00e9rz\u0151dik, mint a kor\u00e1bbi modellek. Az \u00faj Mk6 pedig m\u00e9g tov\u00e1bb emeli a m\u00e9rc\u00e9t.<br \/>\nA 2018-ban teljesen \u00e1tdolgozott Mk5 Forester enyhe hibrid elektromos meghajt\u00e1ssal \u00e9s jelent\u0151sen jav\u00edtott \u00fattart\u00e1ssal rendelkezik. T\u00e1gasabb lett a bels\u0151 t\u00e9r \u00e9s a min\u0151s\u00e9g is javult, mik\u00f6zben a menetkomfort \u00e9s a kezel\u00e9s is egy \u00fcdv\u00f6zlend\u0151 fejl\u0151d\u00e9sen ment kereszt\u00fcl. Azonban a rengeteg tehets\u00e9ges SUV riv\u00e1lis mellett a Forester \u00e1tlagos \u00fczemanyag-fogyaszt\u00e1sa, unalmas k\u00fcls\u0151 diz\u00e1jnja \u00e9s frusztr\u00e1l\u00f3 fed\u00e9lzeti technol\u00f3giai megold\u00e1sai miatt val\u00f3sz\u00edn\u0171tlen, hogy a csal\u00e1dos v\u00e1s\u00e1rl\u00f3k sz\u00e1m\u00e1ra vonz\u00f3 v\u00e1laszt\u00e1s legyen.<\/p>\n<p>A Forester egy olyan r\u00e9spiacon helyezkedik el, amely szinte teljesen az \u00f6v\u00e9; nem olyan j\u00f3 vezet\u00e9si \u00e9lm\u00e9nyt ny\u00fajt, mint n\u00e9h\u00e1ny olcs\u00f3bb, ink\u00e1bb k\u00f6z\u00fatra orient\u00e1lt SUV, ink\u00e1bb egy alternat\u00edv\u00e1t k\u00edn\u00e1l, amely kiemelked\u0151 terepj\u00e1r\u00f3 k\u00e9pess\u00e9ggel, bizony\u00edtott megb\u00edzhat\u00f3s\u00e1ggal \u00e9s j\u00f3l felszerelt alapmodellekkel rendelkezik.<br \/>\nA Forester t\u00f6bb mint k\u00e9t \u00e9vtizede a Subaru k\u00edn\u00e1lat\u00e1nak egyik alappill\u00e9re. Kezdetben egy robusztus, n\u00e9gyker\u00e9k-hajt\u00e1s\u00fa kombik\u00e9nt indult, majd a v\u00e1s\u00e1rl\u00f3i ig\u00e9nyeknek megfelel\u0151en fokozatosan egy hagyom\u00e1nyos csal\u00e1di SUV-v\u00e1 alakult. A k\u00fcl\u00f6nb\u00f6z\u0151 v\u00e1ltozataiban a Forester megmaradt eredeti c\u00e9lj\u00e1n\u00e1l: olyan tart\u00f3s csal\u00e1di j\u00e1rm\u0171vet k\u00edn\u00e1l, amelyet nem befoly\u00e1solnak az extr\u00e9m id\u0151j\u00e1r\u00e1si k\u00f6r\u00fclm\u00e9nyek, s\u00e1ros f\u00f6ldek vagy meredek farmutak.<br \/>\nLegjobb 4&#215;4-es \u00e9s terepj\u00e1r\u00f3 aut\u00f3k 2025-\u00f6s v\u00e1s\u00e1rl\u00e1si list\u00e1n<br \/>\nA Forester most m\u00e1r az \u00f6t\u00f6dik gener\u00e1ci\u00f3j\u00e1n\u00e1l tart, \u00e9s egy l\u00e9p\u00e9ssel felfel\u00e9 l\u00e9pett az \u00e1rkateg\u00f3ri\u00e1ban, jav\u00edtott bels\u0151 t\u00e9rmin\u0151s\u00e9ggel, infotainment rendszerrel \u00e9s k\u00f6z\u00fati menetdinamik\u00e1val. A 2023-as friss\u00edt\u00e9s \u00fajabb biztons\u00e1gi funkci\u00f3kat, bels\u0151 technol\u00f3giai fejleszt\u00e9seket \u00e9s n\u00e9h\u00e1ny mechanikai m\u00f3dos\u00edt\u00e1st, valamint eszt\u00e9tikai v\u00e1ltoztat\u00e1sokat hozott.<\/p>\n","protected":false},"excerpt":{"rendered":"<p>A sz\u00ednm\u0171v\u00e9sz visszavonul\u00e1sa nem \u00e9rkezett v\u00e1ratlanul: kor\u00e1bban t\u00f6bbsz\u00f6r is utalt arra, hogy 65 \u00e9ves kora ut\u00e1n m\u00e1r nem szeretne \u00faj&#8230; <span class=\"gridview-grid-post-read-more\"><a href=\"https:\/\/matrend.hu\/nekedinfo\/tobbe-mar-nem-all-szinpadra-csuja-imre\/\">read more<span class=\"gridview-sr-only\"> T\u00f6bb\u00e9 m\u00e1r nem \u00e1ll sz\u00ednpadra Csuja Imre.<\/span><\/a><\/span><\/p>\n","protected":false},"author":1,"featured_media":2563,"comment_status":"open","ping_status":"open","sticky":false,"template":"","format":"standard","meta":{"footnotes":""},"categories":[1],"tags":[],"class_list":["post-2562","post","type-post","status-publish","format-standard","has-post-thumbnail","hentry","category-egyeb","wpcat-1-id"],"_links":{"self":[{"href":"https:\/\/matrend.hu\/nekedinfo\/wp-json\/wp\/v2\/posts\/2562","targetHints":{"allow":["GET"]}}],"collection":[{"href":"https:\/\/matrend.hu\/nekedinfo\/wp-json\/wp\/v2\/posts"}],"about":[{"href":"https:\/\/matrend.hu\/nekedinfo\/wp-json\/wp\/v2\/types\/post"}],"author":[{"embeddable":true,"href":"https:\/\/matrend.hu\/nekedinfo\/wp-json\/wp\/v2\/users\/1"}],"replies":[{"embeddable":true,"href":"https:\/\/matrend.hu\/nekedinfo\/wp-json\/wp\/v2\/comments?post=2562"}],"version-history":[{"count":1,"href":"https:\/\/matrend.hu\/nekedinfo\/wp-json\/wp\/v2\/posts\/2562\/revisions"}],"predecessor-version":[{"id":2564,"href":"https:\/\/matrend.hu\/nekedinfo\/wp-json\/wp\/v2\/posts\/2562\/revisions\/2564"}],"wp:featuredmedia":[{"embeddable":true,"href":"https:\/\/matrend.hu\/nekedinfo\/wp-json\/wp\/v2\/media\/2563"}],"wp:attachment":[{"href":"https:\/\/matrend.hu\/nekedinfo\/wp-json\/wp\/v2\/media?parent=2562"}],"wp:term":[{"taxonomy":"category","embeddable":true,"href":"https:\/\/matrend.hu\/nekedinfo\/wp-json\/wp\/v2\/categories?post=2562"},{"taxonomy":"post_tag","embeddable":true,"href":"https:\/\/matrend.hu\/nekedinfo\/wp-json\/wp\/v2\/tags?post=2562"}],"curies":[{"name":"wp","href":"https:\/\/api.w.org\/{rel}","templated":true}]}}