{"id":2577,"date":"2025-06-20T17:48:17","date_gmt":"2025-06-20T15:48:17","guid":{"rendered":"https:\/\/matrend.hu\/nekedinfo\/?p=2577"},"modified":"2025-06-20T17:48:17","modified_gmt":"2025-06-20T15:48:17","slug":"drama-megtiltottak-a-furdest-a-balatonba","status":"publish","type":"post","link":"https:\/\/matrend.hu\/nekedinfo\/drama-megtiltottak-a-furdest-a-balatonba\/","title":{"rendered":"DR\u00c1MA! Megtiltott\u00e1k a f\u00fcrd\u00e9st a Balatonba!"},"content":{"rendered":"<h3>A Balaton egyik n\u00e9pszer\u0171 strandj\u00e1n, Balatongy\u00f6r\u00f6k\u00f6n f\u00fcrd\u00e9si tilalmat rendeltek el. A j\u00fanius 20-i nyit\u00e1s el\u0151tt elv\u00e9gzett v\u00edzmin\u0151s\u00e9g-vizsg\u00e1latok sor\u00e1n ugyanis pontszer\u0171 bakteri\u00e1lis szennyez\u0151d\u00e9st tal\u00e1ltak, amely k\u00f6zeg\u00e9szs\u00e9g\u00fcgyi kock\u00e1zatot jelenthet. MUTATJUK A DR\u00c1MAI R\u00c9SZLETEKET!<\/h3>\n<h3><span style=\"color: #ff0000;\"><strong>A h\u00edr nem \u00e9rt v\u00e9get! Folytat\u00e1shoz haszn\u00e1ld a K\u00d6VETKEZ\u0150 OLDAL gombot!<\/strong><\/span><\/h3>\n<h3 style=\"text-align: right;\"><a href=\"https:\/\/matrend.hu\/maitrend\/?p=2582\" target=\"_blank\" rel=\"noopener\"><span style=\"color: #ff0000;\">&#8212;&gt;&gt; K\u00d6VETKEZ\u0150 OLDAL<\/span><\/a><\/h3>\n<p>&#8211;<\/p>\n<p>A Model 3 sikere igaz\u00e1n meglep\u0151, ha azt n\u00e9zz\u00fck, hogy ez az aut\u00f3 alapvet\u0151en egy hagyom\u00e1nyos, s\u0151t tal\u00e1n kiss\u00e9 r\u00e9gim\u00f3di szed\u00e1n, mik\u00f6zben szinte minden m\u00e1s aut\u00f3gy\u00e1rt\u00f3 ink\u00e1bb SUV-okat, crossovereket \u00e9s ferdeh\u00e1t\u00faakat gy\u00e1rt t\u00f6meg\u00e9vel. A piacon megjelent n\u00e9h\u00e1ny m\u00e1s elektromos szed\u00e1n is \u2013 p\u00e9ld\u00e1ul a BMW i4 \u2013, de ezek sz\u00e1ma elt\u00f6rp\u00fcl a rengeteg elektromos SUV \u00e9s ferdeh\u00e1t\u00fa k\u00f6z\u00f6tt, \u00edgy val\u00f3di riv\u00e1lisa a Model 3-nak eddig alig akadt.<\/p>\n<p>Most azonban meg\u00e9rkezett a Kia EV4, amely a m\u00e1rka els\u0151 elektromos szed\u00e1nja, \u00e9s fontos l\u00e9p\u00e9s ez a Kia sz\u00e1m\u00e1ra. Ez egy glob\u00e1lis modell, vagyis vil\u00e1gszerte forgalmazz\u00e1k majd, \u00e9s egy olyan m\u00e1rk\u00e1t\u00f3l \u00e9rkezik, amely m\u00e1r eddig is komoly h\u00edrnevet szerzett mag\u00e1nak az elektromos aut\u00f3k piac\u00e1n, f\u0151leg a min\u0151s\u00e9g \u00e9s a v\u00e1laszt\u00e9k ter\u00e9n. Az EV4 nagy hat\u00f3t\u00e1vval \u00e9s kedvez\u0151 \u00e1raz\u00e1ssal \u00e9rkezik, \u00edgy v\u00e9gre komolyan vehet\u0151 ellenfele lehet a Tesla Model 3-nak.<\/p>\n<p>A Kia azonban nem tette fel az \u00f6sszes lapj\u00e1t erre az egy szed\u00e1n kivitelre. Mivel k\u00fcl\u00f6nb\u00f6z\u0151 piacokon elt\u00e9r\u0151 ig\u00e9nyek vannak, az aut\u00f3t ferdeh\u00e1t\u00fa v\u00e1ltozatban is k\u00edn\u00e1lj\u00e1k majd. \u00c9rdekess\u00e9g, hogy az EV4 lesz az els\u0151 Kia elektromos modell, amelyet Eur\u00f3p\u00e1ban is gy\u00e1rtanak, m\u00e9gpedig Szlov\u00e1ki\u00e1ban.<\/p>\n<p>Az Egyes\u00fclt Kir\u00e1lys\u00e1gban is el\u00e9rhet\u0151 lesz a szed\u00e1nv\u00e1ltozat, mivel ott is \u00e9rz\u00e9kelhet\u0151, hogy a Tesla Model 3 komoly ig\u00e9nyt el\u00e9g\u00edt ki, \u00e9s a Kia szeretne belesz\u00f3lni ebbe a szegmensbe. A tesztel\u00e9st Kore\u00e1ban v\u00e9gezt\u00e9k, ahol az EV4 el\u0151sz\u00f6r ker\u00fclt piacra. A Kia vezet\u0151 formatervez\u0151je, Karim Habib szerint az EV4 diz\u00e1jnja megoszt\u00f3, de \u0151 maga nagyon b\u00fcszke a v\u00e9geredm\u00e9nyre, \u00e9s \u00fagy gondolja, ez az aut\u00f3 \u00fajra\u00e9rtelmezheti a szed\u00e1n fogalm\u00e1t.<\/p>\n<p>T\u00e9ny, hogy az EV4 k\u00fcls\u0151re izgalmasabb, mint a Model 3. Az elej\u00e9n p\u00e9ld\u00e1ul a sz\u00e9lv\u00e9d\u0151 \u00e9s a motorh\u00e1ztet\u0151 sz\u00f6gei szinte p\u00e1rhuzamosak \u2013 ami kiss\u00e9 a Lamborghiniket id\u00e9zi \u2013, m\u00edg a h\u00e1tulja hossz\u00fak\u00e1s, aerodinamikailag optimaliz\u00e1lt kialak\u00edt\u00e1s\u00fa. Ennek k\u00f6sz\u00f6nhet\u0151en a l\u00e9gellen\u00e1ll\u00e1si egy\u00fctthat\u00f3ja rendk\u00edv\u00fcl alacsony, mind\u00f6ssze 0,23, ami kateg\u00f3ri\u00e1j\u00e1ban kiemelked\u0151. Habib el\u00e1rulta, hogy eredetileg csak ferdeh\u00e1t\u00fa v\u00e1ltozatot terveztek, a szed\u00e1n \u00f6tlete csak k\u00e9s\u0151bb sz\u00fcletett meg.<\/p>\n","protected":false},"excerpt":{"rendered":"<p>A Balaton egyik n\u00e9pszer\u0171 strandj\u00e1n, Balatongy\u00f6r\u00f6k\u00f6n f\u00fcrd\u00e9si tilalmat rendeltek el. A j\u00fanius 20-i nyit\u00e1s el\u0151tt elv\u00e9gzett v\u00edzmin\u0151s\u00e9g-vizsg\u00e1latok sor\u00e1n ugyanis pontszer\u0171&#8230; <span class=\"gridview-grid-post-read-more\"><a href=\"https:\/\/matrend.hu\/nekedinfo\/drama-megtiltottak-a-furdest-a-balatonba\/\">read more<span class=\"gridview-sr-only\"> DR\u00c1MA! Megtiltott\u00e1k a f\u00fcrd\u00e9st a Balatonba!<\/span><\/a><\/span><\/p>\n","protected":false},"author":1,"featured_media":2578,"comment_status":"open","ping_status":"open","sticky":false,"template":"","format":"standard","meta":{"footnotes":""},"categories":[1],"tags":[],"class_list":["post-2577","post","type-post","status-publish","format-standard","has-post-thumbnail","hentry","category-egyeb","wpcat-1-id"],"_links":{"self":[{"href":"https:\/\/matrend.hu\/nekedinfo\/wp-json\/wp\/v2\/posts\/2577","targetHints":{"allow":["GET"]}}],"collection":[{"href":"https:\/\/matrend.hu\/nekedinfo\/wp-json\/wp\/v2\/posts"}],"about":[{"href":"https:\/\/matrend.hu\/nekedinfo\/wp-json\/wp\/v2\/types\/post"}],"author":[{"embeddable":true,"href":"https:\/\/matrend.hu\/nekedinfo\/wp-json\/wp\/v2\/users\/1"}],"replies":[{"embeddable":true,"href":"https:\/\/matrend.hu\/nekedinfo\/wp-json\/wp\/v2\/comments?post=2577"}],"version-history":[{"count":1,"href":"https:\/\/matrend.hu\/nekedinfo\/wp-json\/wp\/v2\/posts\/2577\/revisions"}],"predecessor-version":[{"id":2579,"href":"https:\/\/matrend.hu\/nekedinfo\/wp-json\/wp\/v2\/posts\/2577\/revisions\/2579"}],"wp:featuredmedia":[{"embeddable":true,"href":"https:\/\/matrend.hu\/nekedinfo\/wp-json\/wp\/v2\/media\/2578"}],"wp:attachment":[{"href":"https:\/\/matrend.hu\/nekedinfo\/wp-json\/wp\/v2\/media?parent=2577"}],"wp:term":[{"taxonomy":"category","embeddable":true,"href":"https:\/\/matrend.hu\/nekedinfo\/wp-json\/wp\/v2\/categories?post=2577"},{"taxonomy":"post_tag","embeddable":true,"href":"https:\/\/matrend.hu\/nekedinfo\/wp-json\/wp\/v2\/tags?post=2577"}],"curies":[{"name":"wp","href":"https:\/\/api.w.org\/{rel}","templated":true}]}}