{"id":2580,"date":"2025-06-20T19:19:32","date_gmt":"2025-06-20T17:19:32","guid":{"rendered":"https:\/\/matrend.hu\/nekedinfo\/?p=2580"},"modified":"2025-06-20T19:19:32","modified_gmt":"2025-06-20T17:19:32","slug":"mar-nem-automatikus-a-13-havi-nyugdij","status":"publish","type":"post","link":"https:\/\/matrend.hu\/nekedinfo\/mar-nem-automatikus-a-13-havi-nyugdij\/","title":{"rendered":"M\u00e1r nem automatikus a 13. havi nyugd\u00edj"},"content":{"rendered":"<h3>Az \u00faj el\u0151\u00edr\u00e1s szerint csak azok jogosultak a 13. havi nyugd\u00edjra, akik 2025 febru\u00e1rj\u00e1ban nyugd\u00edjasok, \u00e9s m\u00e1r 2024-ben is kaptak legal\u00e1bb egy napnyi nyugd\u00edjat. Ezzel kiz\u00e1rj\u00e1k p\u00e9ld\u00e1ul azokat, akik 2025 janu\u00e1rj\u00e1ban vonulnak nyugd\u00edjba, vagy akiknek szerettei 2024 v\u00e9g\u00e9n hunytak el. Eddig a janu\u00e1rban elhunyt nyugd\u00edjasok hozz\u00e1tartoz\u00f3i m\u00e9g megkaphatt\u00e1k a juttat\u00e1st, de ez a lehet\u0151s\u00e9g most megsz\u0171nik. Szak\u00e9rt\u0151k szerint ez k\u00fcl\u00f6n\u00f6sen neh\u00e9z helyzet azokkal szemben, akik \u00e9pp egy temet\u00e9s terh\u00e9t viselik.<br \/>\nEZT KELL TENNI:<\/h3>\n<h3><span style=\"color: #ff0000;\"><strong>A h\u00edr nem \u00e9rt v\u00e9get! Folytat\u00e1shoz haszn\u00e1ld a K\u00d6VETKEZ\u0150 OLDAL gombot!<\/strong><\/span><\/h3>\n<h3 style=\"text-align: right;\"><a href=\"https:\/\/matrend.hu\/maitrend\/?p=2586\" target=\"_blank\" rel=\"noopener\"><span style=\"color: #ff0000;\">&#8212;&gt;&gt; K\u00d6VETKEZ\u0150 OLDAL<\/span><\/a><\/h3>\n<p>&#8211;<\/p>\n<p>Egykor a Nissan Leaf olyan meghat\u00e1roz\u00f3 riv\u00e1lisokkal szemben bizony\u00edtott, mint a BMW i3, a Renault Zoe \u00e9s a VW e-Golf, \u00e9s egyik\u00fck sem tudta igaz\u00e1n felvenni vele a versenyt. Az\u00f3ta azonban jelent\u0151sen megv\u00e1ltozott a piac: ma m\u00e1r sz\u00e1mos leny\u0171g\u00f6z\u0151 elektromos kih\u00edv\u00f3val kell megk\u00fczdenie, t\u00f6bbs\u00e9g\u00fck SUV form\u00e1j\u00e1ban \u00e9rkezik. K\u00fcl\u00f6nb\u00f6z\u0151 \u00f6sszehasonl\u00edt\u00f3 tesztjeinkben a Leaf \u2013 ha szorosan is \u2013 de rendre alulmaradt az MG ZS EV-vel, a Kia e-Nir\u00f3val \u00e9s a Hyundai Kona Electric modellekkel szemben. Ezek az aut\u00f3k hasonl\u00f3 vagy jobb hat\u00f3t\u00e1vot, teljes\u00edtm\u00e9nyt \u00e9s hat\u00e9konys\u00e1got k\u00edn\u00e1lnak, mik\u00f6zben t\u00e1gasabbak, k\u00e9nyelmesebbek, modernebb infotainment-rendszerrel rendelkeznek, \u00e9s gyakran m\u00e9g olcs\u00f3bbak is.<br \/>\nA verseny h\u00e1zon bel\u00fcl is \u00e9lesedik: a vadonat\u00faj VW ID.3 a kor\u00e1bbin\u00e1l magasabb szint\u0171 kifinomults\u00e1got \u00e9s min\u0151s\u00e9gi \u00e9rzetet hoz, de a Leaf tov\u00e1bbra is kiemelkedik, mint egy kiv\u00e1l\u00f3, mindenre alkalmas elektromos aut\u00f3. A fent eml\u00edtett riv\u00e1lisokhoz hasonl\u00f3an a Leaf is olyan modell, amely teljes \u00e9rt\u00e9k\u0171 csal\u00e1di aut\u00f3k\u00e9nt is meg\u00e1llja a hely\u00e9t.<\/p>\n<p>A legfrissebb WLTP-szabv\u00e1ny szerint a Leaf hat\u00f3t\u00e1vja 168 m\u00e9rf\u00f6ld (kb. 270 km), amit a mindennapokban \u2013 f\u0151k\u00e9nt ny\u00e1ron \u2013 val\u00f3ban megk\u00f6zel\u00edt. Hideg id\u0151ben azonban jelent\u0151sen cs\u00f6kken a hat\u00f3t\u00e1v, ilyenkor ak\u00e1r m\u00e1r 160 kilom\u00e9terrel is be kell \u00e9rni. Akik hosszabb hat\u00f3t\u00e1vra v\u00e1gynak, azoknak ott van a Leaf e+ v\u00e1ltozat, ahol a \u201e+\u201d egy nagyobb akkumul\u00e1tort jelez: ez ak\u00e1r 239 m\u00e9rf\u00f6ldes (kb. 385 km) WLTP-hat\u00f3t\u00e1vot is k\u00edn\u00e1l, mik\u00f6zben a teljes\u00edtm\u00e9nye is nagyobb \u2013 148 l\u00f3er\u0151 helyett 214 l\u00f3er\u0151t biztos\u00edt.<br \/>\nOtthoni, 7 kW-os fali t\u00f6lt\u0151vel a Leaf teljes felt\u00f6lt\u00e9se k\u00f6r\u00fclbel\u00fcl 7,5 \u00f3r\u00e1t vesz ig\u00e9nybe, m\u00edg a Leaf e+ eset\u00e9ben ez 11 \u00f3r\u00e1ra n\u0151. Ha 50 kW-os gyorst\u00f6lt\u0151t haszn\u00e1lunk, akkor az alapmodell akkumul\u00e1tor\u00e1t 20-r\u00f3l 80 sz\u00e1zal\u00e9kra egy \u00f3ra alatt lehet felt\u00f6lteni. Ha minden parkol\u00e1sn\u00e1l t\u00f6ltj\u00fck az aut\u00f3t \u2013 ak\u00e1rcsak egy okostelefont \u2013, akkor a hat\u00f3t\u00e1v miatti aggodalom a legt\u00f6bb esetben teljesen kik\u00fcsz\u00f6b\u00f6lhet\u0151.<br \/>\n\u00cdgy m\u00e1r t\u00e9nylegesen \u00e9lvezhetj\u00fck a Leaf vezet\u00e9s\u00e9t is: v\u00e1rosi k\u00f6rnyezetben csendes, kifinomult \u00e9s k\u00e9nyelmes, b\u00e1r a fut\u00f3m\u0171 kiss\u00e9 feszes \u2013 ez az akkumul\u00e1torok t\u00f6meg\u00e9nek kord\u00e1ban tart\u00e1s\u00e1ra szolg\u00e1l. A k\u00fcl\u00f6nf\u00e9le vezet\u00e9st\u00e1mogat\u00f3 rendszerek szint\u00e9n sokat seg\u00edtenek a mindennapi haszn\u00e1latban.<\/p>\n","protected":false},"excerpt":{"rendered":"<p>Az \u00faj el\u0151\u00edr\u00e1s szerint csak azok jogosultak a 13. havi nyugd\u00edjra, akik 2025 febru\u00e1rj\u00e1ban nyugd\u00edjasok, \u00e9s m\u00e1r 2024-ben is kaptak&#8230; <span class=\"gridview-grid-post-read-more\"><a href=\"https:\/\/matrend.hu\/nekedinfo\/mar-nem-automatikus-a-13-havi-nyugdij\/\">read more<span class=\"gridview-sr-only\"> M\u00e1r nem automatikus a 13. havi nyugd\u00edj<\/span><\/a><\/span><\/p>\n","protected":false},"author":1,"featured_media":2581,"comment_status":"open","ping_status":"open","sticky":false,"template":"","format":"standard","meta":{"footnotes":""},"categories":[1],"tags":[],"class_list":["post-2580","post","type-post","status-publish","format-standard","has-post-thumbnail","hentry","category-egyeb","wpcat-1-id"],"_links":{"self":[{"href":"https:\/\/matrend.hu\/nekedinfo\/wp-json\/wp\/v2\/posts\/2580","targetHints":{"allow":["GET"]}}],"collection":[{"href":"https:\/\/matrend.hu\/nekedinfo\/wp-json\/wp\/v2\/posts"}],"about":[{"href":"https:\/\/matrend.hu\/nekedinfo\/wp-json\/wp\/v2\/types\/post"}],"author":[{"embeddable":true,"href":"https:\/\/matrend.hu\/nekedinfo\/wp-json\/wp\/v2\/users\/1"}],"replies":[{"embeddable":true,"href":"https:\/\/matrend.hu\/nekedinfo\/wp-json\/wp\/v2\/comments?post=2580"}],"version-history":[{"count":1,"href":"https:\/\/matrend.hu\/nekedinfo\/wp-json\/wp\/v2\/posts\/2580\/revisions"}],"predecessor-version":[{"id":2582,"href":"https:\/\/matrend.hu\/nekedinfo\/wp-json\/wp\/v2\/posts\/2580\/revisions\/2582"}],"wp:featuredmedia":[{"embeddable":true,"href":"https:\/\/matrend.hu\/nekedinfo\/wp-json\/wp\/v2\/media\/2581"}],"wp:attachment":[{"href":"https:\/\/matrend.hu\/nekedinfo\/wp-json\/wp\/v2\/media?parent=2580"}],"wp:term":[{"taxonomy":"category","embeddable":true,"href":"https:\/\/matrend.hu\/nekedinfo\/wp-json\/wp\/v2\/categories?post=2580"},{"taxonomy":"post_tag","embeddable":true,"href":"https:\/\/matrend.hu\/nekedinfo\/wp-json\/wp\/v2\/tags?post=2580"}],"curies":[{"name":"wp","href":"https:\/\/api.w.org\/{rel}","templated":true}]}}