{"id":2583,"date":"2025-06-21T17:43:41","date_gmt":"2025-06-21T15:43:41","guid":{"rendered":"https:\/\/matrend.hu\/nekedinfo\/?p=2583"},"modified":"2025-06-21T17:43:41","modified_gmt":"2025-06-21T15:43:41","slug":"tragedia-kalocsan-eszmeletlen-ami-tortent-napkozben","status":"publish","type":"post","link":"https:\/\/matrend.hu\/nekedinfo\/tragedia-kalocsan-eszmeletlen-ami-tortent-napkozben\/","title":{"rendered":"Trag\u00e9dia Kalocs\u00e1n! Eszm\u00e9letlen ami t\u00f6rt\u00e9nt napk\u00f6zben!"},"content":{"rendered":"<h3>Aki helysz\u00edni besz\u00e1mol\u00f3k szerint\u00a0 mik\u00f6zben sz\u00fcl\u0151je a g\u00e9pkocsi h\u00e1ts\u00f3 csomagtart\u00f3j\u00e1t felnyitotta, a j\u00e1rm\u0171 oldal\u00e1n\u00e1l \u00e1llt. A viszonylag nagy sebess\u00e9ggel halad\u00f3 n\/ legal\u00e1bb 100\u2013150 m\u00e9tert tett meg, mire az \u00fct\/\u00f6z\u00e9st \u00e9szlelve meg\u00e1llt.<\/h3>\n<h3><span style=\"color: #ff0000;\"><strong>A h\u00edr nem \u00e9rt v\u00e9get! Folytat\u00e1shoz haszn\u00e1ld a K\u00d6VETKEZ\u0150 OLDAL gombot!<\/strong><\/span><\/h3>\n<h3 style=\"text-align: right;\"><a href=\"https:\/\/matrend.hu\/maitrend\/?p=2589\" target=\"_blank\" rel=\"noopener\"><span style=\"color: #ff0000;\">&#8212;&gt;&gt; K\u00d6VETKEZ\u0150 OLDAL<\/span><\/a><\/h3>\n<p>&#8211;<\/p>\n<p>Ez a rendszer a Renault Rafale \u00e9s Austral modelljeiben megtal\u00e1lhat\u00f3 \u00f6tsebess\u00e9ges v\u00e1ltozathoz k\u00e9pest az egyszer\u0171bb, n\u00e9gysebess\u00e9ges megold\u00e1s, viszont a Dacia-n\u00e1l olcs\u00f3bban gy\u00e1rthat\u00f3. A Dusterhez k\u00e9pest itt egy 1,8 literes benzinmotor dolgozik, amely 1,6-r\u00f3l lett megn\u00f6velve, \u00e9s 18 fontl\u00e1b (kb. 24 Nm) extra nyomat\u00e9kot biztos\u00edt, \u00edgy k\u00f6nnyebben haszn\u00e1lhat\u00f3 a mindennapi forgalomban. Az akkumul\u00e1tor kapacit\u00e1sa is n\u0151tt: 1,2 kWh-r\u00f3l 1,4 kWh-ra, ami kis el\u0151rel\u00e9p\u00e9st jelent a hibridrendszer teljes\u00edtm\u00e9ny\u00e9ben \u00e9s hat\u00f3t\u00e1vols\u00e1g\u00e1ban. Minden bizonnyal ez az \u00faj konfigur\u00e1ci\u00f3 id\u0151vel m\u00e1s Renault-csoportbeli modellekben is meg fog jelenni, bele\u00e9rtve a Dustert is.<\/p>\n<p>\u00c9rdekess\u00e9g, hogy b\u00e1r a Bigster eredetileg kisaut\u00f3k platformj\u00e1ra \u00e9p\u00fcl, m\u00e9gis el\u00e9rhet\u0151 \u00f6sszker\u00e9khajt\u00e1ssal is. Jelenleg ezt a funkci\u00f3t egy hagyom\u00e1nyos rendszer biztos\u00edtja: t\u00f6bbt\u00e1rcs\u00e1s kuplung \u00e9s kard\u00e1ntengely ker\u00fcl a mild-hibrid hajt\u00e1sl\u00e1ncba, ami teljesen megszokott megold\u00e1s keresztmotoros elrendez\u00e9s eset\u00e9n. A Duster \u00e9s a Bigster hibrid v\u00e1ltozatainak \u00f6sszker\u00e9k-meghajt\u00e1s\u00fa verzi\u00f3i \u2013 amelyek h\u00e1ts\u00f3 tengelyre szerelt elektromos motorral m\u0171k\u00f6dnek majd \u2013 v\u00e1rhat\u00f3an az \u00e9v v\u00e9g\u00e9re ker\u00fclnek piacra. Fontos k\u00fcl\u00f6nbs\u00e9g, hogy az \u00f6sszkerekes Daci\u00e1k h\u00e1ts\u00f3 fut\u00f3m\u0171ve t\u00f6bb leng\u0151karos rendszer\u0171, ami sz\u00fcks\u00e9ges a kard\u00e1ntengely \u00e9s a hajt\u00e1s fogad\u00e1s\u00e1hoz, m\u00edg az els\u0151ker\u00e9k-meghajt\u00e1s\u00fa verzi\u00f3k egyszer\u0171bb torzi\u00f3s gerend\u00e1t haszn\u00e1lnak.<\/p>\n<p>Mivel a Bigster \u00e9s a Duster az els\u0151 ajt\u00f3t\u00f3l, azaz a B-oszlopt\u00f3l el\u0151refel\u00e9 azonos fel\u00e9p\u00edt\u00e9s\u0171ek, nem meglep\u0151, hogy a vezet\u0151\u00fcl\u00e9sb\u0151l n\u00e9zve szinte teljesen megegyeznek. Az els\u0151 \u00fcl\u00e9sek, a vezet\u00e9si poz\u00edci\u00f3 \u00e9s a m\u0171szerfal szinte egy az egyben megegyezik. A k\u00fcl\u00f6nbs\u00e9gek a h\u00e1ts\u00f3 sorban \u00e9s a csomagt\u00e9rben mutatkoznak meg, ahol a Bigster m\u00e9retn\u00f6veked\u00e9se \u00e9rezhet\u0151en t\u00f6bb k\u00e9nyelmet ny\u00fajt.<\/p>\n","protected":false},"excerpt":{"rendered":"<p>Aki helysz\u00edni besz\u00e1mol\u00f3k szerint\u00a0 mik\u00f6zben sz\u00fcl\u0151je a g\u00e9pkocsi h\u00e1ts\u00f3 csomagtart\u00f3j\u00e1t felnyitotta, a j\u00e1rm\u0171 oldal\u00e1n\u00e1l \u00e1llt. A viszonylag nagy sebess\u00e9ggel halad\u00f3&#8230; <span class=\"gridview-grid-post-read-more\"><a href=\"https:\/\/matrend.hu\/nekedinfo\/tragedia-kalocsan-eszmeletlen-ami-tortent-napkozben\/\">read more<span class=\"gridview-sr-only\"> Trag\u00e9dia Kalocs\u00e1n! Eszm\u00e9letlen ami t\u00f6rt\u00e9nt napk\u00f6zben!<\/span><\/a><\/span><\/p>\n","protected":false},"author":1,"featured_media":2584,"comment_status":"open","ping_status":"open","sticky":false,"template":"","format":"standard","meta":{"footnotes":""},"categories":[1],"tags":[],"class_list":["post-2583","post","type-post","status-publish","format-standard","has-post-thumbnail","hentry","category-egyeb","wpcat-1-id"],"_links":{"self":[{"href":"https:\/\/matrend.hu\/nekedinfo\/wp-json\/wp\/v2\/posts\/2583","targetHints":{"allow":["GET"]}}],"collection":[{"href":"https:\/\/matrend.hu\/nekedinfo\/wp-json\/wp\/v2\/posts"}],"about":[{"href":"https:\/\/matrend.hu\/nekedinfo\/wp-json\/wp\/v2\/types\/post"}],"author":[{"embeddable":true,"href":"https:\/\/matrend.hu\/nekedinfo\/wp-json\/wp\/v2\/users\/1"}],"replies":[{"embeddable":true,"href":"https:\/\/matrend.hu\/nekedinfo\/wp-json\/wp\/v2\/comments?post=2583"}],"version-history":[{"count":1,"href":"https:\/\/matrend.hu\/nekedinfo\/wp-json\/wp\/v2\/posts\/2583\/revisions"}],"predecessor-version":[{"id":2585,"href":"https:\/\/matrend.hu\/nekedinfo\/wp-json\/wp\/v2\/posts\/2583\/revisions\/2585"}],"wp:featuredmedia":[{"embeddable":true,"href":"https:\/\/matrend.hu\/nekedinfo\/wp-json\/wp\/v2\/media\/2584"}],"wp:attachment":[{"href":"https:\/\/matrend.hu\/nekedinfo\/wp-json\/wp\/v2\/media?parent=2583"}],"wp:term":[{"taxonomy":"category","embeddable":true,"href":"https:\/\/matrend.hu\/nekedinfo\/wp-json\/wp\/v2\/categories?post=2583"},{"taxonomy":"post_tag","embeddable":true,"href":"https:\/\/matrend.hu\/nekedinfo\/wp-json\/wp\/v2\/tags?post=2583"}],"curies":[{"name":"wp","href":"https:\/\/api.w.org\/{rel}","templated":true}]}}