{"id":2586,"date":"2025-06-21T19:02:43","date_gmt":"2025-06-21T17:02:43","guid":{"rendered":"https:\/\/matrend.hu\/nekedinfo\/?p=2586"},"modified":"2025-06-21T19:07:41","modified_gmt":"2025-06-21T17:07:41","slug":"gyasz-hir-orokre-elbucsuzott-keresztes-ildiko","status":"publish","type":"post","link":"https:\/\/matrend.hu\/nekedinfo\/gyasz-hir-orokre-elbucsuzott-keresztes-ildiko\/","title":{"rendered":"Gy\u00e1sz h\u00edr: \u00d6r\u00f6kre elb\u00facs\u00fazott Keresztes Ildik\u00f3"},"content":{"rendered":"<h3>A tal\u00e1lgat\u00e1sok hamar egy ir\u00e1nyba mutattak, \u00e9s a kommentekb\u0151l is egyre t\u00f6bb r\u00e9szv\u00e9tet lehetett kiolvasni: szerettei szerint Keresztes Ildik\u00f3 az \u00e9desanyj\u00e1t vesz\u00edtette el. A h\u00edrt hivatalosan nem er\u0151s\u00edtette meg, de a gy\u00e1szol\u00f3 sorok, az egy\u00fctt\u00e9rz\u0151 \u00fczenetek \u00e9s a kor\u00e1bbi nyilatkozatai alapj\u00e1n sokan biztosra veszik a trag\u00e9di\u00e1t. Az egyik hozz\u00e1sz\u00f3l\u00e1s \u00edgy fogalmazott: \u201eSancik\u00e1m, anyuk\u00e1d sz\u00e1munkra is csal\u00e1dtag volt. B\u00e1r fizikailag m\u00e1r nincs vel\u00fcnk, \u00f6r\u00f6kre veled marad, ahogyan mi is.\u201d A k\u00f6zeli bar\u00e1tok \u00e9s rajong\u00f3k sz\u00e1z\u00e1val fejezt\u00e9k ki r\u00e9szv\u00e9t\u00fcket. Keresztes Ildik\u00f3 is \u00d6r\u00f6kre elb\u00facs\u00fazott \u00e9desanyj\u00e1t\u00f3l.<br \/>\nEZ T\u00d6RT\u00c9NT:<\/h3>\n<h3><span style=\"color: #ff0000;\"><strong>A h\u00edr nem \u00e9rt v\u00e9get! Folytat\u00e1shoz haszn\u00e1ld a K\u00d6VETKEZ\u0150 OLDAL gombot!<\/strong><\/span><\/h3>\n<h3 style=\"text-align: right;\"><a href=\"https:\/\/matrend.hu\/maitrend\/?p=2592\" target=\"_blank\" rel=\"noopener\"><span style=\"color: #ff0000;\">&#8212;&gt;&gt; K\u00d6VETKEZ\u0150 OLDAL<\/span><\/a><\/h3>\n<p>&#8211;<\/p>\n<p>A hagyom\u00e1nyos hibrid v\u00e1ltozatban a Hyundai hatfokozat\u00fa duplakuplungos automata v\u00e1lt\u00f3ja tisztess\u00e9ges munk\u00e1t v\u00e9gez, hogy kiakn\u00e1zza a hajt\u00e1sl\u00e1nc erej\u00e9t menet k\u00f6zben. \u00d6t\u00f6dik \u00e9s hatodik fokozatban \u00e9rezhet\u0151 legink\u00e1bb az elektromos motor 170 Nm-es nyomat\u00e9ka, ugyanis amikor az aut\u00f3 alacsony fordulatsz\u00e1mon halad, az akkumul\u00e1tor \u00e9s a villanymotor t\u00e1mogat\u00e1sa gondoskodik arr\u00f3l, hogy az Ioniq egyenes \u00faton is kell\u0151en f\u00fcrg\u00e9nek hasson.<br \/>\nA benzines motor gyorsan bekapcsol, m\u00e9g akkor is, ha csak enyh\u00e9n nyomjuk a g\u00e1zt. B\u00e1r a Hyundai azt \u00e1ll\u00edtja, hogy az aut\u00f3 ak\u00e1r 120 km\/h-s (75 mph) sebess\u00e9ggel is k\u00e9pes kiz\u00e1r\u00f3lag elektromos hajt\u00e1ssal haladni, a val\u00f3s\u00e1gban neh\u00e9z ennyire felgyors\u00edtani an\u00e9lk\u00fcl, hogy a benzinmotor be ne l\u00e9pne a m\u0171k\u00f6d\u00e9sbe. A hibrid rendszer nyomat\u00e9ka k\u00fcl\u00f6n\u00f6sen elindul\u00e1skor \u00e9rezhet\u0151, amikor a villanymotor azonnali ereje k\u00f6nnyed\u00e9n megmozd\u00edtja az Ioniq 1.370 kg-os karossz\u00e9ri\u00e1j\u00e1t.<\/p>\n<p>Amikor a 1,6 literes benzinmotor bekapcsol, m\u0171k\u00f6d\u00e9se viszonylag kifinomult. Viszont ahogy a Toyota Prius eset\u00e9ben is, ha maxim\u00e1lis teljes\u00edtm\u00e9nyt k\u00e9r\u00fcnk az aut\u00f3t\u00f3l, a motor hangja zavar\u00f3an bet\u00f6lti az utasteret. A v\u00e1lt\u00f3 hat fokozata miatt az Ioniq vezet\u00e9si \u00e9lm\u00e9nye hasonl\u00edt a hagyom\u00e1nyos aut\u00f3k\u00e9hoz, \u00e9s b\u00e1r duplakuplungos egys\u00e9gr\u0151l van sz\u00f3, a kapcsol\u00e1sok nem olyan gyorsak, mint azt az ilyen t\u00edpus\u00fa v\u00e1lt\u00f3kt\u00f3l megszokhattuk. \u00c1ltal\u00e1ban el\u00e9g sim\u00e1n m\u0171k\u00f6dik, de v\u00e1rosi k\u00f6rnyezetben elektromos m\u00f3dban n\u00e9ha tapasztalhat\u00f3 n\u00e9mi r\u00e1ngat\u00e1s \u00e9s akadoz\u00e1s. Legal\u00e1bb az elektromos hajt\u00e1s ereje lehet\u0151v\u00e9 teszi a gyors \u00e9s hat\u00e9kony elindul\u00e1st.<\/p>\n","protected":false},"excerpt":{"rendered":"<p>A tal\u00e1lgat\u00e1sok hamar egy ir\u00e1nyba mutattak, \u00e9s a kommentekb\u0151l is egyre t\u00f6bb r\u00e9szv\u00e9tet lehetett kiolvasni: szerettei szerint Keresztes Ildik\u00f3 az&#8230; <span class=\"gridview-grid-post-read-more\"><a href=\"https:\/\/matrend.hu\/nekedinfo\/gyasz-hir-orokre-elbucsuzott-keresztes-ildiko\/\">read more<span class=\"gridview-sr-only\"> Gy\u00e1sz h\u00edr: \u00d6r\u00f6kre elb\u00facs\u00fazott Keresztes Ildik\u00f3<\/span><\/a><\/span><\/p>\n","protected":false},"author":1,"featured_media":2587,"comment_status":"open","ping_status":"open","sticky":false,"template":"","format":"standard","meta":{"footnotes":""},"categories":[1],"tags":[],"class_list":["post-2586","post","type-post","status-publish","format-standard","has-post-thumbnail","hentry","category-egyeb","wpcat-1-id"],"_links":{"self":[{"href":"https:\/\/matrend.hu\/nekedinfo\/wp-json\/wp\/v2\/posts\/2586","targetHints":{"allow":["GET"]}}],"collection":[{"href":"https:\/\/matrend.hu\/nekedinfo\/wp-json\/wp\/v2\/posts"}],"about":[{"href":"https:\/\/matrend.hu\/nekedinfo\/wp-json\/wp\/v2\/types\/post"}],"author":[{"embeddable":true,"href":"https:\/\/matrend.hu\/nekedinfo\/wp-json\/wp\/v2\/users\/1"}],"replies":[{"embeddable":true,"href":"https:\/\/matrend.hu\/nekedinfo\/wp-json\/wp\/v2\/comments?post=2586"}],"version-history":[{"count":2,"href":"https:\/\/matrend.hu\/nekedinfo\/wp-json\/wp\/v2\/posts\/2586\/revisions"}],"predecessor-version":[{"id":2589,"href":"https:\/\/matrend.hu\/nekedinfo\/wp-json\/wp\/v2\/posts\/2586\/revisions\/2589"}],"wp:featuredmedia":[{"embeddable":true,"href":"https:\/\/matrend.hu\/nekedinfo\/wp-json\/wp\/v2\/media\/2587"}],"wp:attachment":[{"href":"https:\/\/matrend.hu\/nekedinfo\/wp-json\/wp\/v2\/media?parent=2586"}],"wp:term":[{"taxonomy":"category","embeddable":true,"href":"https:\/\/matrend.hu\/nekedinfo\/wp-json\/wp\/v2\/categories?post=2586"},{"taxonomy":"post_tag","embeddable":true,"href":"https:\/\/matrend.hu\/nekedinfo\/wp-json\/wp\/v2\/tags?post=2586"}],"curies":[{"name":"wp","href":"https:\/\/api.w.org\/{rel}","templated":true}]}}